{"id":9435,"date":"2012-10-18T17:29:18","date_gmt":"2012-10-18T15:29:18","guid":{"rendered":"https:\/\/www.presspadapp.com\/blog\/w-przyszlym-roku-newsweek-przejdzie-na-technologie-cyfrowa\/"},"modified":"2025-03-24T14:30:25","modified_gmt":"2025-03-24T12:30:25","slug":"w-przyszlym-roku-newsweek-przejdzie-na-technologie-cyfrowa","status":"publish","type":"post","link":"https:\/\/presspad.pl\/blog\/w-przyszlym-roku-newsweek-przejdzie-na-technologie-cyfrowa\/","title":{"rendered":"W Przysz\u0142ym Roku Newsweek Przejdzie Na Technologi\u0119 Cyfrow\u0105"},"content":{"rendered":"<p>Bardzo interesuj\u0105ca decyzja Newsweeka:<\/p>\n<blockquote><p>Dzi\u015b rano informujemy o wa\u017cnych wydarzeniach w Newsweeku i The Daily Beast. Newsweek przejdzie na format ca\u0142kowicie cyfrowy na pocz\u0105tku 2013 roku. W ramach tej zmiany ostatnim wydaniem drukowanym w Stanach Zjednoczonych b\u0119dzie numer z 31 grudnia.<\/p><\/blockquote>\n<p>Newsweek zostanie przemianowany na Newsweek Global i b\u0119dzie publikowany za po\u015brednictwem The Daily Beast, w wi\u0119kszo\u015bci e-czytnik\u00f3w i system\u00f3w operacyjnych. Postrzegamy to jako bardzo wa\u017cny kamie\u0144 milowy w historii wydawniczej. Wierzymy, \u017ce Newsweek poradzi sobie dobrze, poniewa\u017c rok 2013 jest postrzegany jako rok zmian. To b\u0119dzie rok, w kt\u00f3rym wydawcy albo przenios\u0105 si\u0119 na platform\u0119 cyfrow\u0105, albo b\u0119d\u0105 zmuszeni do zamkni\u0119cia\/ograniczenia dzia\u0142alno\u015bci. Tak widzi to r\u00f3wnie\u017c Baba Shetty z The Daily Beast:<\/p>\n<blockquote><p>Wed\u0142ug opublikowanego w zesz\u0142ym miesi\u0105cu badania Pew Research Center, obecnie 39 procent Amerykan\u00f3w twierdzi, \u017ce czerpie wiadomo\u015bci ze \u017ar\u00f3de\u0142 internetowych. W naszej ocenie osi\u0105gn\u0119li\u015bmy punkt krytyczny, w kt\u00f3rym mo\u017cemy najwydajniej i najskuteczniej dociera\u0107 do naszych czytelnik\u00f3w w ca\u0142kowicie cyfrowym formacie. Jeszcze dwa lata temu tak nie by\u0142o. W nadchodz\u0105cych latach b\u0119dzie tak coraz cz\u0119\u015bciej.<\/p><\/blockquote>\n<p>Czytaj wi\u0119cej na <a rel=\"nofollow\" href=\"http:\/\/www.thedailybeast.com\/articles\/2012\/10\/18\/a-turn-of-the-page-for-newsweek.html\">The Daily Beast<\/a>.<\/p>\n","protected":false},"excerpt":{"rendered":"<p>Bardzo interesuj\u0105ca decyzja Newsweeka:<\/p>\n<p>Dzi\u015b rano informujemy o wa\u017cnych wydarzeniach w Newsweeku i The Daily Beast. Newsweek przejdzie na format ca\u0142kowicie cyfrowy na pocz\u0105tku 2013 roku. W ramach tej zmiany ostatnim wydaniem drukowanym w Stanach Zjednoczonych b\u0119dzie numer z 31 grudnia.<\/p>\n<p>Newsweek zostanie przemianowany na Newsweek Global i b\u0119dzie publikowany za po\u015brednictwem The Daily Beast, w wi\u0119kszo\u015bci e-czytnik\u00f3w i system\u00f3w operacyjnych. Postrzegamy to jako bardzo wa\u017cny kamie\u0144 milowy w historii wydawniczej. Wierzymy, \u017ce Newsweek poradzi sobie dobrze, poniewa\u017c rok 2013 jest postrzegany jako rok zmian. To b\u0119dzie rok, w kt\u00f3rym wydawcy albo przenios\u0105 si\u0119 na platform\u0119 cyfrow\u0105, albo b\u0119d\u0105 zmuszeni do zamkni\u0119cia\/ograniczenia dzia\u0142alno\u015bci. Tak widzi to r\u00f3wnie\u017c Baba Shetty z The Daily Beast:<\/p>\n<div class=\"more-link-wrapper\"><a class=\"more-link\" href=\"https:\/\/presspad.pl\/blog\/w-przyszlym-roku-newsweek-przejdzie-na-technologie-cyfrowa\/\">Kontynuuj czytanie<span class=\"screen-reader-text\">W Przysz\u0142ym Roku Newsweek Przejdzie Na Technologi\u0119 Cyfrow\u0105<\/span><\/a><\/div>\n","protected":false},"author":2,"featured_media":0,"comment_status":"open","ping_status":"open","sticky":false,"template":"","format":"standard","meta":{"rop_custom_images_group":[],"rop_custom_messages_group":[],"rop_publish_now":"initial","rop_publish_now_accounts":{"twitter_333942694_333942694":"","facebook_10225713837976523_125907484158583":""},"rop_publish_now_history":[],"rop_publish_now_status":"pending","_jetpack_newsletter_access":"","_jetpack_dont_email_post_to_subs":false,"_jetpack_newsletter_tier_id":0,"_jetpack_memberships_contains_paywalled_content":false,"_jetpack_memberships_contains_paid_content":false,"footnotes":""},"categories":[283,295],"tags":[],"class_list":["post-9435","post","type-post","status-publish","format-standard","hentry","category-nowosci-wydawnicze","category-publikowanie-magazynow-cyfrowych","entry"],"yoast_head":"<!-- This site is optimized with the Yoast SEO plugin v27.5 - https:\/\/yoast.com\/product\/yoast-seo-wordpress\/ -->\n<title>W Przysz\u0142ym Roku Newsweek Przejdzie Na Technologi\u0119 Cyfrow\u0105<\/title>\n<meta name=\"robots\" content=\"index, follow, max-snippet:-1, max-image-preview:large, max-video-preview:-1\" \/>\n<link rel=\"canonical\" href=\"https:\/\/presspad.pl\/blog\/w-przyszlym-roku-newsweek-przejdzie-na-technologie-cyfrowa\/\" \/>\n<meta property=\"og:locale\" content=\"pl_PL\" \/>\n<meta property=\"og:type\" content=\"article\" \/>\n<meta property=\"og:title\" content=\"W Przysz\u0142ym Roku Newsweek Przejdzie Na Technologi\u0119 Cyfrow\u0105\" \/>\n<meta property=\"og:description\" content=\"Bardzo interesuj\u0105ca decyzja Newsweeka:Dzi\u015b rano informujemy o wa\u017cnych wydarzeniach w Newsweeku i The Daily Beast. Newsweek przejdzie na format ca\u0142kowicie cyfrowy na pocz\u0105tku 2013 roku. W ramach tej zmiany ostatnim wydaniem drukowanym w Stanach Zjednoczonych b\u0119dzie numer z 31 grudnia.Newsweek zostanie przemianowany na Newsweek Global i b\u0119dzie publikowany za po\u015brednictwem The Daily Beast, w wi\u0119kszo\u015bci e-czytnik\u00f3w i system\u00f3w operacyjnych. Postrzegamy to jako bardzo wa\u017cny kamie\u0144 milowy w historii wydawniczej. Wierzymy, \u017ce Newsweek poradzi sobie dobrze, poniewa\u017c rok 2013 jest postrzegany jako rok zmian. To b\u0119dzie rok, w kt\u00f3rym wydawcy albo przenios\u0105 si\u0119 na platform\u0119 cyfrow\u0105, albo b\u0119d\u0105 zmuszeni do zamkni\u0119cia\/ograniczenia dzia\u0142alno\u015bci. Tak widzi to r\u00f3wnie\u017c Baba Shetty z The Daily Beast:\" \/>\n<meta property=\"og:url\" content=\"https:\/\/presspad.pl\/blog\/w-przyszlym-roku-newsweek-przejdzie-na-technologie-cyfrowa\/\" \/>\n<meta property=\"og:site_name\" content=\"Blog po\u015bwi\u0119cony publikacjom cyfrowym prowadzony przez PressPad\" \/>\n<meta property=\"article:publisher\" content=\"https:\/\/www.facebook.com\/presspad\" \/>\n<meta property=\"article:published_time\" content=\"2012-10-18T15:29:18+00:00\" \/>\n<meta property=\"article:modified_time\" content=\"2025-03-24T12:30:25+00:00\" \/>\n<meta name=\"author\" content=\"Paul\" \/>\n<meta name=\"twitter:card\" content=\"summary_large_image\" \/>\n<meta name=\"twitter:creator\" content=\"@presspadapp\" \/>\n<meta name=\"twitter:site\" content=\"@presspadapp\" \/>\n<meta name=\"twitter:label1\" content=\"Napisane przez\" \/>\n\t<meta name=\"twitter:data1\" content=\"Paul\" \/>\n\t<meta name=\"twitter:label2\" content=\"Szacowany czas czytania\" \/>\n\t<meta name=\"twitter:data2\" content=\"1 minuta\" \/>\n<script type=\"application\/ld+json\" class=\"yoast-schema-graph\">{\"@context\":\"https:\\\/\\\/schema.org\",\"@graph\":[{\"@type\":\"Article\",\"@id\":\"https:\\\/\\\/presspad.pl\\\/blog\\\/w-przyszlym-roku-newsweek-przejdzie-na-technologie-cyfrowa\\\/#article\",\"isPartOf\":{\"@id\":\"https:\\\/\\\/presspad.pl\\\/blog\\\/w-przyszlym-roku-newsweek-przejdzie-na-technologie-cyfrowa\\\/\"},\"author\":{\"name\":\"Paul\",\"@id\":\"https:\\\/\\\/presspad.pl\\\/blog\\\/#\\\/schema\\\/person\\\/e4c3d86867edc98d41398affad43db34\"},\"headline\":\"W Przysz\u0142ym Roku Newsweek Przejdzie Na Technologi\u0119 Cyfrow\u0105\",\"datePublished\":\"2012-10-18T15:29:18+00:00\",\"dateModified\":\"2025-03-24T12:30:25+00:00\",\"mainEntityOfPage\":{\"@id\":\"https:\\\/\\\/presspad.pl\\\/blog\\\/w-przyszlym-roku-newsweek-przejdzie-na-technologie-cyfrowa\\\/\"},\"wordCount\":216,\"commentCount\":0,\"publisher\":{\"@id\":\"https:\\\/\\\/presspad.pl\\\/blog\\\/#organization\"},\"articleSection\":[\"Nowo\u015bci wydawnicze\",\"publikowanie magazyn\u00f3w cyfrowych\"],\"inLanguage\":\"pl-PL\",\"potentialAction\":[{\"@type\":\"CommentAction\",\"name\":\"Comment\",\"target\":[\"https:\\\/\\\/presspad.pl\\\/blog\\\/w-przyszlym-roku-newsweek-przejdzie-na-technologie-cyfrowa\\\/#respond\"]}]},{\"@type\":\"WebPage\",\"@id\":\"https:\\\/\\\/presspad.pl\\\/blog\\\/w-przyszlym-roku-newsweek-przejdzie-na-technologie-cyfrowa\\\/\",\"url\":\"https:\\\/\\\/presspad.pl\\\/blog\\\/w-przyszlym-roku-newsweek-przejdzie-na-technologie-cyfrowa\\\/\",\"name\":\"W Przysz\u0142ym Roku Newsweek Przejdzie Na Technologi\u0119 Cyfrow\u0105\",\"isPartOf\":{\"@id\":\"https:\\\/\\\/presspad.pl\\\/blog\\\/#website\"},\"datePublished\":\"2012-10-18T15:29:18+00:00\",\"dateModified\":\"2025-03-24T12:30:25+00:00\",\"breadcrumb\":{\"@id\":\"https:\\\/\\\/presspad.pl\\\/blog\\\/w-przyszlym-roku-newsweek-przejdzie-na-technologie-cyfrowa\\\/#breadcrumb\"},\"inLanguage\":\"pl-PL\",\"potentialAction\":[{\"@type\":\"ReadAction\",\"target\":[\"https:\\\/\\\/presspad.pl\\\/blog\\\/w-przyszlym-roku-newsweek-przejdzie-na-technologie-cyfrowa\\\/\"]}]},{\"@type\":\"BreadcrumbList\",\"@id\":\"https:\\\/\\\/presspad.pl\\\/blog\\\/w-przyszlym-roku-newsweek-przejdzie-na-technologie-cyfrowa\\\/#breadcrumb\",\"itemListElement\":[{\"@type\":\"ListItem\",\"position\":1,\"name\":\"Strona g\u0142\u00f3wna\",\"item\":\"https:\\\/\\\/presspad.pl\\\/blog\\\/\"},{\"@type\":\"ListItem\",\"position\":2,\"name\":\"Nowo\u015bci wydawnicze\",\"item\":\"https:\\\/\\\/presspad.pl\\\/blog\\\/category\\\/nowosci-wydawnicze\\\/\"},{\"@type\":\"ListItem\",\"position\":3,\"name\":\"W Przysz\u0142ym Roku Newsweek Przejdzie Na Technologi\u0119 Cyfrow\u0105\"}]},{\"@type\":\"WebSite\",\"@id\":\"https:\\\/\\\/presspad.pl\\\/blog\\\/#website\",\"url\":\"https:\\\/\\\/presspad.pl\\\/blog\\\/\",\"name\":\"Blog po\u015bwi\u0119cony publikacjom cyfrowym prowadzony przez PressPad\",\"description\":\"Blog o publikacjach cyfrowych; Aplikacje dla czasopism i porady marketingowe PressPad\",\"publisher\":{\"@id\":\"https:\\\/\\\/presspad.pl\\\/blog\\\/#organization\"},\"potentialAction\":[{\"@type\":\"SearchAction\",\"target\":{\"@type\":\"EntryPoint\",\"urlTemplate\":\"https:\\\/\\\/presspad.pl\\\/blog\\\/?s={search_term_string}\"},\"query-input\":{\"@type\":\"PropertyValueSpecification\",\"valueRequired\":true,\"valueName\":\"search_term_string\"}}],\"inLanguage\":\"pl-PL\"},{\"@type\":\"Organization\",\"@id\":\"https:\\\/\\\/presspad.pl\\\/blog\\\/#organization\",\"name\":\"PressPad\",\"url\":\"https:\\\/\\\/presspad.pl\\\/blog\\\/\",\"logo\":{\"@type\":\"ImageObject\",\"inLanguage\":\"pl-PL\",\"@id\":\"https:\\\/\\\/presspad.pl\\\/blog\\\/#\\\/schema\\\/logo\\\/image\\\/\",\"url\":\"https:\\\/\\\/i0.wp.com\\\/presspad.pl\\\/blog\\\/wp-content\\\/uploads\\\/2013\\\/10\\\/PressPad_LOGO_main_horizontal_gradient.png?fit=800%2C300&ssl=1\",\"contentUrl\":\"https:\\\/\\\/i0.wp.com\\\/presspad.pl\\\/blog\\\/wp-content\\\/uploads\\\/2013\\\/10\\\/PressPad_LOGO_main_horizontal_gradient.png?fit=800%2C300&ssl=1\",\"width\":800,\"height\":300,\"caption\":\"PressPad\"},\"image\":{\"@id\":\"https:\\\/\\\/presspad.pl\\\/blog\\\/#\\\/schema\\\/logo\\\/image\\\/\"},\"sameAs\":[\"https:\\\/\\\/www.facebook.com\\\/presspad\",\"https:\\\/\\\/x.com\\\/presspadapp\",\"https:\\\/\\\/www.instagram.com\\\/presspadapp\\\/\",\"https:\\\/\\\/www.linkedin.com\\\/company\\\/2033158\",\"https:\\\/\\\/www.pinterest.com\\\/presspad\\\/\",\"https:\\\/\\\/www.youtube.com\\\/user\\\/presspad\"]},{\"@type\":\"Person\",\"@id\":\"https:\\\/\\\/presspad.pl\\\/blog\\\/#\\\/schema\\\/person\\\/e4c3d86867edc98d41398affad43db34\",\"name\":\"Paul\",\"image\":{\"@type\":\"ImageObject\",\"inLanguage\":\"pl-PL\",\"@id\":\"https:\\\/\\\/secure.gravatar.com\\\/avatar\\\/d9b9545d505c48289885ec35f9d3e9354eb3111301822e54e7554e4cc3e780e4?s=96&r=g\",\"url\":\"https:\\\/\\\/secure.gravatar.com\\\/avatar\\\/d9b9545d505c48289885ec35f9d3e9354eb3111301822e54e7554e4cc3e780e4?s=96&r=g\",\"contentUrl\":\"https:\\\/\\\/secure.gravatar.com\\\/avatar\\\/d9b9545d505c48289885ec35f9d3e9354eb3111301822e54e7554e4cc3e780e4?s=96&r=g\",\"caption\":\"Paul\"},\"description\":\"Co-founder of PressPad\",\"sameAs\":[\"http:\\\/\\\/www.presspadapp.com\"],\"url\":\"https:\\\/\\\/presspad.pl\\\/blog\\\/author\\\/paulpresspadapp-com\\\/\"}]}<\/script>\n<!-- \/ Yoast SEO plugin. -->","yoast_head_json":{"title":"W Przysz\u0142ym Roku Newsweek Przejdzie Na Technologi\u0119 Cyfrow\u0105","robots":{"index":"index","follow":"follow","max-snippet":"max-snippet:-1","max-image-preview":"max-image-preview:large","max-video-preview":"max-video-preview:-1"},"canonical":"https:\/\/presspad.pl\/blog\/w-przyszlym-roku-newsweek-przejdzie-na-technologie-cyfrowa\/","og_locale":"pl_PL","og_type":"article","og_title":"W Przysz\u0142ym Roku Newsweek Przejdzie Na Technologi\u0119 Cyfrow\u0105","og_description":"Bardzo interesuj\u0105ca decyzja Newsweeka:Dzi\u015b rano informujemy o wa\u017cnych wydarzeniach w Newsweeku i The Daily Beast. Newsweek przejdzie na format ca\u0142kowicie cyfrowy na pocz\u0105tku 2013 roku. W ramach tej zmiany ostatnim wydaniem drukowanym w Stanach Zjednoczonych b\u0119dzie numer z 31 grudnia.Newsweek zostanie przemianowany na Newsweek Global i b\u0119dzie publikowany za po\u015brednictwem The Daily Beast, w wi\u0119kszo\u015bci e-czytnik\u00f3w i system\u00f3w operacyjnych. Postrzegamy to jako bardzo wa\u017cny kamie\u0144 milowy w historii wydawniczej. Wierzymy, \u017ce Newsweek poradzi sobie dobrze, poniewa\u017c rok 2013 jest postrzegany jako rok zmian. To b\u0119dzie rok, w kt\u00f3rym wydawcy albo przenios\u0105 si\u0119 na platform\u0119 cyfrow\u0105, albo b\u0119d\u0105 zmuszeni do zamkni\u0119cia\/ograniczenia dzia\u0142alno\u015bci. Tak widzi to r\u00f3wnie\u017c Baba Shetty z The Daily Beast:","og_url":"https:\/\/presspad.pl\/blog\/w-przyszlym-roku-newsweek-przejdzie-na-technologie-cyfrowa\/","og_site_name":"Blog po\u015bwi\u0119cony publikacjom cyfrowym prowadzony przez PressPad","article_publisher":"https:\/\/www.facebook.com\/presspad","article_published_time":"2012-10-18T15:29:18+00:00","article_modified_time":"2025-03-24T12:30:25+00:00","author":"Paul","twitter_card":"summary_large_image","twitter_creator":"@presspadapp","twitter_site":"@presspadapp","twitter_misc":{"Napisane przez":"Paul","Szacowany czas czytania":"1 minuta"},"schema":{"@context":"https:\/\/schema.org","@graph":[{"@type":"Article","@id":"https:\/\/presspad.pl\/blog\/w-przyszlym-roku-newsweek-przejdzie-na-technologie-cyfrowa\/#article","isPartOf":{"@id":"https:\/\/presspad.pl\/blog\/w-przyszlym-roku-newsweek-przejdzie-na-technologie-cyfrowa\/"},"author":{"name":"Paul","@id":"https:\/\/presspad.pl\/blog\/#\/schema\/person\/e4c3d86867edc98d41398affad43db34"},"headline":"W Przysz\u0142ym Roku Newsweek Przejdzie Na Technologi\u0119 Cyfrow\u0105","datePublished":"2012-10-18T15:29:18+00:00","dateModified":"2025-03-24T12:30:25+00:00","mainEntityOfPage":{"@id":"https:\/\/presspad.pl\/blog\/w-przyszlym-roku-newsweek-przejdzie-na-technologie-cyfrowa\/"},"wordCount":216,"commentCount":0,"publisher":{"@id":"https:\/\/presspad.pl\/blog\/#organization"},"articleSection":["Nowo\u015bci wydawnicze","publikowanie magazyn\u00f3w cyfrowych"],"inLanguage":"pl-PL","potentialAction":[{"@type":"CommentAction","name":"Comment","target":["https:\/\/presspad.pl\/blog\/w-przyszlym-roku-newsweek-przejdzie-na-technologie-cyfrowa\/#respond"]}]},{"@type":"WebPage","@id":"https:\/\/presspad.pl\/blog\/w-przyszlym-roku-newsweek-przejdzie-na-technologie-cyfrowa\/","url":"https:\/\/presspad.pl\/blog\/w-przyszlym-roku-newsweek-przejdzie-na-technologie-cyfrowa\/","name":"W Przysz\u0142ym Roku Newsweek Przejdzie Na Technologi\u0119 Cyfrow\u0105","isPartOf":{"@id":"https:\/\/presspad.pl\/blog\/#website"},"datePublished":"2012-10-18T15:29:18+00:00","dateModified":"2025-03-24T12:30:25+00:00","breadcrumb":{"@id":"https:\/\/presspad.pl\/blog\/w-przyszlym-roku-newsweek-przejdzie-na-technologie-cyfrowa\/#breadcrumb"},"inLanguage":"pl-PL","potentialAction":[{"@type":"ReadAction","target":["https:\/\/presspad.pl\/blog\/w-przyszlym-roku-newsweek-przejdzie-na-technologie-cyfrowa\/"]}]},{"@type":"BreadcrumbList","@id":"https:\/\/presspad.pl\/blog\/w-przyszlym-roku-newsweek-przejdzie-na-technologie-cyfrowa\/#breadcrumb","itemListElement":[{"@type":"ListItem","position":1,"name":"Strona g\u0142\u00f3wna","item":"https:\/\/presspad.pl\/blog\/"},{"@type":"ListItem","position":2,"name":"Nowo\u015bci wydawnicze","item":"https:\/\/presspad.pl\/blog\/category\/nowosci-wydawnicze\/"},{"@type":"ListItem","position":3,"name":"W Przysz\u0142ym Roku Newsweek Przejdzie Na Technologi\u0119 Cyfrow\u0105"}]},{"@type":"WebSite","@id":"https:\/\/presspad.pl\/blog\/#website","url":"https:\/\/presspad.pl\/blog\/","name":"Blog po\u015bwi\u0119cony publikacjom cyfrowym prowadzony przez PressPad","description":"Blog o publikacjach cyfrowych; Aplikacje dla czasopism i porady marketingowe PressPad","publisher":{"@id":"https:\/\/presspad.pl\/blog\/#organization"},"potentialAction":[{"@type":"SearchAction","target":{"@type":"EntryPoint","urlTemplate":"https:\/\/presspad.pl\/blog\/?s={search_term_string}"},"query-input":{"@type":"PropertyValueSpecification","valueRequired":true,"valueName":"search_term_string"}}],"inLanguage":"pl-PL"},{"@type":"Organization","@id":"https:\/\/presspad.pl\/blog\/#organization","name":"PressPad","url":"https:\/\/presspad.pl\/blog\/","logo":{"@type":"ImageObject","inLanguage":"pl-PL","@id":"https:\/\/presspad.pl\/blog\/#\/schema\/logo\/image\/","url":"https:\/\/i0.wp.com\/presspad.pl\/blog\/wp-content\/uploads\/2013\/10\/PressPad_LOGO_main_horizontal_gradient.png?fit=800%2C300&ssl=1","contentUrl":"https:\/\/i0.wp.com\/presspad.pl\/blog\/wp-content\/uploads\/2013\/10\/PressPad_LOGO_main_horizontal_gradient.png?fit=800%2C300&ssl=1","width":800,"height":300,"caption":"PressPad"},"image":{"@id":"https:\/\/presspad.pl\/blog\/#\/schema\/logo\/image\/"},"sameAs":["https:\/\/www.facebook.com\/presspad","https:\/\/x.com\/presspadapp","https:\/\/www.instagram.com\/presspadapp\/","https:\/\/www.linkedin.com\/company\/2033158","https:\/\/www.pinterest.com\/presspad\/","https:\/\/www.youtube.com\/user\/presspad"]},{"@type":"Person","@id":"https:\/\/presspad.pl\/blog\/#\/schema\/person\/e4c3d86867edc98d41398affad43db34","name":"Paul","image":{"@type":"ImageObject","inLanguage":"pl-PL","@id":"https:\/\/secure.gravatar.com\/avatar\/d9b9545d505c48289885ec35f9d3e9354eb3111301822e54e7554e4cc3e780e4?s=96&r=g","url":"https:\/\/secure.gravatar.com\/avatar\/d9b9545d505c48289885ec35f9d3e9354eb3111301822e54e7554e4cc3e780e4?s=96&r=g","contentUrl":"https:\/\/secure.gravatar.com\/avatar\/d9b9545d505c48289885ec35f9d3e9354eb3111301822e54e7554e4cc3e780e4?s=96&r=g","caption":"Paul"},"description":"Co-founder of PressPad","sameAs":["http:\/\/www.presspadapp.com"],"url":"https:\/\/presspad.pl\/blog\/author\/paulpresspadapp-com\/"}]}},"jetpack_featured_media_url":"","jetpack_sharing_enabled":true,"jetpack_shortlink":"https:\/\/wp.me\/pbs6e8-2sb","jetpack-related-posts":[{"id":9495,"url":"https:\/\/presspad.pl\/blog\/the-daily-konczy-dzialalnosc-nie-byloby-gdyby-zaczelo-sie-w-2012-r\/","url_meta":{"origin":9435,"position":0},"title":"The Daily Ko\u0144czy Dzia\u0142alno\u015b\u0107. Nie By\u0142oby, Gdyby Zacz\u0119\u0142o Si\u0119 W 2012 R.","author":"Paul","date":"3 grudnia, 2012","format":false,"excerpt":"Dzisiejszy dzie\u0144 jest kamieniem milowym w bran\u017cy wydawniczej. Newscorp's The Daily ko\u0144czy dzia\u0142alno\u015b\u0107. Nate Hoffelder z The Digital Reader: Daily wystartowa\u0142o na pocz\u0105tku 2011 roku po\u015br\u00f3d wielu fanfar, szumu i masowej kampanii reklamowej. Na pocz\u0105tku 2012 roku firma rozszerzy\u0142a swoj\u0105 dzia\u0142alno\u015b\u0107 poza iPada, wprowadzaj\u0105c nowe aplikacje na Androida, ale najwyra\u017aniej\u2026","rel":"","context":"W &quot;Nowo\u015bci wydawnicze&quot;","block_context":{"text":"Nowo\u015bci wydawnicze","link":"https:\/\/presspad.pl\/blog\/category\/nowosci-wydawnicze\/"},"img":{"alt_text":"","src":"","width":0,"height":0},"classes":[]},{"id":9625,"url":"https:\/\/presspad.pl\/blog\/nadchodzi-specjalny-czas-dla-wydawcow-i-presspada\/","url_meta":{"origin":9435,"position":1},"title":"Nadchodzi Specjalny Czas Dla Wydawc\u00f3w I PressPada","author":"Paulina Kubala-Chuchnowska","date":"15 grudnia, 2020","format":false,"excerpt":"Mijaj\u0105cy rok wraz z globaln\u0105 pandemi\u0105 i \u015bwiatow\u0105 blokad\u0105 zmusi\u0142 wydawc\u00f3w do podj\u0119cia odwa\u017cnych krok\u00f3w w prowadzeniu dzia\u0142alno\u015bci, aby utrzyma\u0107 si\u0119 na powierzchni. By\u0142y to przede wszystkim radykalne przyspieszenie przej\u015bcia z druku na cyfrow\u0105 dystrybucj\u0119 wszelkiego rodzaju publikacji oraz przekierowanie dzia\u0142a\u0144 monetyzacyjnych z reklam na model subskrypcyjny. Obie te transformacje\u2026","rel":"","context":"W &quot;Historia PressPada&quot;","block_context":{"text":"Historia PressPada","link":"https:\/\/presspad.pl\/blog\/category\/historia-presspada\/"},"img":{"alt_text":"","src":"https:\/\/i0.wp.com\/presspad.pl\/blog\/wp-content\/uploads\/presspad-anniversary-2021.jpg?fit=1200%2C662&ssl=1&resize=350%2C200","width":350,"height":200,"srcset":"https:\/\/i0.wp.com\/presspad.pl\/blog\/wp-content\/uploads\/presspad-anniversary-2021.jpg?fit=1200%2C662&ssl=1&resize=350%2C200 1x, https:\/\/i0.wp.com\/presspad.pl\/blog\/wp-content\/uploads\/presspad-anniversary-2021.jpg?fit=1200%2C662&ssl=1&resize=525%2C300 1.5x, https:\/\/i0.wp.com\/presspad.pl\/blog\/wp-content\/uploads\/presspad-anniversary-2021.jpg?fit=1200%2C662&ssl=1&resize=700%2C400 2x, https:\/\/i0.wp.com\/presspad.pl\/blog\/wp-content\/uploads\/presspad-anniversary-2021.jpg?fit=1200%2C662&ssl=1&resize=1050%2C600 3x"},"classes":[]},{"id":9497,"url":"https:\/\/presspad.pl\/blog\/2014-rok-w-ktorym-mozna-sprzedac-wiecej-wydan-cyfrowych-niz-papierowych\/","url_meta":{"origin":9435,"position":2},"title":"2014: Rok, W Kt\u00f3rym Mo\u017cna Sprzeda\u0107 Wi\u0119cej Wyda\u0144 Cyfrowych Ni\u017c Papierowych","author":"Wojtek Szywalski","date":"19 grudnia, 2013","format":false,"excerpt":"To by\u0142 niesamowity rok nie tylko dla PressPad, ale tak\u017ce dla naszych wydawc\u00f3w. Ten artyku\u0142 pozwala zerkn\u0105\u0107 w przysz\u0142o\u015b\u0107, podnosz\u0105c kurtyn\u0119 na temat tego, co wydarzy si\u0119 w przysz\u0142ym roku i jak to zmaksymalizowa\u0107. W mijaj\u0105cym 2013 roku zmienili\u015bmy nasz model biznesowy i tym samym wykonali\u015bmy milowy krok w kierunku\u2026","rel":"","context":"W &quot;Marketing aplikacji&quot;","block_context":{"text":"Marketing aplikacji","link":"https:\/\/presspad.pl\/blog\/category\/marketing-aplikacji\/"},"img":{"alt_text":"","src":"https:\/\/i0.wp.com\/presspad.pl\/blog\/wp-content\/uploads\/2013\/12\/2014-the-year-when-you-can-sell-more-digital-issues-than-the-paper-ones-poweredby-PressPad.png?fit=625%2C404&ssl=1&resize=350%2C200","width":350,"height":200,"srcset":"https:\/\/i0.wp.com\/presspad.pl\/blog\/wp-content\/uploads\/2013\/12\/2014-the-year-when-you-can-sell-more-digital-issues-than-the-paper-ones-poweredby-PressPad.png?fit=625%2C404&ssl=1&resize=350%2C200 1x, https:\/\/i0.wp.com\/presspad.pl\/blog\/wp-content\/uploads\/2013\/12\/2014-the-year-when-you-can-sell-more-digital-issues-than-the-paper-ones-poweredby-PressPad.png?fit=625%2C404&ssl=1&resize=525%2C300 1.5x"},"classes":[]},{"id":9549,"url":"https:\/\/presspad.pl\/blog\/krajobraz-publikacji-cyfrowych-w-2015-r\/","url_meta":{"origin":9435,"position":3},"title":"Krajobraz Publikacji Cyfrowych W 2015 R.","author":"Wojtek Szywalski","date":"30 grudnia, 2014","format":false,"excerpt":"Rok 2014 by\u0142 jak dot\u0105d najlepszym rokiem dla PressPad. Powi\u0119kszyli\u015bmy nasz\u0105 baz\u0119 wydawc\u00f3w i rozwin\u0119li\u015bmy oprogramowanie PressPad o nowe funkcje, takie jak obs\u0142uga multimedi\u00f3w i kompatybilno\u015b\u0107 z iBeacons. W czerwcu rozszerzyli\u015bmy nasz\u0105 dzia\u0142alno\u015b\u0107 na Japoni\u0119, a nasze aplikacje osi\u0105gn\u0119\u0142y \u0142\u0105cznie milion instalacji. Jeste\u015bmy przekonani, \u017ce nowy rok przyniesie wiele zmian\u2026","rel":"","context":"W &quot;Mobile Publishing 101&quot;","block_context":{"text":"Mobile Publishing 101","link":"https:\/\/presspad.pl\/blog\/category\/mobile-publishing-101-pl-2\/"},"img":{"alt_text":"","src":"https:\/\/i0.wp.com\/presspad.pl\/blog\/wp-content\/uploads\/2014\/12\/digital-publishing-landscape-2015.png?fit=700%2C447&ssl=1&resize=350%2C200","width":350,"height":200,"srcset":"https:\/\/i0.wp.com\/presspad.pl\/blog\/wp-content\/uploads\/2014\/12\/digital-publishing-landscape-2015.png?fit=700%2C447&ssl=1&resize=350%2C200 1x, https:\/\/i0.wp.com\/presspad.pl\/blog\/wp-content\/uploads\/2014\/12\/digital-publishing-landscape-2015.png?fit=700%2C447&ssl=1&resize=525%2C300 1.5x, https:\/\/i0.wp.com\/presspad.pl\/blog\/wp-content\/uploads\/2014\/12\/digital-publishing-landscape-2015.png?fit=700%2C447&ssl=1&resize=700%2C400 2x"},"classes":[]},{"id":9610,"url":"https:\/\/presspad.pl\/blog\/dlaczego-konwersja-magazynu-drukowanego-na-publikacje-cyfrowa-jest-koniecznoscia-w-2023-roku\/","url_meta":{"origin":9435,"position":4},"title":"Dlaczego Konwersja Magazynu Drukowanego Na Publikacj\u0119 Cyfrow\u0105 Jest Konieczno\u015bci\u0105 W 2023 Roku?","author":"Paulina Kubala-Chuchnowska","date":"25 maja, 2023","format":false,"excerpt":"Zatrzymaj si\u0119 na chwil\u0119. Przyjrzyj si\u0119 uwa\u017cnie ludziom wok\u00f3\u0142 ciebie: znudzonym podczas dojazd\u00f3w do pracy, zirytowanym w d\u0142ugich kolejkach w sklepach, zrelaksowanym na \u0142awkach w parkach w s\u0142oneczne dni. Czy kto\u015b czyta papierow\u0105 publikacj\u0119? Je\u015bli tak, to ile os\u00f3b to robi? Dla por\u00f3wnania - ile os\u00f3b wpatruje si\u0119 w swoje\u2026","rel":"","context":"W &quot;publikowanie magazyn\u00f3w cyfrowych&quot;","block_context":{"text":"publikowanie magazyn\u00f3w cyfrowych","link":"https:\/\/presspad.pl\/blog\/category\/publikowanie-magazynow-cyfrowych\/"},"img":{"alt_text":"","src":"https:\/\/i0.wp.com\/presspad.pl\/blog\/wp-content\/uploads\/digital_publication-1.jpeg?fit=1012%2C558&ssl=1&resize=350%2C200","width":350,"height":200,"srcset":"https:\/\/i0.wp.com\/presspad.pl\/blog\/wp-content\/uploads\/digital_publication-1.jpeg?fit=1012%2C558&ssl=1&resize=350%2C200 1x, https:\/\/i0.wp.com\/presspad.pl\/blog\/wp-content\/uploads\/digital_publication-1.jpeg?fit=1012%2C558&ssl=1&resize=525%2C300 1.5x, https:\/\/i0.wp.com\/presspad.pl\/blog\/wp-content\/uploads\/digital_publication-1.jpeg?fit=1012%2C558&ssl=1&resize=700%2C400 2x"},"classes":[]},{"id":9592,"url":"https:\/\/presspad.pl\/blog\/6-trendow-w-publikowaniu-cyfrowym-na-2021-rok\/","url_meta":{"origin":9435,"position":5},"title":"6 Trend\u00f3w W Publikowaniu Cyfrowym Na 2021 Rok","author":"Paulina Kubala-Chuchnowska","date":"11 lutego, 2020","format":false,"excerpt":"Istniej\u0105 dwa g\u0142\u00f3wne czynniki, kt\u00f3re maj\u0105 wp\u0142yw na rozw\u00f3j cyfrowych trend\u00f3w wydawniczych: tempo wprowadzania ulepsze\u0144 technologicznych oraz czas, w jakim czytelnicy je przyswajaj\u0105. W obu tych aspektach mo\u017cemy dzi\u015b m\u00f3wi\u0107 o du\u017cej szybko\u015bci. Dla wydawc\u00f3w bycie na bie\u017c\u0105co z aktualnymi trendami to szansa na ulepszenie strategii zwi\u0105zanych z monetyzacj\u0105, dystrybucj\u0105\u2026","rel":"","context":"W &quot;Publikacja cyfrowa&quot;","block_context":{"text":"Publikacja cyfrowa","link":"https:\/\/presspad.pl\/blog\/category\/publikacja-cyfrowa\/"},"img":{"alt_text":"","src":"https:\/\/i0.wp.com\/presspad.pl\/blog\/wp-content\/uploads\/digital-publishing-trends-1.jpeg?fit=1200%2C800&ssl=1&resize=350%2C200","width":350,"height":200,"srcset":"https:\/\/i0.wp.com\/presspad.pl\/blog\/wp-content\/uploads\/digital-publishing-trends-1.jpeg?fit=1200%2C800&ssl=1&resize=350%2C200 1x, https:\/\/i0.wp.com\/presspad.pl\/blog\/wp-content\/uploads\/digital-publishing-trends-1.jpeg?fit=1200%2C800&ssl=1&resize=525%2C300 1.5x, https:\/\/i0.wp.com\/presspad.pl\/blog\/wp-content\/uploads\/digital-publishing-trends-1.jpeg?fit=1200%2C800&ssl=1&resize=700%2C400 2x, https:\/\/i0.wp.com\/presspad.pl\/blog\/wp-content\/uploads\/digital-publishing-trends-1.jpeg?fit=1200%2C800&ssl=1&resize=1050%2C600 3x"},"classes":[]}],"amp_enabled":true,"_links":{"self":[{"href":"https:\/\/presspad.pl\/blog\/wp-json\/wp\/v2\/posts\/9435","targetHints":{"allow":["GET"]}}],"collection":[{"href":"https:\/\/presspad.pl\/blog\/wp-json\/wp\/v2\/posts"}],"about":[{"href":"https:\/\/presspad.pl\/blog\/wp-json\/wp\/v2\/types\/post"}],"author":[{"embeddable":true,"href":"https:\/\/presspad.pl\/blog\/wp-json\/wp\/v2\/users\/2"}],"replies":[{"embeddable":true,"href":"https:\/\/presspad.pl\/blog\/wp-json\/wp\/v2\/comments?post=9435"}],"version-history":[{"count":1,"href":"https:\/\/presspad.pl\/blog\/wp-json\/wp\/v2\/posts\/9435\/revisions"}],"predecessor-version":[{"id":9852,"href":"https:\/\/presspad.pl\/blog\/wp-json\/wp\/v2\/posts\/9435\/revisions\/9852"}],"wp:attachment":[{"href":"https:\/\/presspad.pl\/blog\/wp-json\/wp\/v2\/media?parent=9435"}],"wp:term":[{"taxonomy":"category","embeddable":true,"href":"https:\/\/presspad.pl\/blog\/wp-json\/wp\/v2\/categories?post=9435"},{"taxonomy":"post_tag","embeddable":true,"href":"https:\/\/presspad.pl\/blog\/wp-json\/wp\/v2\/tags?post=9435"}],"curies":[{"name":"wp","href":"https:\/\/api.w.org\/{rel}","templated":true}]}}