{"id":9464,"date":"2013-09-24T11:07:18","date_gmt":"2013-09-24T09:07:18","guid":{"rendered":"https:\/\/www.presspadapp.com\/blog\/twoj-ipad-magazine-moze-wygladac-tak-na-apple-ios7\/"},"modified":"2025-03-24T14:30:17","modified_gmt":"2025-03-24T12:30:17","slug":"twoj-ipad-magazine-moze-wygladac-tak-na-apple-ios7","status":"publish","type":"post","link":"https:\/\/presspad.pl\/blog\/twoj-ipad-magazine-moze-wygladac-tak-na-apple-ios7\/","title":{"rendered":"Tw\u00f3j iPad Magazine Mo\u017ce Wygl\u0105da\u0107 Tak Na Apple IOS7"},"content":{"rendered":"<h2>Kiedy Apple wprowadzi\u0142o nowy mobilny system operacyjny iOS7, nasz zesp\u00f3\u0142 w\u0142a\u015bnie zako\u0144czy\u0142 prac\u0119 nad now\u0105 wersj\u0105 mobilnej aplikacji magazynowej. Aplikacja PressPad umo\u017cliwia subskrybentom pobieranie i czytanie cyfrowych magazyn\u00f3w publikowanych przez naszych redaktor\u00f3w. W tym artykule ujawniamy wygl\u0105d naszej nowej aplikacji mobilnej zoptymalizowanej dla iOS7.  <\/h2>\n<p>Apple udost\u0119pni\u0142o sw\u00f3j nowy, innowacyjny system operacyjny iOS7, wprowadzaj\u0105c wiele ciekawych funkcji, takich jak Centrum Sterowania, AirDrop dla iOS czy inteligentniejsza wielozadaniowo\u015b\u0107. Jednak to, co najbardziej przykuwa uwag\u0119, to zupe\u0142nie nowy, pi\u0119kny interfejs u\u017cytkownika z ikonami zaprojektowanymi w stylu flat design i nawi\u0105zuj\u0105cymi do aktualnych trend\u00f3w kolorystycznych.   <strong>Nowy system mobilny Apple zapewnia zupe\u0142nie nowe wra\u017cenia u\u017cytkownika, lepsze ni\u017c kiedykolwiek.<\/strong><!--more--><\/p>\n<p>Zgodnie z kierunkiem wyznaczonym przez Apple, testujemy w PressPadzie now\u0105 wersj\u0119 naszej aplikacji mobilnej, kt\u00f3ra jest kompatybilna z interfejsem iOS7. Ju\u017c teraz mo\u017cemy pochwali\u0107 si\u0119 jej wygl\u0105dem, kt\u00f3ry dobrze komponuje si\u0119 z nowym systemem od Apple. Dzi\u0119ki temu czytanie publikacji na iPadzie b\u0119dzie jeszcze przyjemniejsze.  <\/p>\n<p><a title=\"PressPad\" href=\"http:\/\/www.presspadapp.com\/\"><img data-recalc-dims=\"1\" loading=\"lazy\" decoding=\"async\" class=\"aligncenter size-large wp-image-733\" src=\"https:\/\/i0.wp.com\/www.presspadapp.com\/blog\/wp-content\/uploads\/2013\/09\/PressPad-iOS7-your-beautiful-digital-magazine-in-the-app-store-for-free-787x1024.png?resize=625%2C813&#038;ssl=1\" alt=\"PressPad na iOS7 - ju\u017c wkr\u00f3tce\" width=\"625\" height=\"813\" srcset=\"https:\/\/i0.wp.com\/presspad.pl\/blog\/wp-content\/uploads\/2013\/09\/PressPad-iOS7-your-beautiful-digital-magazine-in-the-app-store-for-free.png?resize=787%2C1024&amp;ssl=1 787w, https:\/\/i0.wp.com\/presspad.pl\/blog\/wp-content\/uploads\/2013\/09\/PressPad-iOS7-your-beautiful-digital-magazine-in-the-app-store-for-free.png?resize=230%2C300&amp;ssl=1 230w, https:\/\/i0.wp.com\/presspad.pl\/blog\/wp-content\/uploads\/2013\/09\/PressPad-iOS7-your-beautiful-digital-magazine-in-the-app-store-for-free.png?resize=624%2C811&amp;ssl=1 624w, https:\/\/i0.wp.com\/presspad.pl\/blog\/wp-content\/uploads\/2013\/09\/PressPad-iOS7-your-beautiful-digital-magazine-in-the-app-store-for-free.png?w=1914&amp;ssl=1 1914w\" sizes=\"auto, (max-width: 625px) 100vw, 625px\" \/><\/a><\/p>\n<p>Nowa aplikacja PressPad to tak\u017ce zupe\u0142nie nowe mo\u017cliwo\u015bci promocyjne dla naszych klient\u00f3w. Teraz, dzi\u0119ki <strong>mo\u017cliwo\u015bci udost\u0119pniania ok\u0142adek magazyn\u00f3w w mediach spo\u0142eczno\u015bciowych<\/strong>, prenumeratorzy sami promuj\u0105 dost\u0119pne tytu\u0142y od Wydawcy, dziel\u0105c si\u0119 pi\u0119knymi grafikami w gronie znajomych. <\/p>\n<h2>Cz\u0119sto zadawane pytania (FAQ):<\/h2>\n<h3>P: Czy obecna wersja aplikacji PressPad jest obs\u0142ugiwana w systemie iOS7?<\/h3>\n<p>O: Tak, obecna wersja aplikacji PressPad jest obs\u0142ugiwana w nowym systemie iOS7. Nowa wersja b\u0119dzie dost\u0119pna wkr\u00f3tce. Wszyscy nasi wydawcy zostan\u0105 o tym poinformowani.  <\/p>\n<h3>P: Czy subskrybenci mojego magazynu musz\u0105 zainstalowa\u0107 PressPad jeszcze raz po instalacji iOS7?<\/h3>\n<p>O: <strong>Nie, nie jest to konieczne.<\/strong> Subskrybenci mog\u0105 korzysta\u0107 z aktualnej (starej) wersji aplikacji PressPad. Jednak po wydaniu nowej wersji sugerujemy wys\u0142anie <a title=\"PressPad Push Notifications - Informacje\" href=\"https:\/\/www.presspadapp.com\/blog\/mobile-publishing-101-jaki-jest-wplyw-powiadomien-push-na-sprzedaz\/?lang=pl\">powiadomienia Push<\/a> do subskrybent\u00f3w z informacj\u0105, \u017ce nowa wersja aplikacji jest gotowa do pobrania. <\/p>\n<h3>P: Dlaczego wi\u0119c przywi\u0105zujesz tak du\u017c\u0105 wag\u0119 do szczeg\u00f3\u0142\u00f3w w nowym wygl\u0105dzie iOS7?<\/h3>\n<p>O: W PressPad jeste\u015bmy \u015bwiadomi, \u017ce do\u015bwiadczenie u\u017cytkownika jest tak samo wa\u017cne jak funkcjonalno\u015b\u0107 aplikacji. Do\u015bwiadczenie u\u017cytkownika aplikacji powinno by\u0107 kompatybilne i powinno spe\u0142nia\u0107 do\u015bwiadczenie oferowane przez system operacyjny urz\u0105dzenia w taki spos\u00f3b, aby czytanie czasopism by\u0142o wyj\u0105tkowym do\u015bwiadczeniem. <\/p>\n<h3>P: Dlaczego mia\u0142bym instalowa\u0107 now\u0105 wersj\u0119 PressPada na iOS7, skoro obecna wersja dzia\u0142a dobrze?<\/h3>\n<p>O: Nowy interfejs aplikacji PressPad wsp\u00f3\u0142dzia\u0142a z interfejsem nowego systemu mobilnego dla urz\u0105dze\u0144 mobilnych Apple. Nasz nowy kod aplikacji zosta\u0142 r\u00f3wnie\u017c<strong> zoptymalizowany pod k\u0105tem systemu iOS7<\/strong>, aby zapewni\u0107 stabilno\u015b\u0107 i optymalne wra\u017cenia u\u017cytkownika. <\/p>\n<p><img data-recalc-dims=\"1\" loading=\"lazy\" decoding=\"async\" class=\"aligncenter size-full wp-image-755\" src=\"https:\/\/i0.wp.com\/www.presspadapp.com\/blog\/wp-content\/uploads\/2013\/09\/your-ipad-magazine-can-look-like-that-on-apple-ios7.png?resize=650%2C406&#038;ssl=1\" alt=\"App Store Newsstand\" width=\"650\" height=\"406\" srcset=\"https:\/\/i0.wp.com\/presspad.pl\/blog\/wp-content\/uploads\/2013\/09\/your-ipad-magazine-can-look-like-that-on-apple-ios7.png?w=650&amp;ssl=1 650w, https:\/\/i0.wp.com\/presspad.pl\/blog\/wp-content\/uploads\/2013\/09\/your-ipad-magazine-can-look-like-that-on-apple-ios7.png?resize=300%2C187&amp;ssl=1 300w, https:\/\/i0.wp.com\/presspad.pl\/blog\/wp-content\/uploads\/2013\/09\/your-ipad-magazine-can-look-like-that-on-apple-ios7.png?resize=624%2C389&amp;ssl=1 624w\" sizes=\"auto, (max-width: 650px) 100vw, 650px\" \/><\/p>\n<h3>P: Czym jest PressPad?<\/h3>\n<p>O: <strong>PressPad to samoobs\u0142ugowa platforma wydawnicza na iPada<\/strong>. Zarejestruj si\u0119, aby za\u0142o\u017cy\u0107 sw\u00f3j magazyn na iPada z markow\u0105 aplikacj\u0105 kiosku, subskrypcjami i powiadomieniami Push. Dzi\u0119ki naszemu nowemu modelowi biznesowemu mo\u017cesz zaistnie\u0107 w App Store ze swoim komercyjnym magazynem cyfrowym w <a title=\"Pobierz sw\u00f3j magazyn cyfrowy w App Store\" href=\"http:\/\/www.presspadapp.com\/pricing\">bardzo przyst\u0119pnej cenie<\/a>. Otw\u00f3rz konto i wy\u015blij nam sw\u00f3j magazyn w formacie PDF.   <\/p>\n<h3>P: Je\u015bli m\u00f3j magazyn cyfrowy kupi 5000 subskrybent\u00f3w, czy zostanie naliczona dodatkowa op\u0142ata za transfer?<\/h3>\n<p>Nie pobieramy \u017cadnych dodatkowych op\u0142at za transfer lub hosting. <\/p>\n<h3>P: Czy mog\u0119 umie\u015bci\u0107 kupony rabatowe wewn\u0105trz mojego magazynu cyfrowego, aby zach\u0119ci\u0107 u\u017cytkownik\u00f3w do zakupu subskrypcji?<\/h3>\n<p>O: W tej chwili jest to mo\u017cliwe tylko poprzez umieszczenie aktywnego linku do zewn\u0119trznej tre\u015bci promocyjnej, na przyk\u0142ad do wcze\u015bniej wygenerowanego wpisu na Facebooku zawieraj\u0105cego has\u0142o lub kod promocyjny w pliku PDF magazynu.<\/p>\n<p><img data-recalc-dims=\"1\" loading=\"lazy\" decoding=\"async\" class=\"aligncenter size-full wp-image-751\" src=\"https:\/\/i0.wp.com\/www.presspadapp.com\/blog\/wp-content\/uploads\/2013\/09\/shortening-promotional-link-and-qrcode-qr-code.png?resize=625%2C175&#038;ssl=1\" alt=\"skracanie link\u00f3w\" width=\"625\" height=\"175\" srcset=\"https:\/\/i0.wp.com\/presspad.pl\/blog\/wp-content\/uploads\/2013\/09\/shortening-promotional-link-and-qrcode-qr-code.png?w=625&amp;ssl=1 625w, https:\/\/i0.wp.com\/presspad.pl\/blog\/wp-content\/uploads\/2013\/09\/shortening-promotional-link-and-qrcode-qr-code.png?resize=300%2C84&amp;ssl=1 300w, https:\/\/i0.wp.com\/presspad.pl\/blog\/wp-content\/uploads\/2013\/09\/shortening-promotional-link-and-qrcode-qr-code.png?resize=624%2C174&amp;ssl=1 624w\" sizes=\"auto, (max-width: 625px) 100vw, 625px\" \/><\/p>\n<h2>Wskaz\u00f3wka: Korzystaj\u0105c z narz\u0119dzia do skracania link\u00f3w (np. <strong>bit.ly<\/strong> lub <strong>goo.gl<\/strong>), mo\u017cesz wygenerowa\u0107 skr\u00f3cony link oraz opcjonalnie pobra\u0107 i umie\u015bci\u0107 kod QR, kt\u00f3ry prowadzi do wspomnianego wpisu lub strony promocyjnej.<\/h2>\n<h3>P: Czy oferujecie rozwi\u0105zanie White-Label?<\/h3>\n<p>Tak. Mo\u017cesz opublikowa\u0107 sw\u00f3j magazyn mobilny w aplikacji pod w\u0142asn\u0105 mark\u0105. PressPad jest wtedy dostawc\u0105 technologii, a nasza marka nie jest nigdzie widoczna. Jeste\u015bmy w pe\u0142ni transparentni dla subskrybent\u00f3w. Aby dowiedzie\u0107 si\u0119 wi\u0119cej o rozwi\u0105zaniach White-Label, napisz <a href=\"mailto:support@presspadapp.com?subject=Hi,%20tell%20me%20more%20about%20White-Label%20solution.\">do nas<\/a> lub odwied\u017a nasz\u0105 stron\u0119 g\u0142\u00f3wn\u0105 i rozpocznij czat z konsultantem.    <\/p>\n<p><strong>W PressPad wydawcy maj\u0105 dost\u0119p do szczeg\u00f3\u0142owych danych sprzeda\u017cowych i pobra\u0144 swoich magazyn\u00f3w. Posiadanie takich danych pozwala na budowanie lejk\u00f3w i optymalizacj\u0119 proces\u00f3w sprzeda\u017cowych. Przenie\u015b <a title=\"Pobierz sw\u00f3j magazyn do App Store\" href=\"http:\/\/www.presspadapp.com\/\">sw\u00f3j magazyn do App Store z PressPad<\/a>. <\/strong><\/p>\n","protected":false},"excerpt":{"rendered":"<p>Kiedy Apple wprowadzi\u0142o nowy mobilny system operacyjny iOS7, nasz zesp\u00f3\u0142 w\u0142a\u015bnie zako\u0144czy\u0142 prac\u0119 nad now\u0105 wersj\u0105 mobilnej aplikacji magazynowej. Aplikacja PressPad umo\u017cliwia subskrybentom pobieranie i czytanie cyfrowych magazyn\u00f3w publikowanych przez naszych redaktor\u00f3w. W tym artykule ujawniamy wygl\u0105d naszej nowej aplikacji mobilnej zoptymalizowanej dla systemu iOS7.<br \/>Firma Apple wyda\u0142a sw\u00f3j nowy, innowacyjny system operacyjny iOS7, wprowadzaj\u0105c wiele interesuj\u0105cych funkcji, takich jak Centrum sterowania, AirDrop dla iOS i inteligentniejsza wielozadaniowo\u015b\u0107. Jednak to, co najbardziej przykuwa uwag\u0119, to zupe\u0142nie nowy, pi\u0119kny interfejs u\u017cytkownika z ikonami zaprojektowanymi w stylu flat design i nawi\u0105zuj\u0105cymi do aktualnych trend\u00f3w kolorystycznych. Nowy system mobilny Apple zapewnia zupe\u0142nie nowe wra\u017cenia u\u017cytkownika, lepsze ni\u017c kiedykolwiek.    <\/p>\n<p>Zgodnie z kierunkiem wyznaczonym przez Apple, testujemy w PressPadzie now\u0105 wersj\u0119 naszej aplikacji mobilnej, kt\u00f3ra jest kompatybilna z interfejsem iOS7. Ju\u017c teraz mo\u017cemy pochwali\u0107 si\u0119 jej wygl\u0105dem, kt\u00f3ry dobrze komponuje si\u0119 z nowym systemem od Apple. Dzi\u0119ki temu czytanie publikacji na iPadzie b\u0119dzie jeszcze przyjemniejsze.  <\/p>\n<p><\/p>\n<div class=\"more-link-wrapper\"><a class=\"more-link\" href=\"https:\/\/presspad.pl\/blog\/twoj-ipad-magazine-moze-wygladac-tak-na-apple-ios7\/\">Kontynuuj czytanie<span class=\"screen-reader-text\">Tw\u00f3j iPad Magazine Mo\u017ce Wygl\u0105da\u0107 Tak Na Apple IOS7<\/span><\/a><\/div>\n","protected":false},"author":7,"featured_media":8575,"comment_status":"open","ping_status":"open","sticky":false,"template":"","format":"standard","meta":{"rop_custom_images_group":[],"rop_custom_messages_group":[],"rop_publish_now":"initial","rop_publish_now_accounts":{"twitter_333942694_333942694":"","facebook_10225713837976523_125907484158583":""},"rop_publish_now_history":[],"rop_publish_now_status":"pending","_jetpack_newsletter_access":"","_jetpack_dont_email_post_to_subs":false,"_jetpack_newsletter_tier_id":0,"_jetpack_memberships_contains_paywalled_content":false,"_jetpack_memberships_contains_paid_content":false,"footnotes":""},"categories":[289,277,295],"tags":[318,315,317,288],"class_list":["post-9464","post","type-post","status-publish","format-standard","has-post-thumbnail","hentry","category-produkt","category-publikacja-cyfrowa","category-publikowanie-magazynow-cyfrowych","tag-aplikacja","tag-ios7-pl","tag-jablko","tag-publikowanie-mobilne","entry"],"yoast_head":"<!-- This site is optimized with the Yoast SEO plugin v27.5 - https:\/\/yoast.com\/product\/yoast-seo-wordpress\/ -->\n<title>Zdob\u0105d\u017a sw\u00f3j pi\u0119kny magazyn na iPada<\/title>\n<meta name=\"description\" content=\"Gdy Apple wprowadzi\u0142o nowy mobilny system operacyjny, nasz zesp\u00f3\u0142 w\u0142a\u015bnie zako\u0144czy\u0142 prac\u0119 nad now\u0105 wersj\u0105 aplikacji mobilnej dla iPad Magazine.\" \/>\n<meta name=\"robots\" content=\"index, follow, max-snippet:-1, max-image-preview:large, max-video-preview:-1\" \/>\n<link rel=\"canonical\" href=\"https:\/\/presspad.pl\/blog\/twoj-ipad-magazine-moze-wygladac-tak-na-apple-ios7\/\" \/>\n<meta property=\"og:locale\" content=\"pl_PL\" \/>\n<meta property=\"og:type\" content=\"article\" \/>\n<meta property=\"og:title\" content=\"Zdob\u0105d\u017a sw\u00f3j pi\u0119kny magazyn na iPada\" \/>\n<meta property=\"og:url\" content=\"https:\/\/presspad.pl\/blog\/twoj-ipad-magazine-moze-wygladac-tak-na-apple-ios7\/\" \/>\n<meta property=\"og:site_name\" content=\"Blog po\u015bwi\u0119cony publikacjom cyfrowym prowadzony przez PressPad\" \/>\n<meta property=\"article:publisher\" content=\"https:\/\/www.facebook.com\/presspad\" \/>\n<meta property=\"article:published_time\" content=\"2013-09-24T09:07:18+00:00\" \/>\n<meta property=\"article:modified_time\" content=\"2025-03-24T12:30:17+00:00\" \/>\n<meta property=\"og:image\" content=\"https:\/\/i0.wp.com\/presspad.pl\/blog\/wp-content\/uploads\/2013\/09\/your-ios-ipad-magazine-can-look-like-that-on-apple-ios7.jpg?fit=650%2C488&ssl=1\" \/>\n\t<meta property=\"og:image:width\" content=\"650\" \/>\n\t<meta property=\"og:image:height\" content=\"488\" \/>\n\t<meta property=\"og:image:type\" content=\"image\/jpeg\" \/>\n<meta name=\"author\" content=\"Wojtek Szywalski\" \/>\n<meta name=\"twitter:card\" content=\"summary_large_image\" \/>\n<meta name=\"twitter:creator\" content=\"@wojteksz\" \/>\n<meta name=\"twitter:site\" content=\"@presspadapp\" \/>\n<meta name=\"twitter:label1\" content=\"Napisane przez\" \/>\n\t<meta name=\"twitter:data1\" content=\"Wojtek Szywalski\" \/>\n\t<meta name=\"twitter:label2\" content=\"Szacowany czas czytania\" \/>\n\t<meta name=\"twitter:data2\" content=\"4 minuty\" \/>\n<script type=\"application\/ld+json\" class=\"yoast-schema-graph\">{\"@context\":\"https:\\\/\\\/schema.org\",\"@graph\":[{\"@type\":\"Article\",\"@id\":\"https:\\\/\\\/presspad.pl\\\/blog\\\/twoj-ipad-magazine-moze-wygladac-tak-na-apple-ios7\\\/#article\",\"isPartOf\":{\"@id\":\"https:\\\/\\\/presspad.pl\\\/blog\\\/twoj-ipad-magazine-moze-wygladac-tak-na-apple-ios7\\\/\"},\"author\":{\"name\":\"Wojtek Szywalski\",\"@id\":\"https:\\\/\\\/presspad.pl\\\/blog\\\/#\\\/schema\\\/person\\\/ab0767f11ba6f5dc9411d77cbffeb16c\"},\"headline\":\"Tw\u00f3j iPad Magazine Mo\u017ce Wygl\u0105da\u0107 Tak Na Apple IOS7\",\"datePublished\":\"2013-09-24T09:07:18+00:00\",\"dateModified\":\"2025-03-24T12:30:17+00:00\",\"mainEntityOfPage\":{\"@id\":\"https:\\\/\\\/presspad.pl\\\/blog\\\/twoj-ipad-magazine-moze-wygladac-tak-na-apple-ios7\\\/\"},\"wordCount\":760,\"commentCount\":0,\"publisher\":{\"@id\":\"https:\\\/\\\/presspad.pl\\\/blog\\\/#organization\"},\"image\":{\"@id\":\"https:\\\/\\\/presspad.pl\\\/blog\\\/twoj-ipad-magazine-moze-wygladac-tak-na-apple-ios7\\\/#primaryimage\"},\"thumbnailUrl\":\"https:\\\/\\\/i0.wp.com\\\/presspad.pl\\\/blog\\\/wp-content\\\/uploads\\\/2013\\\/09\\\/your-ios-ipad-magazine-can-look-like-that-on-apple-ios7.jpg?fit=650%2C488&ssl=1\",\"keywords\":[\"aplikacja\",\"iOS7\",\"jab\u0142ko\",\"publikowanie mobilne\"],\"articleSection\":[\"Produkt\",\"Publikacja cyfrowa\",\"publikowanie magazyn\u00f3w cyfrowych\"],\"inLanguage\":\"pl-PL\",\"potentialAction\":[{\"@type\":\"CommentAction\",\"name\":\"Comment\",\"target\":[\"https:\\\/\\\/presspad.pl\\\/blog\\\/twoj-ipad-magazine-moze-wygladac-tak-na-apple-ios7\\\/#respond\"]}]},{\"@type\":\"WebPage\",\"@id\":\"https:\\\/\\\/presspad.pl\\\/blog\\\/twoj-ipad-magazine-moze-wygladac-tak-na-apple-ios7\\\/\",\"url\":\"https:\\\/\\\/presspad.pl\\\/blog\\\/twoj-ipad-magazine-moze-wygladac-tak-na-apple-ios7\\\/\",\"name\":\"Zdob\u0105d\u017a sw\u00f3j pi\u0119kny magazyn na iPada\",\"isPartOf\":{\"@id\":\"https:\\\/\\\/presspad.pl\\\/blog\\\/#website\"},\"primaryImageOfPage\":{\"@id\":\"https:\\\/\\\/presspad.pl\\\/blog\\\/twoj-ipad-magazine-moze-wygladac-tak-na-apple-ios7\\\/#primaryimage\"},\"image\":{\"@id\":\"https:\\\/\\\/presspad.pl\\\/blog\\\/twoj-ipad-magazine-moze-wygladac-tak-na-apple-ios7\\\/#primaryimage\"},\"thumbnailUrl\":\"https:\\\/\\\/i0.wp.com\\\/presspad.pl\\\/blog\\\/wp-content\\\/uploads\\\/2013\\\/09\\\/your-ios-ipad-magazine-can-look-like-that-on-apple-ios7.jpg?fit=650%2C488&ssl=1\",\"datePublished\":\"2013-09-24T09:07:18+00:00\",\"dateModified\":\"2025-03-24T12:30:17+00:00\",\"description\":\"Gdy Apple wprowadzi\u0142o nowy mobilny system operacyjny, nasz zesp\u00f3\u0142 w\u0142a\u015bnie zako\u0144czy\u0142 prac\u0119 nad now\u0105 wersj\u0105 aplikacji mobilnej dla iPad Magazine.\",\"breadcrumb\":{\"@id\":\"https:\\\/\\\/presspad.pl\\\/blog\\\/twoj-ipad-magazine-moze-wygladac-tak-na-apple-ios7\\\/#breadcrumb\"},\"inLanguage\":\"pl-PL\",\"potentialAction\":[{\"@type\":\"ReadAction\",\"target\":[\"https:\\\/\\\/presspad.pl\\\/blog\\\/twoj-ipad-magazine-moze-wygladac-tak-na-apple-ios7\\\/\"]}]},{\"@type\":\"ImageObject\",\"inLanguage\":\"pl-PL\",\"@id\":\"https:\\\/\\\/presspad.pl\\\/blog\\\/twoj-ipad-magazine-moze-wygladac-tak-na-apple-ios7\\\/#primaryimage\",\"url\":\"https:\\\/\\\/i0.wp.com\\\/presspad.pl\\\/blog\\\/wp-content\\\/uploads\\\/2013\\\/09\\\/your-ios-ipad-magazine-can-look-like-that-on-apple-ios7.jpg?fit=650%2C488&ssl=1\",\"contentUrl\":\"https:\\\/\\\/i0.wp.com\\\/presspad.pl\\\/blog\\\/wp-content\\\/uploads\\\/2013\\\/09\\\/your-ios-ipad-magazine-can-look-like-that-on-apple-ios7.jpg?fit=650%2C488&ssl=1\",\"width\":650,\"height\":488},{\"@type\":\"BreadcrumbList\",\"@id\":\"https:\\\/\\\/presspad.pl\\\/blog\\\/twoj-ipad-magazine-moze-wygladac-tak-na-apple-ios7\\\/#breadcrumb\",\"itemListElement\":[{\"@type\":\"ListItem\",\"position\":1,\"name\":\"Strona g\u0142\u00f3wna\",\"item\":\"https:\\\/\\\/presspad.pl\\\/blog\\\/\"},{\"@type\":\"ListItem\",\"position\":2,\"name\":\"Produkt\",\"item\":\"https:\\\/\\\/presspad.pl\\\/blog\\\/category\\\/produkt\\\/\"},{\"@type\":\"ListItem\",\"position\":3,\"name\":\"Tw\u00f3j iPad Magazine Mo\u017ce Wygl\u0105da\u0107 Tak Na Apple IOS7\"}]},{\"@type\":\"WebSite\",\"@id\":\"https:\\\/\\\/presspad.pl\\\/blog\\\/#website\",\"url\":\"https:\\\/\\\/presspad.pl\\\/blog\\\/\",\"name\":\"Blog po\u015bwi\u0119cony publikacjom cyfrowym prowadzony przez PressPad\",\"description\":\"Blog o publikacjach cyfrowych; Aplikacje dla czasopism i porady marketingowe PressPad\",\"publisher\":{\"@id\":\"https:\\\/\\\/presspad.pl\\\/blog\\\/#organization\"},\"potentialAction\":[{\"@type\":\"SearchAction\",\"target\":{\"@type\":\"EntryPoint\",\"urlTemplate\":\"https:\\\/\\\/presspad.pl\\\/blog\\\/?s={search_term_string}\"},\"query-input\":{\"@type\":\"PropertyValueSpecification\",\"valueRequired\":true,\"valueName\":\"search_term_string\"}}],\"inLanguage\":\"pl-PL\"},{\"@type\":\"Organization\",\"@id\":\"https:\\\/\\\/presspad.pl\\\/blog\\\/#organization\",\"name\":\"PressPad\",\"url\":\"https:\\\/\\\/presspad.pl\\\/blog\\\/\",\"logo\":{\"@type\":\"ImageObject\",\"inLanguage\":\"pl-PL\",\"@id\":\"https:\\\/\\\/presspad.pl\\\/blog\\\/#\\\/schema\\\/logo\\\/image\\\/\",\"url\":\"https:\\\/\\\/i0.wp.com\\\/presspad.pl\\\/blog\\\/wp-content\\\/uploads\\\/2013\\\/10\\\/PressPad_LOGO_main_horizontal_gradient.png?fit=800%2C300&ssl=1\",\"contentUrl\":\"https:\\\/\\\/i0.wp.com\\\/presspad.pl\\\/blog\\\/wp-content\\\/uploads\\\/2013\\\/10\\\/PressPad_LOGO_main_horizontal_gradient.png?fit=800%2C300&ssl=1\",\"width\":800,\"height\":300,\"caption\":\"PressPad\"},\"image\":{\"@id\":\"https:\\\/\\\/presspad.pl\\\/blog\\\/#\\\/schema\\\/logo\\\/image\\\/\"},\"sameAs\":[\"https:\\\/\\\/www.facebook.com\\\/presspad\",\"https:\\\/\\\/x.com\\\/presspadapp\",\"https:\\\/\\\/www.instagram.com\\\/presspadapp\\\/\",\"https:\\\/\\\/www.linkedin.com\\\/company\\\/2033158\",\"https:\\\/\\\/www.pinterest.com\\\/presspad\\\/\",\"https:\\\/\\\/www.youtube.com\\\/user\\\/presspad\"]},{\"@type\":\"Person\",\"@id\":\"https:\\\/\\\/presspad.pl\\\/blog\\\/#\\\/schema\\\/person\\\/ab0767f11ba6f5dc9411d77cbffeb16c\",\"name\":\"Wojtek Szywalski\",\"image\":{\"@type\":\"ImageObject\",\"inLanguage\":\"pl-PL\",\"@id\":\"https:\\\/\\\/secure.gravatar.com\\\/avatar\\\/d346f526a50e57221d2e8dbf3557bfbac8be1bbb33f527b993a67772ded6d6a3?s=96&r=g\",\"url\":\"https:\\\/\\\/secure.gravatar.com\\\/avatar\\\/d346f526a50e57221d2e8dbf3557bfbac8be1bbb33f527b993a67772ded6d6a3?s=96&r=g\",\"contentUrl\":\"https:\\\/\\\/secure.gravatar.com\\\/avatar\\\/d346f526a50e57221d2e8dbf3557bfbac8be1bbb33f527b993a67772ded6d6a3?s=96&r=g\",\"caption\":\"Wojtek Szywalski\"},\"description\":\"Wojtek Szywalski is a Content Marketing Manager at PressPad and co-editor of Digital Publishing Guide Magazine. If you like his post please share it among circle of your friends and followers. You can follow him on Twitter @wojteksz as well.\",\"sameAs\":[\"http:\\\/\\\/www.presspadapp.com\",\"https:\\\/\\\/x.com\\\/wojteksz\"],\"url\":\"https:\\\/\\\/presspad.pl\\\/blog\\\/author\\\/wojtekpresspadapp-com\\\/\"}]}<\/script>\n<!-- \/ Yoast SEO plugin. -->","yoast_head_json":{"title":"Zdob\u0105d\u017a sw\u00f3j pi\u0119kny magazyn na iPada","description":"Gdy Apple wprowadzi\u0142o nowy mobilny system operacyjny, nasz zesp\u00f3\u0142 w\u0142a\u015bnie zako\u0144czy\u0142 prac\u0119 nad now\u0105 wersj\u0105 aplikacji mobilnej dla iPad Magazine.","robots":{"index":"index","follow":"follow","max-snippet":"max-snippet:-1","max-image-preview":"max-image-preview:large","max-video-preview":"max-video-preview:-1"},"canonical":"https:\/\/presspad.pl\/blog\/twoj-ipad-magazine-moze-wygladac-tak-na-apple-ios7\/","og_locale":"pl_PL","og_type":"article","og_title":"Zdob\u0105d\u017a sw\u00f3j pi\u0119kny magazyn na iPada","og_url":"https:\/\/presspad.pl\/blog\/twoj-ipad-magazine-moze-wygladac-tak-na-apple-ios7\/","og_site_name":"Blog po\u015bwi\u0119cony publikacjom cyfrowym prowadzony przez PressPad","article_publisher":"https:\/\/www.facebook.com\/presspad","article_published_time":"2013-09-24T09:07:18+00:00","article_modified_time":"2025-03-24T12:30:17+00:00","og_image":[{"width":650,"height":488,"url":"https:\/\/i0.wp.com\/presspad.pl\/blog\/wp-content\/uploads\/2013\/09\/your-ios-ipad-magazine-can-look-like-that-on-apple-ios7.jpg?fit=650%2C488&ssl=1","type":"image\/jpeg"}],"author":"Wojtek Szywalski","twitter_card":"summary_large_image","twitter_creator":"@wojteksz","twitter_site":"@presspadapp","twitter_misc":{"Napisane przez":"Wojtek Szywalski","Szacowany czas czytania":"4 minuty"},"schema":{"@context":"https:\/\/schema.org","@graph":[{"@type":"Article","@id":"https:\/\/presspad.pl\/blog\/twoj-ipad-magazine-moze-wygladac-tak-na-apple-ios7\/#article","isPartOf":{"@id":"https:\/\/presspad.pl\/blog\/twoj-ipad-magazine-moze-wygladac-tak-na-apple-ios7\/"},"author":{"name":"Wojtek Szywalski","@id":"https:\/\/presspad.pl\/blog\/#\/schema\/person\/ab0767f11ba6f5dc9411d77cbffeb16c"},"headline":"Tw\u00f3j iPad Magazine Mo\u017ce Wygl\u0105da\u0107 Tak Na Apple IOS7","datePublished":"2013-09-24T09:07:18+00:00","dateModified":"2025-03-24T12:30:17+00:00","mainEntityOfPage":{"@id":"https:\/\/presspad.pl\/blog\/twoj-ipad-magazine-moze-wygladac-tak-na-apple-ios7\/"},"wordCount":760,"commentCount":0,"publisher":{"@id":"https:\/\/presspad.pl\/blog\/#organization"},"image":{"@id":"https:\/\/presspad.pl\/blog\/twoj-ipad-magazine-moze-wygladac-tak-na-apple-ios7\/#primaryimage"},"thumbnailUrl":"https:\/\/i0.wp.com\/presspad.pl\/blog\/wp-content\/uploads\/2013\/09\/your-ios-ipad-magazine-can-look-like-that-on-apple-ios7.jpg?fit=650%2C488&ssl=1","keywords":["aplikacja","iOS7","jab\u0142ko","publikowanie mobilne"],"articleSection":["Produkt","Publikacja cyfrowa","publikowanie magazyn\u00f3w cyfrowych"],"inLanguage":"pl-PL","potentialAction":[{"@type":"CommentAction","name":"Comment","target":["https:\/\/presspad.pl\/blog\/twoj-ipad-magazine-moze-wygladac-tak-na-apple-ios7\/#respond"]}]},{"@type":"WebPage","@id":"https:\/\/presspad.pl\/blog\/twoj-ipad-magazine-moze-wygladac-tak-na-apple-ios7\/","url":"https:\/\/presspad.pl\/blog\/twoj-ipad-magazine-moze-wygladac-tak-na-apple-ios7\/","name":"Zdob\u0105d\u017a sw\u00f3j pi\u0119kny magazyn na iPada","isPartOf":{"@id":"https:\/\/presspad.pl\/blog\/#website"},"primaryImageOfPage":{"@id":"https:\/\/presspad.pl\/blog\/twoj-ipad-magazine-moze-wygladac-tak-na-apple-ios7\/#primaryimage"},"image":{"@id":"https:\/\/presspad.pl\/blog\/twoj-ipad-magazine-moze-wygladac-tak-na-apple-ios7\/#primaryimage"},"thumbnailUrl":"https:\/\/i0.wp.com\/presspad.pl\/blog\/wp-content\/uploads\/2013\/09\/your-ios-ipad-magazine-can-look-like-that-on-apple-ios7.jpg?fit=650%2C488&ssl=1","datePublished":"2013-09-24T09:07:18+00:00","dateModified":"2025-03-24T12:30:17+00:00","description":"Gdy Apple wprowadzi\u0142o nowy mobilny system operacyjny, nasz zesp\u00f3\u0142 w\u0142a\u015bnie zako\u0144czy\u0142 prac\u0119 nad now\u0105 wersj\u0105 aplikacji mobilnej dla iPad Magazine.","breadcrumb":{"@id":"https:\/\/presspad.pl\/blog\/twoj-ipad-magazine-moze-wygladac-tak-na-apple-ios7\/#breadcrumb"},"inLanguage":"pl-PL","potentialAction":[{"@type":"ReadAction","target":["https:\/\/presspad.pl\/blog\/twoj-ipad-magazine-moze-wygladac-tak-na-apple-ios7\/"]}]},{"@type":"ImageObject","inLanguage":"pl-PL","@id":"https:\/\/presspad.pl\/blog\/twoj-ipad-magazine-moze-wygladac-tak-na-apple-ios7\/#primaryimage","url":"https:\/\/i0.wp.com\/presspad.pl\/blog\/wp-content\/uploads\/2013\/09\/your-ios-ipad-magazine-can-look-like-that-on-apple-ios7.jpg?fit=650%2C488&ssl=1","contentUrl":"https:\/\/i0.wp.com\/presspad.pl\/blog\/wp-content\/uploads\/2013\/09\/your-ios-ipad-magazine-can-look-like-that-on-apple-ios7.jpg?fit=650%2C488&ssl=1","width":650,"height":488},{"@type":"BreadcrumbList","@id":"https:\/\/presspad.pl\/blog\/twoj-ipad-magazine-moze-wygladac-tak-na-apple-ios7\/#breadcrumb","itemListElement":[{"@type":"ListItem","position":1,"name":"Strona g\u0142\u00f3wna","item":"https:\/\/presspad.pl\/blog\/"},{"@type":"ListItem","position":2,"name":"Produkt","item":"https:\/\/presspad.pl\/blog\/category\/produkt\/"},{"@type":"ListItem","position":3,"name":"Tw\u00f3j iPad Magazine Mo\u017ce Wygl\u0105da\u0107 Tak Na Apple IOS7"}]},{"@type":"WebSite","@id":"https:\/\/presspad.pl\/blog\/#website","url":"https:\/\/presspad.pl\/blog\/","name":"Blog po\u015bwi\u0119cony publikacjom cyfrowym prowadzony przez PressPad","description":"Blog o publikacjach cyfrowych; Aplikacje dla czasopism i porady marketingowe PressPad","publisher":{"@id":"https:\/\/presspad.pl\/blog\/#organization"},"potentialAction":[{"@type":"SearchAction","target":{"@type":"EntryPoint","urlTemplate":"https:\/\/presspad.pl\/blog\/?s={search_term_string}"},"query-input":{"@type":"PropertyValueSpecification","valueRequired":true,"valueName":"search_term_string"}}],"inLanguage":"pl-PL"},{"@type":"Organization","@id":"https:\/\/presspad.pl\/blog\/#organization","name":"PressPad","url":"https:\/\/presspad.pl\/blog\/","logo":{"@type":"ImageObject","inLanguage":"pl-PL","@id":"https:\/\/presspad.pl\/blog\/#\/schema\/logo\/image\/","url":"https:\/\/i0.wp.com\/presspad.pl\/blog\/wp-content\/uploads\/2013\/10\/PressPad_LOGO_main_horizontal_gradient.png?fit=800%2C300&ssl=1","contentUrl":"https:\/\/i0.wp.com\/presspad.pl\/blog\/wp-content\/uploads\/2013\/10\/PressPad_LOGO_main_horizontal_gradient.png?fit=800%2C300&ssl=1","width":800,"height":300,"caption":"PressPad"},"image":{"@id":"https:\/\/presspad.pl\/blog\/#\/schema\/logo\/image\/"},"sameAs":["https:\/\/www.facebook.com\/presspad","https:\/\/x.com\/presspadapp","https:\/\/www.instagram.com\/presspadapp\/","https:\/\/www.linkedin.com\/company\/2033158","https:\/\/www.pinterest.com\/presspad\/","https:\/\/www.youtube.com\/user\/presspad"]},{"@type":"Person","@id":"https:\/\/presspad.pl\/blog\/#\/schema\/person\/ab0767f11ba6f5dc9411d77cbffeb16c","name":"Wojtek Szywalski","image":{"@type":"ImageObject","inLanguage":"pl-PL","@id":"https:\/\/secure.gravatar.com\/avatar\/d346f526a50e57221d2e8dbf3557bfbac8be1bbb33f527b993a67772ded6d6a3?s=96&r=g","url":"https:\/\/secure.gravatar.com\/avatar\/d346f526a50e57221d2e8dbf3557bfbac8be1bbb33f527b993a67772ded6d6a3?s=96&r=g","contentUrl":"https:\/\/secure.gravatar.com\/avatar\/d346f526a50e57221d2e8dbf3557bfbac8be1bbb33f527b993a67772ded6d6a3?s=96&r=g","caption":"Wojtek Szywalski"},"description":"Wojtek Szywalski is a Content Marketing Manager at PressPad and co-editor of Digital Publishing Guide Magazine. If you like his post please share it among circle of your friends and followers. You can follow him on Twitter @wojteksz as well.","sameAs":["http:\/\/www.presspadapp.com","https:\/\/x.com\/wojteksz"],"url":"https:\/\/presspad.pl\/blog\/author\/wojtekpresspadapp-com\/"}]}},"jetpack_featured_media_url":"https:\/\/i0.wp.com\/presspad.pl\/blog\/wp-content\/uploads\/2013\/09\/your-ios-ipad-magazine-can-look-like-that-on-apple-ios7.jpg?fit=650%2C488&ssl=1","jetpack_sharing_enabled":true,"jetpack_shortlink":"https:\/\/wp.me\/pbs6e8-2sE","jetpack-related-posts":[{"id":9490,"url":"https:\/\/presspad.pl\/blog\/nowy-wyglad-aplikacji-apple-newsstand-na-ios7-i-presspad-w-tym-samym-czasie-przypadek\/","url_meta":{"origin":9464,"position":0},"title":"Nowy Wygl\u0105d Aplikacji Apple Newsstand Na IOS7 I PressPad W Tym Samym Czasie. Przypadek?","author":"Sylvia","date":"26 czerwca, 2013","format":false,"excerpt":"Niedawno Apple og\u0142osi\u0142o now\u0105 wersj\u0119 systemu iOS 7. Cho\u0107 w sieci zrobi\u0142o si\u0119 wok\u00f3\u0142 niej sporo zamieszania, to jak zawsze mo\u017cemy wyr\u00f3\u017cni\u0107 zar\u00f3wno zwolennik\u00f3w, jak i przeciwnik\u00f3w tego, jak zaprojektowany zosta\u0142 interfejs. Chcieli\u015bmy, aby ten artyku\u0142 skupia\u0142 si\u0119 raczej na funkcjonalno\u015bci nowej wersji iOS7 ni\u017c na designie, ale ju\u017c na\u2026","rel":"","context":"W &quot;Produkt&quot;","block_context":{"text":"Produkt","link":"https:\/\/presspad.pl\/blog\/category\/produkt\/"},"img":{"alt_text":"PressPad magazyn kiosk ios7","src":"https:\/\/i0.wp.com\/www.presspadapp.com\/blog\/wp-content\/uploads\/2013\/06\/IMG_0013.png?resize=350%2C200&ssl=1","width":350,"height":200,"srcset":"https:\/\/i0.wp.com\/www.presspadapp.com\/blog\/wp-content\/uploads\/2013\/06\/IMG_0013.png?resize=350%2C200&ssl=1 1x, https:\/\/i0.wp.com\/www.presspadapp.com\/blog\/wp-content\/uploads\/2013\/06\/IMG_0013.png?resize=525%2C300&ssl=1 1.5x"},"classes":[]},{"id":9521,"url":"https:\/\/presspad.pl\/blog\/iphone-6-i-nowy-apple-ios8-czy-wydawcy-cyfrowi-powinni-sie-tym-przejmowac\/","url_meta":{"origin":9464,"position":1},"title":"IPhone 6 I Nowy Apple IOS8 &#8211; Czy Wydawcy Cyfrowi Powinni Si\u0119 Tym Przejmowa\u0107?","author":"Wojtek Szywalski","date":"10 wrze\u015bnia, 2014","format":false,"excerpt":"Simon Fortuna, g\u0142\u00f3wny programista iOS w PressPad, zdradza, czego mo\u017cna si\u0119 spodziewa\u0107 po wprowadzeniu iOS 8 i co to oznacza dla wydawc\u00f3w.Przez lata Apple nie ba\u0142o si\u0119 pod\u0105\u017ca\u0107 w\u0142asn\u0105 \u015bcie\u017ck\u0105. Czy pami\u0119tasz fal\u0119 skarg, gdy wprowadzono iOS7 wraz z jego zgrabnym, p\u0142askim interfejsem u\u017cytkownika, kt\u00f3ry spolaryzowa\u0142 spo\u0142eczno\u015b\u0107 Apple na ca\u0142ym\u2026","rel":"","context":"W &quot;Nowo\u015bci wydawnicze&quot;","block_context":{"text":"Nowo\u015bci wydawnicze","link":"https:\/\/presspad.pl\/blog\/category\/nowosci-wydawnicze\/"},"img":{"alt_text":"","src":"https:\/\/i0.wp.com\/presspad.pl\/blog\/wp-content\/uploads\/2014\/09\/iphone-6-and-new-apple-ios8-should-digital-publishers-bother.png?fit=700%2C388&ssl=1&resize=350%2C200","width":350,"height":200,"srcset":"https:\/\/i0.wp.com\/presspad.pl\/blog\/wp-content\/uploads\/2014\/09\/iphone-6-and-new-apple-ios8-should-digital-publishers-bother.png?fit=700%2C388&ssl=1&resize=350%2C200 1x, https:\/\/i0.wp.com\/presspad.pl\/blog\/wp-content\/uploads\/2014\/09\/iphone-6-and-new-apple-ios8-should-digital-publishers-bother.png?fit=700%2C388&ssl=1&resize=525%2C300 1.5x, https:\/\/i0.wp.com\/presspad.pl\/blog\/wp-content\/uploads\/2014\/09\/iphone-6-and-new-apple-ios8-should-digital-publishers-bother.png?fit=700%2C388&ssl=1&resize=700%2C400 2x"},"classes":[]},{"id":9457,"url":"https:\/\/presspad.pl\/blog\/jak-nowa-wersja-presspada-czyni-cie-jeszcze-lepszym-wydawca\/","url_meta":{"origin":9464,"position":2},"title":"Jak Nowa Wersja PressPada Czyni Ci\u0119 Jeszcze Lepszym Wydawc\u0105","author":"Wojtek Szywalski","date":"5 grudnia, 2013","format":false,"excerpt":"PressPad ewoluuje i kilka niesamowitych ulepsze\u0144 jest w drodze do naszego produktu i aplikacji magazynu. Tutaj zamierzam ujawni\u0107 szczeg\u00f3\u0142y najnowszych ulepsze\u0144, kt\u00f3re pojawi\u0105 si\u0119 wkr\u00f3tce, i jak mo\u017cesz z nich skorzysta\u0107. Postrzegamy PressPad jako rozwi\u0105zanie tam, gdzie Adobe jest zbyt korporacyjne, a inni konkurenci zbyt skomplikowani. Dlatego skupiamy si\u0119 na\u2026","rel":"","context":"W &quot;Nowo\u015bci wydawnicze&quot;","block_context":{"text":"Nowo\u015bci wydawnicze","link":"https:\/\/presspad.pl\/blog\/category\/nowosci-wydawnicze\/"},"img":{"alt_text":"","src":"https:\/\/i0.wp.com\/presspad.pl\/blog\/wp-content\/uploads\/2013\/12\/how-new-version-of-presspad-makes-you-en-even-better-publisher1.png?fit=659%2C500&ssl=1&resize=350%2C200","width":350,"height":200,"srcset":"https:\/\/i0.wp.com\/presspad.pl\/blog\/wp-content\/uploads\/2013\/12\/how-new-version-of-presspad-makes-you-en-even-better-publisher1.png?fit=659%2C500&ssl=1&resize=350%2C200 1x, https:\/\/i0.wp.com\/presspad.pl\/blog\/wp-content\/uploads\/2013\/12\/how-new-version-of-presspad-makes-you-en-even-better-publisher1.png?fit=659%2C500&ssl=1&resize=525%2C300 1.5x"},"classes":[]},{"id":9626,"url":"https:\/\/presspad.pl\/blog\/aplikacja-news-dla-blogow-wordpress-od-presspad\/","url_meta":{"origin":9464,"position":3},"title":"Aplikacja News Dla Blog\u00f3w WordPress Od PressPad","author":"Wojtek Szywalski","date":"7 listopada, 2016","format":false,"excerpt":"PressPad News, platforma WordPress do aplikacji mobilnych, to mobilne narz\u0119dzie marketingowe dla bloger\u00f3w, magazyn\u00f3w internetowych i autor\u00f3w ebook\u00f3w. Nazwali\u015bmy to PressPad News poniewa\u017c po po\u0142\u0105czeniu z blogiem WordPress lub magazynem internetowym, aplikacja przenosi najnowsze tre\u015bci z witryny bezpo\u015brednio na iPhone'a lub iPada czytelnika. PressPad News pozwala blogerom na zwi\u0119kszenie liczby\u2026","rel":"","context":"W &quot;Produkt&quot;","block_context":{"text":"Produkt","link":"https:\/\/presspad.pl\/blog\/category\/produkt\/"},"img":{"alt_text":"","src":"https:\/\/i0.wp.com\/presspad.pl\/blog\/wp-content\/uploads\/PressPad-News-app-tiny.png?fit=700%2C400&ssl=1&resize=350%2C200","width":350,"height":200,"srcset":"https:\/\/i0.wp.com\/presspad.pl\/blog\/wp-content\/uploads\/PressPad-News-app-tiny.png?fit=700%2C400&ssl=1&resize=350%2C200 1x, https:\/\/i0.wp.com\/presspad.pl\/blog\/wp-content\/uploads\/PressPad-News-app-tiny.png?fit=700%2C400&ssl=1&resize=525%2C300 1.5x, https:\/\/i0.wp.com\/presspad.pl\/blog\/wp-content\/uploads\/PressPad-News-app-tiny.png?fit=700%2C400&ssl=1&resize=700%2C400 2x"},"classes":[]},{"id":9461,"url":"https:\/\/presspad.pl\/blog\/jak-presspad-moze-uchronic-cie-przed-gorzka-lekcja-tworzenia-aplikacji\/","url_meta":{"origin":9464,"position":4},"title":"Jak PressPad Mo\u017ce Uchroni\u0107 Ci\u0119 Przed Gorzk\u0105 Lekcj\u0105 Tworzenia Aplikacji?","author":"Wojtek Szywalski","date":"26 listopada, 2013","format":false,"excerpt":"\"Talking New Media\" opublikowa\u0142o niedawno bardzo interesuj\u0105cy artyku\u0142 opisuj\u0105cy ich zakulisowe do\u015bwiadczenia zwi\u0105zane z tworzeniem w\u0142asnej aplikacji dla magazynu na iPada. Zdecydowanie dowiedzieli si\u0119, jak to jest zbudowa\u0107 aplikacj\u0119 do publikowania magazynu na iPadzie, nie maj\u0105c \u017cadnego (lub bardzo niewielkiego) do\u015bwiadczenia w dostarczaniu do Apple App Store. Ale czy nie\u2026","rel":"","context":"W &quot;Produkt&quot;","block_context":{"text":"Produkt","link":"https:\/\/presspad.pl\/blog\/category\/produkt\/"},"img":{"alt_text":"","src":"https:\/\/i0.wp.com\/presspad.pl\/blog\/wp-content\/uploads\/2013\/11\/Faster.png?fit=659%2C425&ssl=1&resize=350%2C200","width":350,"height":200,"srcset":"https:\/\/i0.wp.com\/presspad.pl\/blog\/wp-content\/uploads\/2013\/11\/Faster.png?fit=659%2C425&ssl=1&resize=350%2C200 1x, https:\/\/i0.wp.com\/presspad.pl\/blog\/wp-content\/uploads\/2013\/11\/Faster.png?fit=659%2C425&ssl=1&resize=525%2C300 1.5x"},"classes":[]},{"id":9631,"url":"https:\/\/presspad.pl\/blog\/rozwoj-aplikacji-mobilnych-trwa-przedstawiamy-zupelnie-nowa-aplikacje-magazynu-dla-ios\/","url_meta":{"origin":9464,"position":5},"title":"Rozw\u00f3j Aplikacji Mobilnych Trwa &#8211; Przedstawiamy Zupe\u0142nie Now\u0105 Aplikacj\u0119 Magazynu Dla IOS","author":"Paulina Kubala-Chuchnowska","date":"21 stycznia, 2021","format":false,"excerpt":"Tworzenie aplikacji mobilnej zaj\u0119\u0142o nam troch\u0119 czasu, ale warto by\u0142o czeka\u0107. PressPad, firma zajmuj\u0105ca si\u0119 tworzeniem aplikacji mobilnych, wkroczy\u0142a w nowy rok z hukiem, og\u0142aszaj\u0105c now\u0105 mobiln\u0105 aplikacj\u0119 magazynow\u0105 dla systemu iOS. Jest to kolejny krok naprz\u00f3d w ewolucji firmy, kt\u00f3ry jest nast\u0119pstwem procesu redefinicji aplikacji opartych na PDF. Ich\u2026","rel":"","context":"W &quot;Produkt&quot;","block_context":{"text":"Produkt","link":"https:\/\/presspad.pl\/blog\/category\/produkt\/"},"img":{"alt_text":"","src":"https:\/\/i0.wp.com\/presspad.pl\/blog\/wp-content\/uploads\/new-magazine-app-from-presspad.png?fit=977%2C628&ssl=1&resize=350%2C200","width":350,"height":200,"srcset":"https:\/\/i0.wp.com\/presspad.pl\/blog\/wp-content\/uploads\/new-magazine-app-from-presspad.png?fit=977%2C628&ssl=1&resize=350%2C200 1x, https:\/\/i0.wp.com\/presspad.pl\/blog\/wp-content\/uploads\/new-magazine-app-from-presspad.png?fit=977%2C628&ssl=1&resize=525%2C300 1.5x, https:\/\/i0.wp.com\/presspad.pl\/blog\/wp-content\/uploads\/new-magazine-app-from-presspad.png?fit=977%2C628&ssl=1&resize=700%2C400 2x"},"classes":[]}],"amp_enabled":true,"_links":{"self":[{"href":"https:\/\/presspad.pl\/blog\/wp-json\/wp\/v2\/posts\/9464","targetHints":{"allow":["GET"]}}],"collection":[{"href":"https:\/\/presspad.pl\/blog\/wp-json\/wp\/v2\/posts"}],"about":[{"href":"https:\/\/presspad.pl\/blog\/wp-json\/wp\/v2\/types\/post"}],"author":[{"embeddable":true,"href":"https:\/\/presspad.pl\/blog\/wp-json\/wp\/v2\/users\/7"}],"replies":[{"embeddable":true,"href":"https:\/\/presspad.pl\/blog\/wp-json\/wp\/v2\/comments?post=9464"}],"version-history":[{"count":1,"href":"https:\/\/presspad.pl\/blog\/wp-json\/wp\/v2\/posts\/9464\/revisions"}],"predecessor-version":[{"id":9819,"href":"https:\/\/presspad.pl\/blog\/wp-json\/wp\/v2\/posts\/9464\/revisions\/9819"}],"wp:featuredmedia":[{"embeddable":true,"href":"https:\/\/presspad.pl\/blog\/wp-json\/wp\/v2\/media\/8575"}],"wp:attachment":[{"href":"https:\/\/presspad.pl\/blog\/wp-json\/wp\/v2\/media?parent=9464"}],"wp:term":[{"taxonomy":"category","embeddable":true,"href":"https:\/\/presspad.pl\/blog\/wp-json\/wp\/v2\/categories?post=9464"},{"taxonomy":"post_tag","embeddable":true,"href":"https:\/\/presspad.pl\/blog\/wp-json\/wp\/v2\/tags?post=9464"}],"curies":[{"name":"wp","href":"https:\/\/api.w.org\/{rel}","templated":true}]}}