{"id":9490,"date":"2013-06-26T14:12:07","date_gmt":"2013-06-26T12:12:07","guid":{"rendered":"https:\/\/www.presspadapp.com\/blog\/nowy-wyglad-aplikacji-apple-newsstand-na-ios7-i-presspad-w-tym-samym-czasie-przypadek\/"},"modified":"2025-03-24T14:30:22","modified_gmt":"2025-03-24T12:30:22","slug":"nowy-wyglad-aplikacji-apple-newsstand-na-ios7-i-presspad-w-tym-samym-czasie-przypadek","status":"publish","type":"post","link":"https:\/\/presspad.pl\/blog\/nowy-wyglad-aplikacji-apple-newsstand-na-ios7-i-presspad-w-tym-samym-czasie-przypadek\/","title":{"rendered":"Nowy Wygl\u0105d Aplikacji Apple Newsstand Na IOS7 I PressPad W Tym Samym Czasie. Przypadek?"},"content":{"rendered":"<h2>Niedawno Apple og\u0142osi\u0142o now\u0105 wersj\u0119 systemu iOS 7. Cho\u0107 w sieci zrobi\u0142o si\u0119 wok\u00f3\u0142 niej sporo zamieszania, to jak zawsze mo\u017cemy wyr\u00f3\u017cni\u0107 zar\u00f3wno zwolennik\u00f3w, jak i przeciwnik\u00f3w tego, jak zaprojektowany zosta\u0142 interfejs. <\/h2>\n<p><!--more--><\/p>\n<p>Chcieli\u015bmy, aby ten artyku\u0142 skupia\u0142 si\u0119 raczej na funkcjonalno\u015bci nowej wersji iOS7 ni\u017c na designie, ale ju\u017c na pierwszy rzut oka wida\u0107, \u017ce z perspektywy u\u017cytkownik\u00f3w nie b\u0119dzie \u017cadnych r\u00f3\u017cnic w korzystaniu &#8211; nadal b\u0119dzie to wygodna p\u00f3\u0142ka na czasopisma, kt\u00f3re s\u0105 dost\u0119pne nawet w trybie offline.<\/p>\n<p>Apple nie zmieni niczego dla wydawc\u00f3w korzystaj\u0105cych z naszego narz\u0119dzia do samodzielnego publikowania mobilnego, jedyn\u0105 rzecz\u0105, kt\u00f3ra jest nowa, jest projekt Newsstand. Apple zdecydowa\u0142o, \u017ce nie b\u0119dzie on ju\u017c wygl\u0105da\u0142 jak prawdziwa p\u00f3\u0142ka z gazetami. Jest ca\u0142kiem jasne, \u017ce tw\u00f3rcy nowego projektu iOS chcieli wprowadzi\u0107 co\u015b innego, co\u015b prostego, p\u0142askiego, czystego i dosadnego.  <\/p>\n<p>P\u00f3\u0142ka jest p\u00f3\u0142przezroczysta, a po uruchomieniu aplikacji bie\u017c\u0105ca tapeta b\u0119dzie nadal widoczna na iPadzie lub iPhonie.<\/p>\n<p>Ale mo\u017ce nie przypisujmy \u017cadnej opinii na temat nowego projektu, po prostu sprawd\u017amy sami!<\/p>\n<p style=\"text-align: center;\"><a href=\"https:\/\/i0.wp.com\/www.presspadapp.com\/blog\/wp-content\/uploads\/2013\/06\/IMG_0013.png?ssl=1\"><img data-recalc-dims=\"1\" loading=\"lazy\" decoding=\"async\" class=\" wp-image-250 aligncenter\" title=\"Kiosk z nowo\u015bciami iOS7 PressPad - mobilne narz\u0119dzie do publikowania  \" alt=\"PressPad magazyn kiosk ios7\" src=\"https:\/\/i0.wp.com\/www.presspadapp.com\/blog\/wp-content\/uploads\/2013\/06\/IMG_0013.png?resize=576%2C864&#038;ssl=1\" width=\"576\" height=\"864\" srcset=\"https:\/\/i0.wp.com\/presspad.pl\/blog\/wp-content\/uploads\/2013\/06\/IMG_0013.png?w=640&amp;ssl=1 640w, https:\/\/i0.wp.com\/presspad.pl\/blog\/wp-content\/uploads\/2013\/06\/IMG_0013.png?resize=200%2C300&amp;ssl=1 200w, https:\/\/i0.wp.com\/presspad.pl\/blog\/wp-content\/uploads\/2013\/06\/IMG_0013.png?resize=624%2C936&amp;ssl=1 624w\" sizes=\"auto, (max-width: 576px) 100vw, 576px\" \/><\/a><\/p>\n<p>Dodatkowo z dum\u0105 informujemy, \u017ce nowy design iOS7 zbieg\u0142 si\u0119 z identyfikacj\u0105 wizualn\u0105 PressPada. Ju\u017c teraz mo\u017cecie na w\u0142asne oczy zobaczy\u0107 owoce naszej pracy, czyli nowe logo i lifting strony, w kt\u00f3rym jeste\u015bmy szale\u0144czo zakochani.<br \/>\nA przed nami jeszcze wi\u0119cej, m.in. nowa aplikacja! C\u00f3\u017c, mo\u017ce nie jeste\u015bmy obiektywni, ale z ca\u0142\u0105 pewno\u015bci\u0105 mo\u017cemy powiedzie\u0107, \u017ce PressPad wypi\u0119knia\u0142.  <\/p>\n<p style=\"text-align: center;\"><a href=\"http:\/\/www.presspadapp.com\/kbase\/wp-content\/uploads\/2013\/06\/PressPad%20LOGO\"><img data-recalc-dims=\"1\" loading=\"lazy\" decoding=\"async\" class=\"size-medium wp-image-251 aligncenter\" title=\"PressPad Mobile Publishing tool LOGO\" alt=\"PressPad Mobile Publishing tool LOGO\" src=\"https:\/\/i0.wp.com\/www.presspadapp.com\/blog\/wp-content\/uploads\/2013\/06\/PressPad_LOGO_main_horizontal_gradient-540x192.jpg?resize=540%2C192&#038;ssl=1\" width=\"540\" height=\"192\"><\/a><\/p>\n","protected":false},"excerpt":{"rendered":"<p>Niedawno Apple og\u0142osi\u0142o now\u0105 wersj\u0119 systemu iOS 7. Cho\u0107 w sieci zrobi\u0142o si\u0119 wok\u00f3\u0142 niej sporo zamieszania, to jak zawsze mo\u017cemy wyr\u00f3\u017cni\u0107 zar\u00f3wno zwolennik\u00f3w, jak i przeciwnik\u00f3w tego, jak zaprojektowany zosta\u0142 interfejs. <\/p>\n<p>Chcieli\u015bmy, aby ten artyku\u0142 skupia\u0142 si\u0119 raczej na funkcjonalno\u015bci nowej wersji iOS7 ni\u017c na designie, ale ju\u017c na pierwszy rzut oka wida\u0107, \u017ce z perspektywy u\u017cytkownik\u00f3w nie b\u0119dzie \u017cadnych r\u00f3\u017cnic w korzystaniu &#8211; nadal b\u0119dzie to wygodna p\u00f3\u0142ka na czasopisma, kt\u00f3re s\u0105 dost\u0119pne nawet w trybie offline.<\/p>\n<p>Apple nie zmieni niczego dla wydawc\u00f3w korzystaj\u0105cych z naszego narz\u0119dzia do samodzielnego publikowania mobilnego, jedyn\u0105 rzecz\u0105, kt\u00f3ra jest nowa, jest projekt Newsstand. Apple zdecydowa\u0142o, \u017ce nie b\u0119dzie on ju\u017c wygl\u0105da\u0142 jak prawdziwa p\u00f3\u0142ka z gazetami. Jest ca\u0142kiem jasne, \u017ce tw\u00f3rcy nowego projektu iOS chcieli wprowadzi\u0107 co\u015b innego, co\u015b prostego, p\u0142askiego, czystego i dosadnego.  <\/p>\n<div class=\"more-link-wrapper\"><a class=\"more-link\" href=\"https:\/\/presspad.pl\/blog\/nowy-wyglad-aplikacji-apple-newsstand-na-ios7-i-presspad-w-tym-samym-czasie-przypadek\/\">Kontynuuj czytanie<span class=\"screen-reader-text\">Nowy Wygl\u0105d Aplikacji Apple Newsstand Na IOS7 I PressPad W Tym Samym Czasie. Przypadek?<\/span><\/a><\/div>\n","protected":false},"author":4,"featured_media":0,"comment_status":"open","ping_status":"open","sticky":false,"template":"","format":"standard","meta":{"rop_custom_images_group":[],"rop_custom_messages_group":[],"rop_publish_now":"initial","rop_publish_now_accounts":{"twitter_333942694_333942694":"","facebook_10225713837976523_125907484158583":""},"rop_publish_now_history":[],"rop_publish_now_status":"pending","_jetpack_newsletter_access":"","_jetpack_dont_email_post_to_subs":false,"_jetpack_newsletter_tier_id":0,"_jetpack_memberships_contains_paywalled_content":false,"_jetpack_memberships_contains_paid_content":false,"footnotes":""},"categories":[289,295],"tags":[],"class_list":["post-9490","post","type-post","status-publish","format-standard","hentry","category-produkt","category-publikowanie-magazynow-cyfrowych","entry"],"yoast_head":"<!-- This site is optimized with the Yoast SEO plugin v27.5 - https:\/\/yoast.com\/product\/yoast-seo-wordpress\/ -->\n<title>Nowy Wygl\u0105d Aplikacji Apple Newsstand Na IOS7 I PressPad W Tym Samym Czasie. Przypadek?<\/title>\n<meta name=\"robots\" content=\"index, follow, max-snippet:-1, max-image-preview:large, max-video-preview:-1\" \/>\n<link rel=\"canonical\" href=\"https:\/\/presspad.pl\/blog\/nowy-wyglad-aplikacji-apple-newsstand-na-ios7-i-presspad-w-tym-samym-czasie-przypadek\/\" \/>\n<meta property=\"og:locale\" content=\"pl_PL\" \/>\n<meta property=\"og:type\" content=\"article\" \/>\n<meta property=\"og:title\" content=\"Nowy Wygl\u0105d Aplikacji Apple Newsstand Na IOS7 I PressPad W Tym Samym Czasie. Przypadek?\" \/>\n<meta property=\"og:description\" content=\"Niedawno Apple og\u0142osi\u0142o now\u0105 wersj\u0119 systemu iOS 7. Cho\u0107 w sieci zrobi\u0142o si\u0119 wok\u00f3\u0142 niej sporo zamieszania, to jak zawsze mo\u017cemy wyr\u00f3\u017cni\u0107 zar\u00f3wno zwolennik\u00f3w, jak i przeciwnik\u00f3w tego, jak zaprojektowany zosta\u0142 interfejs. Chcieli\u015bmy, aby ten artyku\u0142 skupia\u0142 si\u0119 raczej na funkcjonalno\u015bci nowej wersji iOS7 ni\u017c na designie, ale ju\u017c na pierwszy rzut oka wida\u0107, \u017ce z perspektywy u\u017cytkownik\u00f3w nie b\u0119dzie \u017cadnych r\u00f3\u017cnic w korzystaniu - nadal b\u0119dzie to wygodna p\u00f3\u0142ka na czasopisma, kt\u00f3re s\u0105 dost\u0119pne nawet w trybie offline.Apple nie zmieni niczego dla wydawc\u00f3w korzystaj\u0105cych z naszego narz\u0119dzia do samodzielnego publikowania mobilnego, jedyn\u0105 rzecz\u0105, kt\u00f3ra jest nowa, jest projekt Newsstand. Apple zdecydowa\u0142o, \u017ce nie b\u0119dzie on ju\u017c wygl\u0105da\u0142 jak prawdziwa p\u00f3\u0142ka z gazetami. Jest ca\u0142kiem jasne, \u017ce tw\u00f3rcy nowego projektu iOS chcieli wprowadzi\u0107 co\u015b innego, co\u015b prostego, p\u0142askiego, czystego i dosadnego.\" \/>\n<meta property=\"og:url\" content=\"https:\/\/presspad.pl\/blog\/nowy-wyglad-aplikacji-apple-newsstand-na-ios7-i-presspad-w-tym-samym-czasie-przypadek\/\" \/>\n<meta property=\"og:site_name\" content=\"Blog po\u015bwi\u0119cony publikacjom cyfrowym prowadzony przez PressPad\" \/>\n<meta property=\"article:publisher\" content=\"https:\/\/www.facebook.com\/presspad\" \/>\n<meta property=\"article:published_time\" content=\"2013-06-26T12:12:07+00:00\" \/>\n<meta property=\"article:modified_time\" content=\"2025-03-24T12:30:22+00:00\" \/>\n<meta property=\"og:image\" content=\"https:\/\/www.presspadapp.com\/blog\/wp-content\/uploads\/2013\/06\/IMG_0013.png\" \/>\n<meta name=\"author\" content=\"Sylvia\" \/>\n<meta name=\"twitter:card\" content=\"summary_large_image\" \/>\n<meta name=\"twitter:creator\" content=\"@presspadapp\" \/>\n<meta name=\"twitter:site\" content=\"@presspadapp\" \/>\n<meta name=\"twitter:label1\" content=\"Napisane przez\" \/>\n\t<meta name=\"twitter:data1\" content=\"Sylvia\" \/>\n\t<meta name=\"twitter:label2\" content=\"Szacowany czas czytania\" \/>\n\t<meta name=\"twitter:data2\" content=\"1 minuta\" \/>\n<script type=\"application\/ld+json\" class=\"yoast-schema-graph\">{\"@context\":\"https:\\\/\\\/schema.org\",\"@graph\":[{\"@type\":\"Article\",\"@id\":\"https:\\\/\\\/presspad.pl\\\/blog\\\/nowy-wyglad-aplikacji-apple-newsstand-na-ios7-i-presspad-w-tym-samym-czasie-przypadek\\\/#article\",\"isPartOf\":{\"@id\":\"https:\\\/\\\/presspad.pl\\\/blog\\\/nowy-wyglad-aplikacji-apple-newsstand-na-ios7-i-presspad-w-tym-samym-czasie-przypadek\\\/\"},\"author\":{\"name\":\"Sylvia\",\"@id\":\"https:\\\/\\\/presspad.pl\\\/blog\\\/#\\\/schema\\\/person\\\/aa2917953cb92b8a21831bc084f4360e\"},\"headline\":\"Nowy Wygl\u0105d Aplikacji Apple Newsstand Na IOS7 I PressPad W Tym Samym Czasie. Przypadek?\",\"datePublished\":\"2013-06-26T12:12:07+00:00\",\"dateModified\":\"2025-03-24T12:30:22+00:00\",\"mainEntityOfPage\":{\"@id\":\"https:\\\/\\\/presspad.pl\\\/blog\\\/nowy-wyglad-aplikacji-apple-newsstand-na-ios7-i-presspad-w-tym-samym-czasie-przypadek\\\/\"},\"wordCount\":280,\"commentCount\":0,\"publisher\":{\"@id\":\"https:\\\/\\\/presspad.pl\\\/blog\\\/#organization\"},\"image\":{\"@id\":\"https:\\\/\\\/presspad.pl\\\/blog\\\/nowy-wyglad-aplikacji-apple-newsstand-na-ios7-i-presspad-w-tym-samym-czasie-przypadek\\\/#primaryimage\"},\"thumbnailUrl\":\"https:\\\/\\\/www.presspadapp.com\\\/blog\\\/wp-content\\\/uploads\\\/2013\\\/06\\\/IMG_0013.png\",\"articleSection\":[\"Produkt\",\"publikowanie magazyn\u00f3w cyfrowych\"],\"inLanguage\":\"pl-PL\",\"potentialAction\":[{\"@type\":\"CommentAction\",\"name\":\"Comment\",\"target\":[\"https:\\\/\\\/presspad.pl\\\/blog\\\/nowy-wyglad-aplikacji-apple-newsstand-na-ios7-i-presspad-w-tym-samym-czasie-przypadek\\\/#respond\"]}]},{\"@type\":\"WebPage\",\"@id\":\"https:\\\/\\\/presspad.pl\\\/blog\\\/nowy-wyglad-aplikacji-apple-newsstand-na-ios7-i-presspad-w-tym-samym-czasie-przypadek\\\/\",\"url\":\"https:\\\/\\\/presspad.pl\\\/blog\\\/nowy-wyglad-aplikacji-apple-newsstand-na-ios7-i-presspad-w-tym-samym-czasie-przypadek\\\/\",\"name\":\"Nowy Wygl\u0105d Aplikacji Apple Newsstand Na IOS7 I PressPad W Tym Samym Czasie. Przypadek?\",\"isPartOf\":{\"@id\":\"https:\\\/\\\/presspad.pl\\\/blog\\\/#website\"},\"primaryImageOfPage\":{\"@id\":\"https:\\\/\\\/presspad.pl\\\/blog\\\/nowy-wyglad-aplikacji-apple-newsstand-na-ios7-i-presspad-w-tym-samym-czasie-przypadek\\\/#primaryimage\"},\"image\":{\"@id\":\"https:\\\/\\\/presspad.pl\\\/blog\\\/nowy-wyglad-aplikacji-apple-newsstand-na-ios7-i-presspad-w-tym-samym-czasie-przypadek\\\/#primaryimage\"},\"thumbnailUrl\":\"https:\\\/\\\/www.presspadapp.com\\\/blog\\\/wp-content\\\/uploads\\\/2013\\\/06\\\/IMG_0013.png\",\"datePublished\":\"2013-06-26T12:12:07+00:00\",\"dateModified\":\"2025-03-24T12:30:22+00:00\",\"breadcrumb\":{\"@id\":\"https:\\\/\\\/presspad.pl\\\/blog\\\/nowy-wyglad-aplikacji-apple-newsstand-na-ios7-i-presspad-w-tym-samym-czasie-przypadek\\\/#breadcrumb\"},\"inLanguage\":\"pl-PL\",\"potentialAction\":[{\"@type\":\"ReadAction\",\"target\":[\"https:\\\/\\\/presspad.pl\\\/blog\\\/nowy-wyglad-aplikacji-apple-newsstand-na-ios7-i-presspad-w-tym-samym-czasie-przypadek\\\/\"]}]},{\"@type\":\"ImageObject\",\"inLanguage\":\"pl-PL\",\"@id\":\"https:\\\/\\\/presspad.pl\\\/blog\\\/nowy-wyglad-aplikacji-apple-newsstand-na-ios7-i-presspad-w-tym-samym-czasie-przypadek\\\/#primaryimage\",\"url\":\"https:\\\/\\\/www.presspadapp.com\\\/blog\\\/wp-content\\\/uploads\\\/2013\\\/06\\\/IMG_0013.png\",\"contentUrl\":\"https:\\\/\\\/www.presspadapp.com\\\/blog\\\/wp-content\\\/uploads\\\/2013\\\/06\\\/IMG_0013.png\"},{\"@type\":\"BreadcrumbList\",\"@id\":\"https:\\\/\\\/presspad.pl\\\/blog\\\/nowy-wyglad-aplikacji-apple-newsstand-na-ios7-i-presspad-w-tym-samym-czasie-przypadek\\\/#breadcrumb\",\"itemListElement\":[{\"@type\":\"ListItem\",\"position\":1,\"name\":\"Strona g\u0142\u00f3wna\",\"item\":\"https:\\\/\\\/presspad.pl\\\/blog\\\/\"},{\"@type\":\"ListItem\",\"position\":2,\"name\":\"Produkt\",\"item\":\"https:\\\/\\\/presspad.pl\\\/blog\\\/category\\\/produkt\\\/\"},{\"@type\":\"ListItem\",\"position\":3,\"name\":\"Nowy Wygl\u0105d Aplikacji Apple Newsstand Na IOS7 I PressPad W Tym Samym Czasie. Przypadek?\"}]},{\"@type\":\"WebSite\",\"@id\":\"https:\\\/\\\/presspad.pl\\\/blog\\\/#website\",\"url\":\"https:\\\/\\\/presspad.pl\\\/blog\\\/\",\"name\":\"Blog po\u015bwi\u0119cony publikacjom cyfrowym prowadzony przez PressPad\",\"description\":\"Blog o publikacjach cyfrowych; Aplikacje dla czasopism i porady marketingowe PressPad\",\"publisher\":{\"@id\":\"https:\\\/\\\/presspad.pl\\\/blog\\\/#organization\"},\"potentialAction\":[{\"@type\":\"SearchAction\",\"target\":{\"@type\":\"EntryPoint\",\"urlTemplate\":\"https:\\\/\\\/presspad.pl\\\/blog\\\/?s={search_term_string}\"},\"query-input\":{\"@type\":\"PropertyValueSpecification\",\"valueRequired\":true,\"valueName\":\"search_term_string\"}}],\"inLanguage\":\"pl-PL\"},{\"@type\":\"Organization\",\"@id\":\"https:\\\/\\\/presspad.pl\\\/blog\\\/#organization\",\"name\":\"PressPad\",\"url\":\"https:\\\/\\\/presspad.pl\\\/blog\\\/\",\"logo\":{\"@type\":\"ImageObject\",\"inLanguage\":\"pl-PL\",\"@id\":\"https:\\\/\\\/presspad.pl\\\/blog\\\/#\\\/schema\\\/logo\\\/image\\\/\",\"url\":\"https:\\\/\\\/i0.wp.com\\\/presspad.pl\\\/blog\\\/wp-content\\\/uploads\\\/2013\\\/10\\\/PressPad_LOGO_main_horizontal_gradient.png?fit=800%2C300&ssl=1\",\"contentUrl\":\"https:\\\/\\\/i0.wp.com\\\/presspad.pl\\\/blog\\\/wp-content\\\/uploads\\\/2013\\\/10\\\/PressPad_LOGO_main_horizontal_gradient.png?fit=800%2C300&ssl=1\",\"width\":800,\"height\":300,\"caption\":\"PressPad\"},\"image\":{\"@id\":\"https:\\\/\\\/presspad.pl\\\/blog\\\/#\\\/schema\\\/logo\\\/image\\\/\"},\"sameAs\":[\"https:\\\/\\\/www.facebook.com\\\/presspad\",\"https:\\\/\\\/x.com\\\/presspadapp\",\"https:\\\/\\\/www.instagram.com\\\/presspadapp\\\/\",\"https:\\\/\\\/www.linkedin.com\\\/company\\\/2033158\",\"https:\\\/\\\/www.pinterest.com\\\/presspad\\\/\",\"https:\\\/\\\/www.youtube.com\\\/user\\\/presspad\"]},{\"@type\":\"Person\",\"@id\":\"https:\\\/\\\/presspad.pl\\\/blog\\\/#\\\/schema\\\/person\\\/aa2917953cb92b8a21831bc084f4360e\",\"name\":\"Sylvia\",\"image\":{\"@type\":\"ImageObject\",\"inLanguage\":\"pl-PL\",\"@id\":\"https:\\\/\\\/secure.gravatar.com\\\/avatar\\\/82820040d9acf6d66849513d55243b110b23646e6aece67f10919afdb8039b9d?s=96&r=g\",\"url\":\"https:\\\/\\\/secure.gravatar.com\\\/avatar\\\/82820040d9acf6d66849513d55243b110b23646e6aece67f10919afdb8039b9d?s=96&r=g\",\"contentUrl\":\"https:\\\/\\\/secure.gravatar.com\\\/avatar\\\/82820040d9acf6d66849513d55243b110b23646e6aece67f10919afdb8039b9d?s=96&r=g\",\"caption\":\"Sylvia\"},\"url\":\"https:\\\/\\\/presspad.pl\\\/blog\\\/author\\\/sylviapresspadapp-com\\\/\"}]}<\/script>\n<!-- \/ Yoast SEO plugin. -->","yoast_head_json":{"title":"Nowy Wygl\u0105d Aplikacji Apple Newsstand Na IOS7 I PressPad W Tym Samym Czasie. Przypadek?","robots":{"index":"index","follow":"follow","max-snippet":"max-snippet:-1","max-image-preview":"max-image-preview:large","max-video-preview":"max-video-preview:-1"},"canonical":"https:\/\/presspad.pl\/blog\/nowy-wyglad-aplikacji-apple-newsstand-na-ios7-i-presspad-w-tym-samym-czasie-przypadek\/","og_locale":"pl_PL","og_type":"article","og_title":"Nowy Wygl\u0105d Aplikacji Apple Newsstand Na IOS7 I PressPad W Tym Samym Czasie. Przypadek?","og_description":"Niedawno Apple og\u0142osi\u0142o now\u0105 wersj\u0119 systemu iOS 7. Cho\u0107 w sieci zrobi\u0142o si\u0119 wok\u00f3\u0142 niej sporo zamieszania, to jak zawsze mo\u017cemy wyr\u00f3\u017cni\u0107 zar\u00f3wno zwolennik\u00f3w, jak i przeciwnik\u00f3w tego, jak zaprojektowany zosta\u0142 interfejs. Chcieli\u015bmy, aby ten artyku\u0142 skupia\u0142 si\u0119 raczej na funkcjonalno\u015bci nowej wersji iOS7 ni\u017c na designie, ale ju\u017c na pierwszy rzut oka wida\u0107, \u017ce z perspektywy u\u017cytkownik\u00f3w nie b\u0119dzie \u017cadnych r\u00f3\u017cnic w korzystaniu - nadal b\u0119dzie to wygodna p\u00f3\u0142ka na czasopisma, kt\u00f3re s\u0105 dost\u0119pne nawet w trybie offline.Apple nie zmieni niczego dla wydawc\u00f3w korzystaj\u0105cych z naszego narz\u0119dzia do samodzielnego publikowania mobilnego, jedyn\u0105 rzecz\u0105, kt\u00f3ra jest nowa, jest projekt Newsstand. Apple zdecydowa\u0142o, \u017ce nie b\u0119dzie on ju\u017c wygl\u0105da\u0142 jak prawdziwa p\u00f3\u0142ka z gazetami. Jest ca\u0142kiem jasne, \u017ce tw\u00f3rcy nowego projektu iOS chcieli wprowadzi\u0107 co\u015b innego, co\u015b prostego, p\u0142askiego, czystego i dosadnego.","og_url":"https:\/\/presspad.pl\/blog\/nowy-wyglad-aplikacji-apple-newsstand-na-ios7-i-presspad-w-tym-samym-czasie-przypadek\/","og_site_name":"Blog po\u015bwi\u0119cony publikacjom cyfrowym prowadzony przez PressPad","article_publisher":"https:\/\/www.facebook.com\/presspad","article_published_time":"2013-06-26T12:12:07+00:00","article_modified_time":"2025-03-24T12:30:22+00:00","og_image":[{"url":"https:\/\/www.presspadapp.com\/blog\/wp-content\/uploads\/2013\/06\/IMG_0013.png","type":"","width":"","height":""}],"author":"Sylvia","twitter_card":"summary_large_image","twitter_creator":"@presspadapp","twitter_site":"@presspadapp","twitter_misc":{"Napisane przez":"Sylvia","Szacowany czas czytania":"1 minuta"},"schema":{"@context":"https:\/\/schema.org","@graph":[{"@type":"Article","@id":"https:\/\/presspad.pl\/blog\/nowy-wyglad-aplikacji-apple-newsstand-na-ios7-i-presspad-w-tym-samym-czasie-przypadek\/#article","isPartOf":{"@id":"https:\/\/presspad.pl\/blog\/nowy-wyglad-aplikacji-apple-newsstand-na-ios7-i-presspad-w-tym-samym-czasie-przypadek\/"},"author":{"name":"Sylvia","@id":"https:\/\/presspad.pl\/blog\/#\/schema\/person\/aa2917953cb92b8a21831bc084f4360e"},"headline":"Nowy Wygl\u0105d Aplikacji Apple Newsstand Na IOS7 I PressPad W Tym Samym Czasie. Przypadek?","datePublished":"2013-06-26T12:12:07+00:00","dateModified":"2025-03-24T12:30:22+00:00","mainEntityOfPage":{"@id":"https:\/\/presspad.pl\/blog\/nowy-wyglad-aplikacji-apple-newsstand-na-ios7-i-presspad-w-tym-samym-czasie-przypadek\/"},"wordCount":280,"commentCount":0,"publisher":{"@id":"https:\/\/presspad.pl\/blog\/#organization"},"image":{"@id":"https:\/\/presspad.pl\/blog\/nowy-wyglad-aplikacji-apple-newsstand-na-ios7-i-presspad-w-tym-samym-czasie-przypadek\/#primaryimage"},"thumbnailUrl":"https:\/\/www.presspadapp.com\/blog\/wp-content\/uploads\/2013\/06\/IMG_0013.png","articleSection":["Produkt","publikowanie magazyn\u00f3w cyfrowych"],"inLanguage":"pl-PL","potentialAction":[{"@type":"CommentAction","name":"Comment","target":["https:\/\/presspad.pl\/blog\/nowy-wyglad-aplikacji-apple-newsstand-na-ios7-i-presspad-w-tym-samym-czasie-przypadek\/#respond"]}]},{"@type":"WebPage","@id":"https:\/\/presspad.pl\/blog\/nowy-wyglad-aplikacji-apple-newsstand-na-ios7-i-presspad-w-tym-samym-czasie-przypadek\/","url":"https:\/\/presspad.pl\/blog\/nowy-wyglad-aplikacji-apple-newsstand-na-ios7-i-presspad-w-tym-samym-czasie-przypadek\/","name":"Nowy Wygl\u0105d Aplikacji Apple Newsstand Na IOS7 I PressPad W Tym Samym Czasie. Przypadek?","isPartOf":{"@id":"https:\/\/presspad.pl\/blog\/#website"},"primaryImageOfPage":{"@id":"https:\/\/presspad.pl\/blog\/nowy-wyglad-aplikacji-apple-newsstand-na-ios7-i-presspad-w-tym-samym-czasie-przypadek\/#primaryimage"},"image":{"@id":"https:\/\/presspad.pl\/blog\/nowy-wyglad-aplikacji-apple-newsstand-na-ios7-i-presspad-w-tym-samym-czasie-przypadek\/#primaryimage"},"thumbnailUrl":"https:\/\/www.presspadapp.com\/blog\/wp-content\/uploads\/2013\/06\/IMG_0013.png","datePublished":"2013-06-26T12:12:07+00:00","dateModified":"2025-03-24T12:30:22+00:00","breadcrumb":{"@id":"https:\/\/presspad.pl\/blog\/nowy-wyglad-aplikacji-apple-newsstand-na-ios7-i-presspad-w-tym-samym-czasie-przypadek\/#breadcrumb"},"inLanguage":"pl-PL","potentialAction":[{"@type":"ReadAction","target":["https:\/\/presspad.pl\/blog\/nowy-wyglad-aplikacji-apple-newsstand-na-ios7-i-presspad-w-tym-samym-czasie-przypadek\/"]}]},{"@type":"ImageObject","inLanguage":"pl-PL","@id":"https:\/\/presspad.pl\/blog\/nowy-wyglad-aplikacji-apple-newsstand-na-ios7-i-presspad-w-tym-samym-czasie-przypadek\/#primaryimage","url":"https:\/\/www.presspadapp.com\/blog\/wp-content\/uploads\/2013\/06\/IMG_0013.png","contentUrl":"https:\/\/www.presspadapp.com\/blog\/wp-content\/uploads\/2013\/06\/IMG_0013.png"},{"@type":"BreadcrumbList","@id":"https:\/\/presspad.pl\/blog\/nowy-wyglad-aplikacji-apple-newsstand-na-ios7-i-presspad-w-tym-samym-czasie-przypadek\/#breadcrumb","itemListElement":[{"@type":"ListItem","position":1,"name":"Strona g\u0142\u00f3wna","item":"https:\/\/presspad.pl\/blog\/"},{"@type":"ListItem","position":2,"name":"Produkt","item":"https:\/\/presspad.pl\/blog\/category\/produkt\/"},{"@type":"ListItem","position":3,"name":"Nowy Wygl\u0105d Aplikacji Apple Newsstand Na IOS7 I PressPad W Tym Samym Czasie. Przypadek?"}]},{"@type":"WebSite","@id":"https:\/\/presspad.pl\/blog\/#website","url":"https:\/\/presspad.pl\/blog\/","name":"Blog po\u015bwi\u0119cony publikacjom cyfrowym prowadzony przez PressPad","description":"Blog o publikacjach cyfrowych; Aplikacje dla czasopism i porady marketingowe PressPad","publisher":{"@id":"https:\/\/presspad.pl\/blog\/#organization"},"potentialAction":[{"@type":"SearchAction","target":{"@type":"EntryPoint","urlTemplate":"https:\/\/presspad.pl\/blog\/?s={search_term_string}"},"query-input":{"@type":"PropertyValueSpecification","valueRequired":true,"valueName":"search_term_string"}}],"inLanguage":"pl-PL"},{"@type":"Organization","@id":"https:\/\/presspad.pl\/blog\/#organization","name":"PressPad","url":"https:\/\/presspad.pl\/blog\/","logo":{"@type":"ImageObject","inLanguage":"pl-PL","@id":"https:\/\/presspad.pl\/blog\/#\/schema\/logo\/image\/","url":"https:\/\/i0.wp.com\/presspad.pl\/blog\/wp-content\/uploads\/2013\/10\/PressPad_LOGO_main_horizontal_gradient.png?fit=800%2C300&ssl=1","contentUrl":"https:\/\/i0.wp.com\/presspad.pl\/blog\/wp-content\/uploads\/2013\/10\/PressPad_LOGO_main_horizontal_gradient.png?fit=800%2C300&ssl=1","width":800,"height":300,"caption":"PressPad"},"image":{"@id":"https:\/\/presspad.pl\/blog\/#\/schema\/logo\/image\/"},"sameAs":["https:\/\/www.facebook.com\/presspad","https:\/\/x.com\/presspadapp","https:\/\/www.instagram.com\/presspadapp\/","https:\/\/www.linkedin.com\/company\/2033158","https:\/\/www.pinterest.com\/presspad\/","https:\/\/www.youtube.com\/user\/presspad"]},{"@type":"Person","@id":"https:\/\/presspad.pl\/blog\/#\/schema\/person\/aa2917953cb92b8a21831bc084f4360e","name":"Sylvia","image":{"@type":"ImageObject","inLanguage":"pl-PL","@id":"https:\/\/secure.gravatar.com\/avatar\/82820040d9acf6d66849513d55243b110b23646e6aece67f10919afdb8039b9d?s=96&r=g","url":"https:\/\/secure.gravatar.com\/avatar\/82820040d9acf6d66849513d55243b110b23646e6aece67f10919afdb8039b9d?s=96&r=g","contentUrl":"https:\/\/secure.gravatar.com\/avatar\/82820040d9acf6d66849513d55243b110b23646e6aece67f10919afdb8039b9d?s=96&r=g","caption":"Sylvia"},"url":"https:\/\/presspad.pl\/blog\/author\/sylviapresspadapp-com\/"}]}},"jetpack_featured_media_url":"","jetpack_sharing_enabled":true,"jetpack_shortlink":"https:\/\/wp.me\/pbs6e8-2t4","jetpack-related-posts":[{"id":9464,"url":"https:\/\/presspad.pl\/blog\/twoj-ipad-magazine-moze-wygladac-tak-na-apple-ios7\/","url_meta":{"origin":9490,"position":0},"title":"Tw\u00f3j iPad Magazine Mo\u017ce Wygl\u0105da\u0107 Tak Na Apple IOS7","author":"Wojtek Szywalski","date":"24 wrze\u015bnia, 2013","format":false,"excerpt":"Kiedy Apple wprowadzi\u0142o nowy mobilny system operacyjny iOS7, nasz zesp\u00f3\u0142 w\u0142a\u015bnie zako\u0144czy\u0142 prac\u0119 nad now\u0105 wersj\u0105 mobilnej aplikacji magazynowej. Aplikacja PressPad umo\u017cliwia subskrybentom pobieranie i czytanie cyfrowych magazyn\u00f3w publikowanych przez naszych redaktor\u00f3w. W tym artykule ujawniamy wygl\u0105d naszej nowej aplikacji mobilnej zoptymalizowanej dla systemu iOS7.Firma Apple wyda\u0142a sw\u00f3j nowy, innowacyjny\u2026","rel":"","context":"W &quot;Produkt&quot;","block_context":{"text":"Produkt","link":"https:\/\/presspad.pl\/blog\/category\/produkt\/"},"img":{"alt_text":"","src":"https:\/\/i0.wp.com\/presspad.pl\/blog\/wp-content\/uploads\/2013\/09\/your-ios-ipad-magazine-can-look-like-that-on-apple-ios7.jpg?fit=650%2C488&ssl=1&resize=350%2C200","width":350,"height":200,"srcset":"https:\/\/i0.wp.com\/presspad.pl\/blog\/wp-content\/uploads\/2013\/09\/your-ios-ipad-magazine-can-look-like-that-on-apple-ios7.jpg?fit=650%2C488&ssl=1&resize=350%2C200 1x, https:\/\/i0.wp.com\/presspad.pl\/blog\/wp-content\/uploads\/2013\/09\/your-ios-ipad-magazine-can-look-like-that-on-apple-ios7.jpg?fit=650%2C488&ssl=1&resize=525%2C300 1.5x"},"classes":[]},{"id":9457,"url":"https:\/\/presspad.pl\/blog\/jak-nowa-wersja-presspada-czyni-cie-jeszcze-lepszym-wydawca\/","url_meta":{"origin":9490,"position":1},"title":"Jak Nowa Wersja PressPada Czyni Ci\u0119 Jeszcze Lepszym Wydawc\u0105","author":"Wojtek Szywalski","date":"5 grudnia, 2013","format":false,"excerpt":"PressPad ewoluuje i kilka niesamowitych ulepsze\u0144 jest w drodze do naszego produktu i aplikacji magazynu. Tutaj zamierzam ujawni\u0107 szczeg\u00f3\u0142y najnowszych ulepsze\u0144, kt\u00f3re pojawi\u0105 si\u0119 wkr\u00f3tce, i jak mo\u017cesz z nich skorzysta\u0107. Postrzegamy PressPad jako rozwi\u0105zanie tam, gdzie Adobe jest zbyt korporacyjne, a inni konkurenci zbyt skomplikowani. Dlatego skupiamy si\u0119 na\u2026","rel":"","context":"W &quot;Nowo\u015bci wydawnicze&quot;","block_context":{"text":"Nowo\u015bci wydawnicze","link":"https:\/\/presspad.pl\/blog\/category\/nowosci-wydawnicze\/"},"img":{"alt_text":"","src":"https:\/\/i0.wp.com\/presspad.pl\/blog\/wp-content\/uploads\/2013\/12\/how-new-version-of-presspad-makes-you-en-even-better-publisher1.png?fit=659%2C500&ssl=1&resize=350%2C200","width":350,"height":200,"srcset":"https:\/\/i0.wp.com\/presspad.pl\/blog\/wp-content\/uploads\/2013\/12\/how-new-version-of-presspad-makes-you-en-even-better-publisher1.png?fit=659%2C500&ssl=1&resize=350%2C200 1x, https:\/\/i0.wp.com\/presspad.pl\/blog\/wp-content\/uploads\/2013\/12\/how-new-version-of-presspad-makes-you-en-even-better-publisher1.png?fit=659%2C500&ssl=1&resize=525%2C300 1.5x"},"classes":[]},{"id":9521,"url":"https:\/\/presspad.pl\/blog\/iphone-6-i-nowy-apple-ios8-czy-wydawcy-cyfrowi-powinni-sie-tym-przejmowac\/","url_meta":{"origin":9490,"position":2},"title":"IPhone 6 I Nowy Apple IOS8 &#8211; Czy Wydawcy Cyfrowi Powinni Si\u0119 Tym Przejmowa\u0107?","author":"Wojtek Szywalski","date":"10 wrze\u015bnia, 2014","format":false,"excerpt":"Simon Fortuna, g\u0142\u00f3wny programista iOS w PressPad, zdradza, czego mo\u017cna si\u0119 spodziewa\u0107 po wprowadzeniu iOS 8 i co to oznacza dla wydawc\u00f3w.Przez lata Apple nie ba\u0142o si\u0119 pod\u0105\u017ca\u0107 w\u0142asn\u0105 \u015bcie\u017ck\u0105. Czy pami\u0119tasz fal\u0119 skarg, gdy wprowadzono iOS7 wraz z jego zgrabnym, p\u0142askim interfejsem u\u017cytkownika, kt\u00f3ry spolaryzowa\u0142 spo\u0142eczno\u015b\u0107 Apple na ca\u0142ym\u2026","rel":"","context":"W &quot;Nowo\u015bci wydawnicze&quot;","block_context":{"text":"Nowo\u015bci wydawnicze","link":"https:\/\/presspad.pl\/blog\/category\/nowosci-wydawnicze\/"},"img":{"alt_text":"","src":"https:\/\/i0.wp.com\/presspad.pl\/blog\/wp-content\/uploads\/2014\/09\/iphone-6-and-new-apple-ios8-should-digital-publishers-bother.png?fit=700%2C388&ssl=1&resize=350%2C200","width":350,"height":200,"srcset":"https:\/\/i0.wp.com\/presspad.pl\/blog\/wp-content\/uploads\/2014\/09\/iphone-6-and-new-apple-ios8-should-digital-publishers-bother.png?fit=700%2C388&ssl=1&resize=350%2C200 1x, https:\/\/i0.wp.com\/presspad.pl\/blog\/wp-content\/uploads\/2014\/09\/iphone-6-and-new-apple-ios8-should-digital-publishers-bother.png?fit=700%2C388&ssl=1&resize=525%2C300 1.5x, https:\/\/i0.wp.com\/presspad.pl\/blog\/wp-content\/uploads\/2014\/09\/iphone-6-and-new-apple-ios8-should-digital-publishers-bother.png?fit=700%2C388&ssl=1&resize=700%2C400 2x"},"classes":[]},{"id":9484,"url":"https:\/\/presspad.pl\/blog\/aplikacja-na-androida-wiekszy-zespol-chicago-techweek-2013-i-nie-tylko\/","url_meta":{"origin":9490,"position":3},"title":"Aplikacja Na Androida, Wi\u0119kszy Zesp\u00f3\u0142, Chicago TechWeek 2013 I Nie Tylko","author":"Sylvia","date":"5 czerwca, 2013","format":false,"excerpt":"Nadszed\u0142 czas, aby powiedzie\u0107, co si\u0119 z nami dzieje. A dzieje si\u0119 wiele. Rozwijamy si\u0119 i robimy to dla Was. Aktualizacje produkt\u00f3w","rel":"","context":"W &quot;Publikacja cyfrowa&quot;","block_context":{"text":"Publikacja cyfrowa","link":"https:\/\/presspad.pl\/blog\/category\/publikacja-cyfrowa\/"},"img":{"alt_text":"Online-Publishing-Tool-Team","src":"https:\/\/i0.wp.com\/www.presspadapp.com\/blog\/wp-content\/uploads\/2013\/06\/Recently-Updated-e1370427520614.png?resize=350%2C200&ssl=1","width":350,"height":200},"classes":[]},{"id":9491,"url":"https:\/\/presspad.pl\/blog\/tworzenie-dedykowanej-aplikacji-kiosku-dla-ipada\/","url_meta":{"origin":9490,"position":4},"title":"Tworzenie Dedykowanej Aplikacji Kiosku Dla IPada","author":"Paulina Kubala-Chuchnowska","date":"17 stycznia, 2013","format":false,"excerpt":"Obecnie istniej\u0105 dwa trendy w dziedzinie aplikacji magazynowych na iPada; pierwszy to tworzenie dedykowanych aplikacji, a drugi dotyczy aplikacji internetowych. W dzisiejszym wpisie zajmiemy si\u0119 pierwszym podej\u015bciem i przyjrzymy si\u0119 procesowi dodawania aplikacji do App Store. W PressPad ka\u017cdy z naszych klient\u00f3w otrzymuje w\u0142asn\u0105 aplikacj\u0119. Decyduj\u0105c si\u0119 na zam\u00f3wienie w\u0142asnej\u2026","rel":"","context":"W &quot;Produkt&quot;","block_context":{"text":"Produkt","link":"https:\/\/presspad.pl\/blog\/category\/produkt\/"},"img":{"alt_text":"","src":"https:\/\/i0.wp.com\/presspad.pl\/blog\/wp-content\/uploads\/ipad-newsstand-app.png?fit=757%2C366&ssl=1&resize=350%2C200","width":350,"height":200,"srcset":"https:\/\/i0.wp.com\/presspad.pl\/blog\/wp-content\/uploads\/ipad-newsstand-app.png?fit=757%2C366&ssl=1&resize=350%2C200 1x, https:\/\/i0.wp.com\/presspad.pl\/blog\/wp-content\/uploads\/ipad-newsstand-app.png?fit=757%2C366&ssl=1&resize=525%2C300 1.5x, https:\/\/i0.wp.com\/presspad.pl\/blog\/wp-content\/uploads\/ipad-newsstand-app.png?fit=757%2C366&ssl=1&resize=700%2C400 2x"},"classes":[]},{"id":9631,"url":"https:\/\/presspad.pl\/blog\/rozwoj-aplikacji-mobilnych-trwa-przedstawiamy-zupelnie-nowa-aplikacje-magazynu-dla-ios\/","url_meta":{"origin":9490,"position":5},"title":"Rozw\u00f3j Aplikacji Mobilnych Trwa &#8211; Przedstawiamy Zupe\u0142nie Now\u0105 Aplikacj\u0119 Magazynu Dla IOS","author":"Paulina Kubala-Chuchnowska","date":"21 stycznia, 2021","format":false,"excerpt":"Tworzenie aplikacji mobilnej zaj\u0119\u0142o nam troch\u0119 czasu, ale warto by\u0142o czeka\u0107. PressPad, firma zajmuj\u0105ca si\u0119 tworzeniem aplikacji mobilnych, wkroczy\u0142a w nowy rok z hukiem, og\u0142aszaj\u0105c now\u0105 mobiln\u0105 aplikacj\u0119 magazynow\u0105 dla systemu iOS. Jest to kolejny krok naprz\u00f3d w ewolucji firmy, kt\u00f3ry jest nast\u0119pstwem procesu redefinicji aplikacji opartych na PDF. Ich\u2026","rel":"","context":"W &quot;Produkt&quot;","block_context":{"text":"Produkt","link":"https:\/\/presspad.pl\/blog\/category\/produkt\/"},"img":{"alt_text":"","src":"https:\/\/i0.wp.com\/presspad.pl\/blog\/wp-content\/uploads\/new-magazine-app-from-presspad.png?fit=977%2C628&ssl=1&resize=350%2C200","width":350,"height":200,"srcset":"https:\/\/i0.wp.com\/presspad.pl\/blog\/wp-content\/uploads\/new-magazine-app-from-presspad.png?fit=977%2C628&ssl=1&resize=350%2C200 1x, https:\/\/i0.wp.com\/presspad.pl\/blog\/wp-content\/uploads\/new-magazine-app-from-presspad.png?fit=977%2C628&ssl=1&resize=525%2C300 1.5x, https:\/\/i0.wp.com\/presspad.pl\/blog\/wp-content\/uploads\/new-magazine-app-from-presspad.png?fit=977%2C628&ssl=1&resize=700%2C400 2x"},"classes":[]}],"amp_enabled":true,"_links":{"self":[{"href":"https:\/\/presspad.pl\/blog\/wp-json\/wp\/v2\/posts\/9490","targetHints":{"allow":["GET"]}}],"collection":[{"href":"https:\/\/presspad.pl\/blog\/wp-json\/wp\/v2\/posts"}],"about":[{"href":"https:\/\/presspad.pl\/blog\/wp-json\/wp\/v2\/types\/post"}],"author":[{"embeddable":true,"href":"https:\/\/presspad.pl\/blog\/wp-json\/wp\/v2\/users\/4"}],"replies":[{"embeddable":true,"href":"https:\/\/presspad.pl\/blog\/wp-json\/wp\/v2\/comments?post=9490"}],"version-history":[{"count":1,"href":"https:\/\/presspad.pl\/blog\/wp-json\/wp\/v2\/posts\/9490\/revisions"}],"predecessor-version":[{"id":9840,"href":"https:\/\/presspad.pl\/blog\/wp-json\/wp\/v2\/posts\/9490\/revisions\/9840"}],"wp:attachment":[{"href":"https:\/\/presspad.pl\/blog\/wp-json\/wp\/v2\/media?parent=9490"}],"wp:term":[{"taxonomy":"category","embeddable":true,"href":"https:\/\/presspad.pl\/blog\/wp-json\/wp\/v2\/categories?post=9490"},{"taxonomy":"post_tag","embeddable":true,"href":"https:\/\/presspad.pl\/blog\/wp-json\/wp\/v2\/tags?post=9490"}],"curies":[{"name":"wp","href":"https:\/\/api.w.org\/{rel}","templated":true}]}}