{"id":9495,"date":"2012-12-03T17:04:25","date_gmt":"2012-12-03T15:04:25","guid":{"rendered":"https:\/\/www.presspadapp.com\/blog\/the-daily-konczy-dzialalnosc-nie-byloby-gdyby-zaczelo-sie-w-2012-r\/"},"modified":"2025-03-24T14:30:25","modified_gmt":"2025-03-24T12:30:25","slug":"the-daily-konczy-dzialalnosc-nie-byloby-gdyby-zaczelo-sie-w-2012-r","status":"publish","type":"post","link":"https:\/\/presspad.pl\/blog\/the-daily-konczy-dzialalnosc-nie-byloby-gdyby-zaczelo-sie-w-2012-r\/","title":{"rendered":"The Daily Ko\u0144czy Dzia\u0142alno\u015b\u0107. Nie By\u0142oby, Gdyby Zacz\u0119\u0142o Si\u0119 W 2012 R."},"content":{"rendered":"<p>Dzisiejszy dzie\u0144 jest kamieniem milowym w bran\u017cy wydawniczej. Newscorp&#8217;s The Daily ko\u0144czy dzia\u0142alno\u015b\u0107.  <\/p>\n<p><a rel=\"nofollow\" href=\"http:\/\/www.the-digital-reader.com\/2012\/12\/03\/the-ipad-app-bubble-is-officially-burst-newscorp-is-shutting-down-the-daily\/#.ULzZ4KW7inZ\">Nate Hoffelder<\/a> z The Digital Reader:  <\/p>\n<blockquote><p>Daily wystartowa\u0142o na pocz\u0105tku 2011 roku po\u015br\u00f3d wielu fanfar, szumu i masowej kampanii reklamowej. Na pocz\u0105tku 2012 roku firma rozszerzy\u0142a swoj\u0105 dzia\u0142alno\u015b\u0107 poza iPada, wprowadzaj\u0105c nowe aplikacje na Androida, ale najwyra\u017aniej nie rozwija\u0142a si\u0119 wystarczaj\u0105co szybko i nie pokrywa\u0142a obecnie swoich koszt\u00f3w. Wed\u0142ug doniesie\u0144 firma traci\u0142a 30 milion\u00f3w dolar\u00f3w rocznie.<\/p><\/blockquote>\n<p>Postrzegamy to jako pr\u00f3b\u0119 przekroczenia bud\u017cetu. Kiedy ustalasz bud\u017cet roczny przekraczaj\u0105cy 30 milion\u00f3w, \u017caden sklep tak naprawd\u0119 ci nie pomo\u017ce. Punkt Nate&#8217;a dotycz\u0105cy zamykania si\u0119 tylko na jeden kana\u0142 jest dzi\u015b bardzo aktualny. Tylko teraz &#8222;wielokana\u0142owy&#8221; oznacza r\u00f3wnie\u017c druk, ale w latach 2013-14 nie b\u0119dzie. Wielokana\u0142owo\u015b\u0107 w nadchodz\u0105cych latach b\u0119dzie oznacza\u0107 aplikacje i online.  <\/p>\n<p>Por\u00f3wnuj\u0105c t\u0119 wiadomo\u015b\u0107 z <a href=\"http:\/\/www.presspadapp.com\/kbase\/newsweek-goes-all-digital-next-year\/\">zesz\u0142omiesi\u0119czn\u0105 informacj\u0105 o Newssweek<\/a>, staje si\u0119 jasne, \u017ce rok 2009 nie by\u0142 zbyt dobry dla magazynu tylko na iPada. Teraz, kilka lat p\u00f3\u017aniej, w ko\u0144cu dotarli\u015bmy do w\u0142a\u015bciwego punktu i Newsweek spr\u00f3buje to udowodni\u0107.<\/p>\n","protected":false},"excerpt":{"rendered":"<p>Dzisiejszy dzie\u0144 jest kamieniem milowym w bran\u017cy wydawniczej. Newscorp&#8217;s The Daily ko\u0144czy dzia\u0142alno\u015b\u0107.  <\/p>\n<p>Nate Hoffelder z The Digital Reader:  <\/p>\n<p>Daily wystartowa\u0142o na pocz\u0105tku 2011 roku po\u015br\u00f3d wielu fanfar, szumu i masowej kampanii reklamowej. Na pocz\u0105tku 2012 roku firma rozszerzy\u0142a swoj\u0105 dzia\u0142alno\u015b\u0107 poza iPada, wprowadzaj\u0105c nowe aplikacje na Androida, ale najwyra\u017aniej nie rozwija\u0142a si\u0119 wystarczaj\u0105co szybko i nie pokrywa\u0142a obecnie swoich koszt\u00f3w. Wed\u0142ug doniesie\u0144 firma traci\u0142a 30 milion\u00f3w dolar\u00f3w rocznie.<\/p>\n<div class=\"more-link-wrapper\"><a class=\"more-link\" href=\"https:\/\/presspad.pl\/blog\/the-daily-konczy-dzialalnosc-nie-byloby-gdyby-zaczelo-sie-w-2012-r\/\">Kontynuuj czytanie<span class=\"screen-reader-text\">The Daily Ko\u0144czy Dzia\u0142alno\u015b\u0107. Nie By\u0142oby, Gdyby Zacz\u0119\u0142o Si\u0119 W 2012 R.<\/span><\/a><\/div>\n","protected":false},"author":2,"featured_media":0,"comment_status":"open","ping_status":"open","sticky":false,"template":"","format":"standard","meta":{"rop_custom_images_group":[],"rop_custom_messages_group":[],"rop_publish_now":"initial","rop_publish_now_accounts":{"twitter_333942694_333942694":"","facebook_10225713837976523_125907484158583":""},"rop_publish_now_history":[],"rop_publish_now_status":"pending","_jetpack_newsletter_access":"","_jetpack_dont_email_post_to_subs":false,"_jetpack_newsletter_tier_id":0,"_jetpack_memberships_contains_paywalled_content":false,"_jetpack_memberships_contains_paid_content":false,"footnotes":""},"categories":[283,295],"tags":[],"class_list":["post-9495","post","type-post","status-publish","format-standard","hentry","category-nowosci-wydawnicze","category-publikowanie-magazynow-cyfrowych","entry"],"yoast_head":"<!-- This site is optimized with the Yoast SEO plugin v27.5 - https:\/\/yoast.com\/product\/yoast-seo-wordpress\/ -->\n<title>The Daily Ko\u0144czy Dzia\u0142alno\u015b\u0107. Nie By\u0142oby, Gdyby Zacz\u0119\u0142o Si\u0119 W 2012 R.<\/title>\n<meta name=\"robots\" content=\"index, follow, max-snippet:-1, max-image-preview:large, max-video-preview:-1\" \/>\n<link rel=\"canonical\" href=\"https:\/\/presspad.pl\/blog\/the-daily-konczy-dzialalnosc-nie-byloby-gdyby-zaczelo-sie-w-2012-r\/\" \/>\n<meta property=\"og:locale\" content=\"pl_PL\" \/>\n<meta property=\"og:type\" content=\"article\" \/>\n<meta property=\"og:title\" content=\"The Daily Ko\u0144czy Dzia\u0142alno\u015b\u0107. Nie By\u0142oby, Gdyby Zacz\u0119\u0142o Si\u0119 W 2012 R.\" \/>\n<meta property=\"og:description\" content=\"Dzisiejszy dzie\u0144 jest kamieniem milowym w bran\u017cy wydawniczej. Newscorp&#039;s The Daily ko\u0144czy dzia\u0142alno\u015b\u0107. Nate Hoffelder z The Digital Reader: Daily wystartowa\u0142o na pocz\u0105tku 2011 roku po\u015br\u00f3d wielu fanfar, szumu i masowej kampanii reklamowej. Na pocz\u0105tku 2012 roku firma rozszerzy\u0142a swoj\u0105 dzia\u0142alno\u015b\u0107 poza iPada, wprowadzaj\u0105c nowe aplikacje na Androida, ale najwyra\u017aniej nie rozwija\u0142a si\u0119 wystarczaj\u0105co szybko i nie pokrywa\u0142a obecnie swoich koszt\u00f3w. Wed\u0142ug doniesie\u0144 firma traci\u0142a 30 milion\u00f3w dolar\u00f3w rocznie.\" \/>\n<meta property=\"og:url\" content=\"https:\/\/presspad.pl\/blog\/the-daily-konczy-dzialalnosc-nie-byloby-gdyby-zaczelo-sie-w-2012-r\/\" \/>\n<meta property=\"og:site_name\" content=\"Blog po\u015bwi\u0119cony publikacjom cyfrowym prowadzony przez PressPad\" \/>\n<meta property=\"article:publisher\" content=\"https:\/\/www.facebook.com\/presspad\" \/>\n<meta property=\"article:published_time\" content=\"2012-12-03T15:04:25+00:00\" \/>\n<meta property=\"article:modified_time\" content=\"2025-03-24T12:30:25+00:00\" \/>\n<meta name=\"author\" content=\"Paul\" \/>\n<meta name=\"twitter:card\" content=\"summary_large_image\" \/>\n<meta name=\"twitter:creator\" content=\"@presspadapp\" \/>\n<meta name=\"twitter:site\" content=\"@presspadapp\" \/>\n<meta name=\"twitter:label1\" content=\"Napisane przez\" \/>\n\t<meta name=\"twitter:data1\" content=\"Paul\" \/>\n\t<meta name=\"twitter:label2\" content=\"Szacowany czas czytania\" \/>\n\t<meta name=\"twitter:data2\" content=\"1 minuta\" \/>\n<script type=\"application\/ld+json\" class=\"yoast-schema-graph\">{\"@context\":\"https:\\\/\\\/schema.org\",\"@graph\":[{\"@type\":\"Article\",\"@id\":\"https:\\\/\\\/presspad.pl\\\/blog\\\/the-daily-konczy-dzialalnosc-nie-byloby-gdyby-zaczelo-sie-w-2012-r\\\/#article\",\"isPartOf\":{\"@id\":\"https:\\\/\\\/presspad.pl\\\/blog\\\/the-daily-konczy-dzialalnosc-nie-byloby-gdyby-zaczelo-sie-w-2012-r\\\/\"},\"author\":{\"name\":\"Paul\",\"@id\":\"https:\\\/\\\/presspad.pl\\\/blog\\\/#\\\/schema\\\/person\\\/e4c3d86867edc98d41398affad43db34\"},\"headline\":\"The Daily Ko\u0144czy Dzia\u0142alno\u015b\u0107. Nie By\u0142oby, Gdyby Zacz\u0119\u0142o Si\u0119 W 2012 R.\",\"datePublished\":\"2012-12-03T15:04:25+00:00\",\"dateModified\":\"2025-03-24T12:30:25+00:00\",\"mainEntityOfPage\":{\"@id\":\"https:\\\/\\\/presspad.pl\\\/blog\\\/the-daily-konczy-dzialalnosc-nie-byloby-gdyby-zaczelo-sie-w-2012-r\\\/\"},\"wordCount\":216,\"commentCount\":0,\"publisher\":{\"@id\":\"https:\\\/\\\/presspad.pl\\\/blog\\\/#organization\"},\"articleSection\":[\"Nowo\u015bci wydawnicze\",\"publikowanie magazyn\u00f3w cyfrowych\"],\"inLanguage\":\"pl-PL\",\"potentialAction\":[{\"@type\":\"CommentAction\",\"name\":\"Comment\",\"target\":[\"https:\\\/\\\/presspad.pl\\\/blog\\\/the-daily-konczy-dzialalnosc-nie-byloby-gdyby-zaczelo-sie-w-2012-r\\\/#respond\"]}]},{\"@type\":\"WebPage\",\"@id\":\"https:\\\/\\\/presspad.pl\\\/blog\\\/the-daily-konczy-dzialalnosc-nie-byloby-gdyby-zaczelo-sie-w-2012-r\\\/\",\"url\":\"https:\\\/\\\/presspad.pl\\\/blog\\\/the-daily-konczy-dzialalnosc-nie-byloby-gdyby-zaczelo-sie-w-2012-r\\\/\",\"name\":\"The Daily Ko\u0144czy Dzia\u0142alno\u015b\u0107. Nie By\u0142oby, Gdyby Zacz\u0119\u0142o Si\u0119 W 2012 R.\",\"isPartOf\":{\"@id\":\"https:\\\/\\\/presspad.pl\\\/blog\\\/#website\"},\"datePublished\":\"2012-12-03T15:04:25+00:00\",\"dateModified\":\"2025-03-24T12:30:25+00:00\",\"breadcrumb\":{\"@id\":\"https:\\\/\\\/presspad.pl\\\/blog\\\/the-daily-konczy-dzialalnosc-nie-byloby-gdyby-zaczelo-sie-w-2012-r\\\/#breadcrumb\"},\"inLanguage\":\"pl-PL\",\"potentialAction\":[{\"@type\":\"ReadAction\",\"target\":[\"https:\\\/\\\/presspad.pl\\\/blog\\\/the-daily-konczy-dzialalnosc-nie-byloby-gdyby-zaczelo-sie-w-2012-r\\\/\"]}]},{\"@type\":\"BreadcrumbList\",\"@id\":\"https:\\\/\\\/presspad.pl\\\/blog\\\/the-daily-konczy-dzialalnosc-nie-byloby-gdyby-zaczelo-sie-w-2012-r\\\/#breadcrumb\",\"itemListElement\":[{\"@type\":\"ListItem\",\"position\":1,\"name\":\"Strona g\u0142\u00f3wna\",\"item\":\"https:\\\/\\\/presspad.pl\\\/blog\\\/\"},{\"@type\":\"ListItem\",\"position\":2,\"name\":\"Nowo\u015bci wydawnicze\",\"item\":\"https:\\\/\\\/presspad.pl\\\/blog\\\/category\\\/nowosci-wydawnicze\\\/\"},{\"@type\":\"ListItem\",\"position\":3,\"name\":\"The Daily Ko\u0144czy Dzia\u0142alno\u015b\u0107. Nie By\u0142oby, Gdyby Zacz\u0119\u0142o Si\u0119 W 2012 R.\"}]},{\"@type\":\"WebSite\",\"@id\":\"https:\\\/\\\/presspad.pl\\\/blog\\\/#website\",\"url\":\"https:\\\/\\\/presspad.pl\\\/blog\\\/\",\"name\":\"Blog po\u015bwi\u0119cony publikacjom cyfrowym prowadzony przez PressPad\",\"description\":\"Blog o publikacjach cyfrowych; Aplikacje dla czasopism i porady marketingowe PressPad\",\"publisher\":{\"@id\":\"https:\\\/\\\/presspad.pl\\\/blog\\\/#organization\"},\"potentialAction\":[{\"@type\":\"SearchAction\",\"target\":{\"@type\":\"EntryPoint\",\"urlTemplate\":\"https:\\\/\\\/presspad.pl\\\/blog\\\/?s={search_term_string}\"},\"query-input\":{\"@type\":\"PropertyValueSpecification\",\"valueRequired\":true,\"valueName\":\"search_term_string\"}}],\"inLanguage\":\"pl-PL\"},{\"@type\":\"Organization\",\"@id\":\"https:\\\/\\\/presspad.pl\\\/blog\\\/#organization\",\"name\":\"PressPad\",\"url\":\"https:\\\/\\\/presspad.pl\\\/blog\\\/\",\"logo\":{\"@type\":\"ImageObject\",\"inLanguage\":\"pl-PL\",\"@id\":\"https:\\\/\\\/presspad.pl\\\/blog\\\/#\\\/schema\\\/logo\\\/image\\\/\",\"url\":\"https:\\\/\\\/i0.wp.com\\\/presspad.pl\\\/blog\\\/wp-content\\\/uploads\\\/2013\\\/10\\\/PressPad_LOGO_main_horizontal_gradient.png?fit=800%2C300&ssl=1\",\"contentUrl\":\"https:\\\/\\\/i0.wp.com\\\/presspad.pl\\\/blog\\\/wp-content\\\/uploads\\\/2013\\\/10\\\/PressPad_LOGO_main_horizontal_gradient.png?fit=800%2C300&ssl=1\",\"width\":800,\"height\":300,\"caption\":\"PressPad\"},\"image\":{\"@id\":\"https:\\\/\\\/presspad.pl\\\/blog\\\/#\\\/schema\\\/logo\\\/image\\\/\"},\"sameAs\":[\"https:\\\/\\\/www.facebook.com\\\/presspad\",\"https:\\\/\\\/x.com\\\/presspadapp\",\"https:\\\/\\\/www.instagram.com\\\/presspadapp\\\/\",\"https:\\\/\\\/www.linkedin.com\\\/company\\\/2033158\",\"https:\\\/\\\/www.pinterest.com\\\/presspad\\\/\",\"https:\\\/\\\/www.youtube.com\\\/user\\\/presspad\"]},{\"@type\":\"Person\",\"@id\":\"https:\\\/\\\/presspad.pl\\\/blog\\\/#\\\/schema\\\/person\\\/e4c3d86867edc98d41398affad43db34\",\"name\":\"Paul\",\"image\":{\"@type\":\"ImageObject\",\"inLanguage\":\"pl-PL\",\"@id\":\"https:\\\/\\\/secure.gravatar.com\\\/avatar\\\/d9b9545d505c48289885ec35f9d3e9354eb3111301822e54e7554e4cc3e780e4?s=96&r=g\",\"url\":\"https:\\\/\\\/secure.gravatar.com\\\/avatar\\\/d9b9545d505c48289885ec35f9d3e9354eb3111301822e54e7554e4cc3e780e4?s=96&r=g\",\"contentUrl\":\"https:\\\/\\\/secure.gravatar.com\\\/avatar\\\/d9b9545d505c48289885ec35f9d3e9354eb3111301822e54e7554e4cc3e780e4?s=96&r=g\",\"caption\":\"Paul\"},\"description\":\"Co-founder of PressPad\",\"sameAs\":[\"http:\\\/\\\/www.presspadapp.com\"],\"url\":\"https:\\\/\\\/presspad.pl\\\/blog\\\/author\\\/paulpresspadapp-com\\\/\"}]}<\/script>\n<!-- \/ Yoast SEO plugin. -->","yoast_head_json":{"title":"The Daily Ko\u0144czy Dzia\u0142alno\u015b\u0107. Nie By\u0142oby, Gdyby Zacz\u0119\u0142o Si\u0119 W 2012 R.","robots":{"index":"index","follow":"follow","max-snippet":"max-snippet:-1","max-image-preview":"max-image-preview:large","max-video-preview":"max-video-preview:-1"},"canonical":"https:\/\/presspad.pl\/blog\/the-daily-konczy-dzialalnosc-nie-byloby-gdyby-zaczelo-sie-w-2012-r\/","og_locale":"pl_PL","og_type":"article","og_title":"The Daily Ko\u0144czy Dzia\u0142alno\u015b\u0107. Nie By\u0142oby, Gdyby Zacz\u0119\u0142o Si\u0119 W 2012 R.","og_description":"Dzisiejszy dzie\u0144 jest kamieniem milowym w bran\u017cy wydawniczej. Newscorp's The Daily ko\u0144czy dzia\u0142alno\u015b\u0107. Nate Hoffelder z The Digital Reader: Daily wystartowa\u0142o na pocz\u0105tku 2011 roku po\u015br\u00f3d wielu fanfar, szumu i masowej kampanii reklamowej. Na pocz\u0105tku 2012 roku firma rozszerzy\u0142a swoj\u0105 dzia\u0142alno\u015b\u0107 poza iPada, wprowadzaj\u0105c nowe aplikacje na Androida, ale najwyra\u017aniej nie rozwija\u0142a si\u0119 wystarczaj\u0105co szybko i nie pokrywa\u0142a obecnie swoich koszt\u00f3w. Wed\u0142ug doniesie\u0144 firma traci\u0142a 30 milion\u00f3w dolar\u00f3w rocznie.","og_url":"https:\/\/presspad.pl\/blog\/the-daily-konczy-dzialalnosc-nie-byloby-gdyby-zaczelo-sie-w-2012-r\/","og_site_name":"Blog po\u015bwi\u0119cony publikacjom cyfrowym prowadzony przez PressPad","article_publisher":"https:\/\/www.facebook.com\/presspad","article_published_time":"2012-12-03T15:04:25+00:00","article_modified_time":"2025-03-24T12:30:25+00:00","author":"Paul","twitter_card":"summary_large_image","twitter_creator":"@presspadapp","twitter_site":"@presspadapp","twitter_misc":{"Napisane przez":"Paul","Szacowany czas czytania":"1 minuta"},"schema":{"@context":"https:\/\/schema.org","@graph":[{"@type":"Article","@id":"https:\/\/presspad.pl\/blog\/the-daily-konczy-dzialalnosc-nie-byloby-gdyby-zaczelo-sie-w-2012-r\/#article","isPartOf":{"@id":"https:\/\/presspad.pl\/blog\/the-daily-konczy-dzialalnosc-nie-byloby-gdyby-zaczelo-sie-w-2012-r\/"},"author":{"name":"Paul","@id":"https:\/\/presspad.pl\/blog\/#\/schema\/person\/e4c3d86867edc98d41398affad43db34"},"headline":"The Daily Ko\u0144czy Dzia\u0142alno\u015b\u0107. Nie By\u0142oby, Gdyby Zacz\u0119\u0142o Si\u0119 W 2012 R.","datePublished":"2012-12-03T15:04:25+00:00","dateModified":"2025-03-24T12:30:25+00:00","mainEntityOfPage":{"@id":"https:\/\/presspad.pl\/blog\/the-daily-konczy-dzialalnosc-nie-byloby-gdyby-zaczelo-sie-w-2012-r\/"},"wordCount":216,"commentCount":0,"publisher":{"@id":"https:\/\/presspad.pl\/blog\/#organization"},"articleSection":["Nowo\u015bci wydawnicze","publikowanie magazyn\u00f3w cyfrowych"],"inLanguage":"pl-PL","potentialAction":[{"@type":"CommentAction","name":"Comment","target":["https:\/\/presspad.pl\/blog\/the-daily-konczy-dzialalnosc-nie-byloby-gdyby-zaczelo-sie-w-2012-r\/#respond"]}]},{"@type":"WebPage","@id":"https:\/\/presspad.pl\/blog\/the-daily-konczy-dzialalnosc-nie-byloby-gdyby-zaczelo-sie-w-2012-r\/","url":"https:\/\/presspad.pl\/blog\/the-daily-konczy-dzialalnosc-nie-byloby-gdyby-zaczelo-sie-w-2012-r\/","name":"The Daily Ko\u0144czy Dzia\u0142alno\u015b\u0107. Nie By\u0142oby, Gdyby Zacz\u0119\u0142o Si\u0119 W 2012 R.","isPartOf":{"@id":"https:\/\/presspad.pl\/blog\/#website"},"datePublished":"2012-12-03T15:04:25+00:00","dateModified":"2025-03-24T12:30:25+00:00","breadcrumb":{"@id":"https:\/\/presspad.pl\/blog\/the-daily-konczy-dzialalnosc-nie-byloby-gdyby-zaczelo-sie-w-2012-r\/#breadcrumb"},"inLanguage":"pl-PL","potentialAction":[{"@type":"ReadAction","target":["https:\/\/presspad.pl\/blog\/the-daily-konczy-dzialalnosc-nie-byloby-gdyby-zaczelo-sie-w-2012-r\/"]}]},{"@type":"BreadcrumbList","@id":"https:\/\/presspad.pl\/blog\/the-daily-konczy-dzialalnosc-nie-byloby-gdyby-zaczelo-sie-w-2012-r\/#breadcrumb","itemListElement":[{"@type":"ListItem","position":1,"name":"Strona g\u0142\u00f3wna","item":"https:\/\/presspad.pl\/blog\/"},{"@type":"ListItem","position":2,"name":"Nowo\u015bci wydawnicze","item":"https:\/\/presspad.pl\/blog\/category\/nowosci-wydawnicze\/"},{"@type":"ListItem","position":3,"name":"The Daily Ko\u0144czy Dzia\u0142alno\u015b\u0107. Nie By\u0142oby, Gdyby Zacz\u0119\u0142o Si\u0119 W 2012 R."}]},{"@type":"WebSite","@id":"https:\/\/presspad.pl\/blog\/#website","url":"https:\/\/presspad.pl\/blog\/","name":"Blog po\u015bwi\u0119cony publikacjom cyfrowym prowadzony przez PressPad","description":"Blog o publikacjach cyfrowych; Aplikacje dla czasopism i porady marketingowe PressPad","publisher":{"@id":"https:\/\/presspad.pl\/blog\/#organization"},"potentialAction":[{"@type":"SearchAction","target":{"@type":"EntryPoint","urlTemplate":"https:\/\/presspad.pl\/blog\/?s={search_term_string}"},"query-input":{"@type":"PropertyValueSpecification","valueRequired":true,"valueName":"search_term_string"}}],"inLanguage":"pl-PL"},{"@type":"Organization","@id":"https:\/\/presspad.pl\/blog\/#organization","name":"PressPad","url":"https:\/\/presspad.pl\/blog\/","logo":{"@type":"ImageObject","inLanguage":"pl-PL","@id":"https:\/\/presspad.pl\/blog\/#\/schema\/logo\/image\/","url":"https:\/\/i0.wp.com\/presspad.pl\/blog\/wp-content\/uploads\/2013\/10\/PressPad_LOGO_main_horizontal_gradient.png?fit=800%2C300&ssl=1","contentUrl":"https:\/\/i0.wp.com\/presspad.pl\/blog\/wp-content\/uploads\/2013\/10\/PressPad_LOGO_main_horizontal_gradient.png?fit=800%2C300&ssl=1","width":800,"height":300,"caption":"PressPad"},"image":{"@id":"https:\/\/presspad.pl\/blog\/#\/schema\/logo\/image\/"},"sameAs":["https:\/\/www.facebook.com\/presspad","https:\/\/x.com\/presspadapp","https:\/\/www.instagram.com\/presspadapp\/","https:\/\/www.linkedin.com\/company\/2033158","https:\/\/www.pinterest.com\/presspad\/","https:\/\/www.youtube.com\/user\/presspad"]},{"@type":"Person","@id":"https:\/\/presspad.pl\/blog\/#\/schema\/person\/e4c3d86867edc98d41398affad43db34","name":"Paul","image":{"@type":"ImageObject","inLanguage":"pl-PL","@id":"https:\/\/secure.gravatar.com\/avatar\/d9b9545d505c48289885ec35f9d3e9354eb3111301822e54e7554e4cc3e780e4?s=96&r=g","url":"https:\/\/secure.gravatar.com\/avatar\/d9b9545d505c48289885ec35f9d3e9354eb3111301822e54e7554e4cc3e780e4?s=96&r=g","contentUrl":"https:\/\/secure.gravatar.com\/avatar\/d9b9545d505c48289885ec35f9d3e9354eb3111301822e54e7554e4cc3e780e4?s=96&r=g","caption":"Paul"},"description":"Co-founder of PressPad","sameAs":["http:\/\/www.presspadapp.com"],"url":"https:\/\/presspad.pl\/blog\/author\/paulpresspadapp-com\/"}]}},"jetpack_featured_media_url":"","jetpack_sharing_enabled":true,"jetpack_shortlink":"https:\/\/wp.me\/pbs6e8-2t9","jetpack-related-posts":[{"id":9476,"url":"https:\/\/presspad.pl\/blog\/cyfrowe-publikacje-trzy-edycja-w-gore-i-w-prawo\/","url_meta":{"origin":9495,"position":0},"title":"Cyfrowe Publikacje Trzy: Edycja W G\u00f3r\u0119 I W Prawo","author":"Paul Nowak","date":"2 sierpnia, 2013","format":false,"excerpt":"Co kilka dni publikujemy trzy wa\u017cne wiadomo\u015bci dla bran\u017cy wydawnictw mobilnych. W tym tygodniu trzy najwa\u017cniejsze z nich to: 1. New York Times ujawni\u0142 przychody swojego cyfrowego biznesu i wygl\u0105da to dobrze!Business Insider relacjonuj\u0105cy t\u0119 histori\u0119 wyci\u0105ga nawet optymistyczny wniosek, \u017ce \"(...) Nawet gdyby drukowana gazeta New York Times, kt\u00f3ra\u2026","rel":"","context":"W &quot;Marketing aplikacji&quot;","block_context":{"text":"Marketing aplikacji","link":"https:\/\/presspad.pl\/blog\/category\/marketing-aplikacji\/"},"img":{"alt_text":"","src":"https:\/\/i0.wp.com\/presspad.pl\/blog\/wp-content\/uploads\/2013\/08\/digital-publishing-three.png?fit=600%2C276&ssl=1&resize=350%2C200","width":350,"height":200,"srcset":"https:\/\/i0.wp.com\/presspad.pl\/blog\/wp-content\/uploads\/2013\/08\/digital-publishing-three.png?fit=600%2C276&ssl=1&resize=350%2C200 1x, https:\/\/i0.wp.com\/presspad.pl\/blog\/wp-content\/uploads\/2013\/08\/digital-publishing-three.png?fit=600%2C276&ssl=1&resize=525%2C300 1.5x"},"classes":[]},{"id":9535,"url":"https:\/\/presspad.pl\/blog\/cyfrowa-platforma-wydawnicza-presspad-rozszerza-swoja-dzialalnosc-na-japonie\/","url_meta":{"origin":9495,"position":1},"title":"Cyfrowa Platforma Wydawnicza PressPad Rozszerza Swoj\u0105 Dzia\u0142alno\u015b\u0107 Na Japoni\u0119","author":"Wojtek Szywalski","date":"10 czerwca, 2014","format":false,"excerpt":"Zacz\u0119li\u015bmy budowa\u0107 PressPad, aby zmieni\u0107 bran\u017c\u0119 publikacji cyfrowych, czyni\u0105c j\u0105 \u0142atw\u0105 w u\u017cyciu i przyst\u0119pn\u0105 cenowo dla wydawc\u00f3w ka\u017cdej wielko\u015bci. Urz\u0105dzenia mobilne pozostan\u0105 tutaj, a bran\u017ca wydawnicza jest jedn\u0105 z wielu bran\u017c dotkni\u0119tych rewolucj\u0105 mobiln\u0105. Dzi\u0119ki aktywnemu wsparciu PressPad wydawcy czasopism i autorzy mog\u0105 zarabia\u0107 na swoich istniej\u0105cych tre\u015bciach na\u2026","rel":"","context":"W &quot;Produkt&quot;","block_context":{"text":"Produkt","link":"https:\/\/presspad.pl\/blog\/category\/produkt\/"},"img":{"alt_text":"","src":"https:\/\/i0.wp.com\/presspad.pl\/blog\/wp-content\/uploads\/2014\/06\/presspad-digital-publishing-platform-expands-operations-japan.jpg?fit=640%2C340&ssl=1&resize=350%2C200","width":350,"height":200,"srcset":"https:\/\/i0.wp.com\/presspad.pl\/blog\/wp-content\/uploads\/2014\/06\/presspad-digital-publishing-platform-expands-operations-japan.jpg?fit=640%2C340&ssl=1&resize=350%2C200 1x, https:\/\/i0.wp.com\/presspad.pl\/blog\/wp-content\/uploads\/2014\/06\/presspad-digital-publishing-platform-expands-operations-japan.jpg?fit=640%2C340&ssl=1&resize=525%2C300 1.5x"},"classes":[]},{"id":9608,"url":"https:\/\/presspad.pl\/blog\/jak-handel-elektroniczny-podbil-swiat-publikacji-cyfrowych-i-co-z-tego-wyniklo\/","url_meta":{"origin":9495,"position":2},"title":"Jak Handel Elektroniczny Podbi\u0142 \u015bwiat Publikacji Cyfrowych I Co Z Tego Wynik\u0142o?","author":"Paulina Kubala-Chuchnowska","date":"3 stycznia, 2022","format":false,"excerpt":"Do\u015bwiadczeni wydawcy, prowadz\u0105cy sw\u00f3j biznes od lat, maj\u0105 dobrze skonstruowane i \u015bwietnie dzia\u0142aj\u0105ce lejki sprzeda\u017cowe. Dywersyfikuj\u0105 wi\u0119c tre\u015bci dostosowane do zdefiniowanych grup docelowych odpowiednio do r\u00f3\u017cnych etap\u00f3w zakupowych. W efekcie ich sprzeda\u017c ro\u015bnie. A co je\u015bli chc\u0105 jeszcze bardziej rozwin\u0105\u0107 swoj\u0105 cyfrow\u0105 firm\u0119 wydawnicz\u0105? Jest na to spos\u00f3b; co\u015b, co\u2026","rel":"","context":"W &quot;Publikacja cyfrowa&quot;","block_context":{"text":"Publikacja cyfrowa","link":"https:\/\/presspad.pl\/blog\/category\/publikacja-cyfrowa\/"},"img":{"alt_text":"","src":"https:\/\/i0.wp.com\/presspad.pl\/blog\/wp-content\/uploads\/ecommerce-and-publishing-1.jpeg?fit=986%2C571&ssl=1&resize=350%2C200","width":350,"height":200,"srcset":"https:\/\/i0.wp.com\/presspad.pl\/blog\/wp-content\/uploads\/ecommerce-and-publishing-1.jpeg?fit=986%2C571&ssl=1&resize=350%2C200 1x, https:\/\/i0.wp.com\/presspad.pl\/blog\/wp-content\/uploads\/ecommerce-and-publishing-1.jpeg?fit=986%2C571&ssl=1&resize=525%2C300 1.5x, https:\/\/i0.wp.com\/presspad.pl\/blog\/wp-content\/uploads\/ecommerce-and-publishing-1.jpeg?fit=986%2C571&ssl=1&resize=700%2C400 2x"},"classes":[]},{"id":9602,"url":"https:\/\/presspad.pl\/blog\/cyfrowa-platforma-wydawnicza-presspad-na-rynku-singapurskim\/","url_meta":{"origin":9495,"position":3},"title":"Cyfrowa Platforma Wydawnicza PressPad Na Rynku Singapurskim","author":"Wojtek Szywalski","date":"16 marca, 2016","format":false,"excerpt":"Wprowadzenie cyfrowej platformy wydawniczej w Singapurze to ambitny projekt PressPad i firmy partnerskiej Rising Sun Media & Marketing. Singapur jest wyj\u0105tkowy. To dynamiczny rynek, na kt\u00f3rym wydawanych jest wiele magazyn\u00f3w. Zapaleni kupuj\u0105cy chc\u0105 nie tylko czyta\u0107 na urz\u0105dzeniach mobilnych, ale przede wszystkim dobrze si\u0119 bawi\u0107 podczas zakup\u00f3w. Jest to bardzo\u2026","rel":"","context":"W &quot;Komunikaty prasowe&quot;","block_context":{"text":"Komunikaty prasowe","link":"https:\/\/presspad.pl\/blog\/category\/komunikaty-prasowe\/"},"img":{"alt_text":"","src":"https:\/\/i0.wp.com\/presspad.pl\/blog\/wp-content\/uploads\/digital-publishing-platform-presspad-singapore.jpg?fit=700%2C381&ssl=1&resize=350%2C200","width":350,"height":200,"srcset":"https:\/\/i0.wp.com\/presspad.pl\/blog\/wp-content\/uploads\/digital-publishing-platform-presspad-singapore.jpg?fit=700%2C381&ssl=1&resize=350%2C200 1x, https:\/\/i0.wp.com\/presspad.pl\/blog\/wp-content\/uploads\/digital-publishing-platform-presspad-singapore.jpg?fit=700%2C381&ssl=1&resize=525%2C300 1.5x, https:\/\/i0.wp.com\/presspad.pl\/blog\/wp-content\/uploads\/digital-publishing-platform-presspad-singapore.jpg?fit=700%2C381&ssl=1&resize=700%2C400 2x"},"classes":[]},{"id":9630,"url":"https:\/\/presspad.pl\/blog\/10-lat-presspad-opowiesc-o-tym-jak-zmienic-swiat-czasopism-dzieki-cyfrowym-platformom-wydawniczym\/","url_meta":{"origin":9495,"position":4},"title":"10 Lat PressPad &#8211; Opowie\u015b\u0107 O Tym, Jak Zmieni\u0107 \u015bwiat Czasopism Dzi\u0119ki Cyfrowym Platformom Wydawniczym","author":"Paulina Kubala-Chuchnowska","date":"2 marca, 2021","format":false,"excerpt":"PressPad obchodzi w tym roku 10. urodziny. Jest to okazja, by wybra\u0107 si\u0119 na wycieczk\u0119 w przesz\u0142o\u015b\u0107: podsumowa\u0107 nasze osi\u0105gni\u0119cia, wspomnie\u0107 kluczowe momenty, kt\u00f3re prze\u017cyli\u015bmy, opowiedzie\u0107 o wyzwaniach, kt\u00f3rym musieli\u015bmy stawi\u0107 czo\u0142a. Dlatego zapraszamy do lektury tego artyku\u0142u, kt\u00f3ry pozwoli Wam lepiej pozna\u0107 nasz\u0105 histori\u0119, dowiedzie\u0107 si\u0119, co nas motywuje\u2026","rel":"","context":"W &quot;Historia PressPada&quot;","block_context":{"text":"Historia PressPada","link":"https:\/\/presspad.pl\/blog\/category\/historia-presspada\/"},"img":{"alt_text":"","src":"https:\/\/i0.wp.com\/presspad.pl\/blog\/wp-content\/uploads\/10-years-of-presspad.jpg?fit=900%2C489&ssl=1&resize=350%2C200","width":350,"height":200,"srcset":"https:\/\/i0.wp.com\/presspad.pl\/blog\/wp-content\/uploads\/10-years-of-presspad.jpg?fit=900%2C489&ssl=1&resize=350%2C200 1x, https:\/\/i0.wp.com\/presspad.pl\/blog\/wp-content\/uploads\/10-years-of-presspad.jpg?fit=900%2C489&ssl=1&resize=525%2C300 1.5x, https:\/\/i0.wp.com\/presspad.pl\/blog\/wp-content\/uploads\/10-years-of-presspad.jpg?fit=900%2C489&ssl=1&resize=700%2C400 2x"},"classes":[]},{"id":9474,"url":"https:\/\/presspad.pl\/blog\/jak-zbudowac-system-publikowania-czasopism-na-urzadzeniach-mobilnych\/","url_meta":{"origin":9495,"position":5},"title":"Jak Zbudowa\u0107 System Publikowania Czasopism Na Urz\u0105dzeniach Mobilnych?","author":"Paul Nowak","date":"11 sierpnia, 2013","format":false,"excerpt":"Gdybym w 2011 roku wiedzia\u0142 to, co wiem dzisiaj, prawdopodobnie nie zdecydowa\u0142bym si\u0119 na za\u0142o\u017cenie PressPada. To kr\u00f3tka odpowied\u017a na pytanie postawione w tytule. Dzi\u015b kochamy to, co robimy w zakresie wydawnictw mobilnych, ale pocz\u0105tki nie by\u0142y \u0142atwe. I to jest etap, z kt\u00f3rym musi zmierzy\u0107 si\u0119 wydawca chc\u0105cy zbudowa\u0107\u2026","rel":"","context":"W &quot;Marketing aplikacji&quot;","block_context":{"text":"Marketing aplikacji","link":"https:\/\/presspad.pl\/blog\/category\/marketing-aplikacji\/"},"img":{"alt_text":"","src":"https:\/\/i0.wp.com\/presspad.pl\/blog\/wp-content\/uploads\/2013\/08\/build-ipad-app-for-magazine.png?fit=757%2C549&ssl=1&resize=350%2C200","width":350,"height":200,"srcset":"https:\/\/i0.wp.com\/presspad.pl\/blog\/wp-content\/uploads\/2013\/08\/build-ipad-app-for-magazine.png?fit=757%2C549&ssl=1&resize=350%2C200 1x, https:\/\/i0.wp.com\/presspad.pl\/blog\/wp-content\/uploads\/2013\/08\/build-ipad-app-for-magazine.png?fit=757%2C549&ssl=1&resize=525%2C300 1.5x, https:\/\/i0.wp.com\/presspad.pl\/blog\/wp-content\/uploads\/2013\/08\/build-ipad-app-for-magazine.png?fit=757%2C549&ssl=1&resize=700%2C400 2x"},"classes":[]}],"amp_enabled":true,"_links":{"self":[{"href":"https:\/\/presspad.pl\/blog\/wp-json\/wp\/v2\/posts\/9495","targetHints":{"allow":["GET"]}}],"collection":[{"href":"https:\/\/presspad.pl\/blog\/wp-json\/wp\/v2\/posts"}],"about":[{"href":"https:\/\/presspad.pl\/blog\/wp-json\/wp\/v2\/types\/post"}],"author":[{"embeddable":true,"href":"https:\/\/presspad.pl\/blog\/wp-json\/wp\/v2\/users\/2"}],"replies":[{"embeddable":true,"href":"https:\/\/presspad.pl\/blog\/wp-json\/wp\/v2\/comments?post=9495"}],"version-history":[{"count":1,"href":"https:\/\/presspad.pl\/blog\/wp-json\/wp\/v2\/posts\/9495\/revisions"}],"predecessor-version":[{"id":9851,"href":"https:\/\/presspad.pl\/blog\/wp-json\/wp\/v2\/posts\/9495\/revisions\/9851"}],"wp:attachment":[{"href":"https:\/\/presspad.pl\/blog\/wp-json\/wp\/v2\/media?parent=9495"}],"wp:term":[{"taxonomy":"category","embeddable":true,"href":"https:\/\/presspad.pl\/blog\/wp-json\/wp\/v2\/categories?post=9495"},{"taxonomy":"post_tag","embeddable":true,"href":"https:\/\/presspad.pl\/blog\/wp-json\/wp\/v2\/tags?post=9495"}],"curies":[{"name":"wp","href":"https:\/\/api.w.org\/{rel}","templated":true}]}}