{"id":9504,"date":"2013-08-08T18:39:18","date_gmt":"2013-08-08T16:39:18","guid":{"rendered":"https:\/\/www.presspadapp.com\/blog\/wydawnictwo-cyfrowe-trzy-pierwsze-the-washington-post-kupiony-przez-jeffa-bezosa-za-20-lat-gazety-drukowane-beda-na-wymarciu\/"},"modified":"2025-03-24T14:30:20","modified_gmt":"2025-03-24T12:30:20","slug":"wydawnictwo-cyfrowe-trzy-pierwsze-the-washington-post-kupiony-przez-jeffa-bezosa-za-20-lat-gazety-drukowane-beda-na-wymarciu","status":"publish","type":"post","link":"https:\/\/presspad.pl\/blog\/wydawnictwo-cyfrowe-trzy-pierwsze-the-washington-post-kupiony-przez-jeffa-bezosa-za-20-lat-gazety-drukowane-beda-na-wymarciu\/","title":{"rendered":"Wydawnictwo Cyfrowe <del>trzy<\/del> Pierwsze: The Washington Post Kupiony Przez Jeffa Bezosa &#8222;za 20 Lat Gazety Drukowane B\u0119d\u0105 Na Wymarciu&#8221;"},"content":{"rendered":"<h2>Co kilka dni publikujemy trzy wa\u017cne wiadomo\u015bci dla bran\u017cy wydawnictw mobilnych. W tym tygodniu mamy tylko jedn\u0105, ale za to bardzo dobr\u0105: <\/h2>\n<p><!--more--><\/p>\n<h3><strong><a rel=\"nofollow\" href=\"http:\/\/www.wired.com\/business\/2013\/08\/bezos-amazon-washington-post\/\">Jeff Bezos kupi\u0142 The Washington Post. Ale to samo zrobi\u0142 Amazon <\/a><\/strong><\/h3>\n<p>Najpierw fakty: Jeff Bezos, charyzmatyczny CEO internetowego giganta Amazon, kupuje The Washington Post. Interesuj\u0105c\u0105 stron\u0105 tej transakcji jest spos\u00f3b, w jaki eksperci medialni opisuj\u0105 t\u0119 histori\u0119 przez ostatnie dwa dni. Skupili si\u0119 g\u0142\u00f3wnie na tym, \u017ce Bezos kupi\u0142 The Post za w\u0142asne pieni\u0105dze i pr\u00f3bowali zgadn\u0105\u0107, co cz\u0142owiek taki jak on mo\u017ce zrobi\u0107 z gazet\u0105 tak\u0105 jak The Post.    <\/p>\n<p>Byli\u015bmy bardzo zadowoleni, widz\u0105c artyku\u0142 Cade&#8217;a Metza na Wired o Bezosie \/ The Washington Post. Wired nie jest zaanga\u017cowany w biznes gazetowy i ma tendencj\u0119 do patrzenia na sprawy z innej perspektywy. Metz wyra\u017anie zauwa\u017cy\u0142, \u017ce chocia\u017c Bezos kupi\u0142 The Post za w\u0142asne pieni\u0105dze, jedynym powodem jest po\u0142\u0105czenie go z Amazonem <em>z zewn\u0105trz<\/em>.    <\/p>\n<p><a rel=\"nofollow\" href=\"http:\/\/www.wired.com\/business\/2013\/08\/bezos-amazon-washington-post\/\">Przeczytaj ca\u0142\u0105 histori\u0119 na wired.com<\/a><\/p>\n<p><a rel=\"nofollow\" href=\"http:\/\/www.flickr.com\/photos\/dionhinchcliffe\/3020281035\/\" title=\"Wej\u015bcie do Washington Post na 15 ulicy Northwest DC autorstwa dionhinchcliffe, on Flickr\">Zdj\u0119cie: Dion Hinchcliffe<\/a><\/p>\n","protected":false},"excerpt":{"rendered":"<p>Co kilka dni publikujemy trzy wa\u017cne wiadomo\u015bci dla bran\u017cy wydawnictw mobilnych. W tym tygodniu mamy tylko jedn\u0105, ale za to bardzo dobr\u0105: <\/p>\n<p>Jeff Bezos kupi\u0142 The Washington Post. Ale to samo zrobi\u0142 Amazon <\/p>\n<p>Najpierw fakty: Jeff Bezos, charyzmatyczny CEO internetowego giganta Amazon, kupuje The Washington Post. Interesuj\u0105c\u0105 stron\u0105 tej transakcji jest spos\u00f3b, w jaki eksperci medialni opisuj\u0105 t\u0119 histori\u0119 przez ostatnie dwa dni. Skupili si\u0119 g\u0142\u00f3wnie na tym, \u017ce Bezos kupi\u0142 The Post za w\u0142asne pieni\u0105dze i pr\u00f3bowali zgadn\u0105\u0107, co cz\u0142owiek taki jak on mo\u017ce zrobi\u0107 z gazet\u0105 tak\u0105 jak The Post.    <\/p>\n<div class=\"more-link-wrapper\"><a class=\"more-link\" href=\"https:\/\/presspad.pl\/blog\/wydawnictwo-cyfrowe-trzy-pierwsze-the-washington-post-kupiony-przez-jeffa-bezosa-za-20-lat-gazety-drukowane-beda-na-wymarciu\/\">Kontynuuj czytanie<span class=\"screen-reader-text\">Wydawnictwo Cyfrowe &lt;del&gt;trzy&lt;\/del&gt; Pierwsze: The Washington Post Kupiony Przez Jeffa Bezosa &#8222;za 20 Lat Gazety Drukowane B\u0119d\u0105 Na Wymarciu&#8221;<\/span><\/a><\/div>\n","protected":false},"author":1,"featured_media":8521,"comment_status":"open","ping_status":"open","sticky":false,"template":"","format":"standard","meta":{"rop_custom_images_group":[],"rop_custom_messages_group":[],"rop_publish_now":"initial","rop_publish_now_accounts":{"twitter_333942694_333942694":"","facebook_10225713837976523_125907484158583":""},"rop_publish_now_history":[],"rop_publish_now_status":"pending","_jetpack_newsletter_access":"","_jetpack_dont_email_post_to_subs":false,"_jetpack_newsletter_tier_id":0,"_jetpack_memberships_contains_paywalled_content":false,"_jetpack_memberships_contains_paid_content":false,"footnotes":""},"categories":[283,295],"tags":[],"class_list":["post-9504","post","type-post","status-publish","format-standard","has-post-thumbnail","hentry","category-nowosci-wydawnicze","category-publikowanie-magazynow-cyfrowych","entry"],"yoast_head":"<!-- This site is optimized with the Yoast SEO plugin v27.5 - https:\/\/yoast.com\/product\/yoast-seo-wordpress\/ -->\n<title>Wydawnictwo Cyfrowe trzy Pierwsze: The Washington Post Kupiony Przez Jeffa Bezosa &quot;za 20 Lat Gazety Drukowane B\u0119d\u0105 Na Wymarciu&quot;<\/title>\n<meta name=\"robots\" content=\"index, follow, max-snippet:-1, max-image-preview:large, max-video-preview:-1\" \/>\n<link rel=\"canonical\" href=\"https:\/\/presspad.pl\/blog\/wydawnictwo-cyfrowe-trzy-pierwsze-the-washington-post-kupiony-przez-jeffa-bezosa-za-20-lat-gazety-drukowane-beda-na-wymarciu\/\" \/>\n<meta property=\"og:locale\" content=\"pl_PL\" \/>\n<meta property=\"og:type\" content=\"article\" \/>\n<meta property=\"og:title\" content=\"Wydawnictwo Cyfrowe trzy Pierwsze: The Washington Post Kupiony Przez Jeffa Bezosa &quot;za 20 Lat Gazety Drukowane B\u0119d\u0105 Na Wymarciu&quot;\" \/>\n<meta property=\"og:description\" content=\"Co kilka dni publikujemy trzy wa\u017cne wiadomo\u015bci dla bran\u017cy wydawnictw mobilnych. W tym tygodniu mamy tylko jedn\u0105, ale za to bardzo dobr\u0105: Jeff Bezos kupi\u0142 The Washington Post. Ale to samo zrobi\u0142 Amazon Najpierw fakty: Jeff Bezos, charyzmatyczny CEO internetowego giganta Amazon, kupuje The Washington Post. Interesuj\u0105c\u0105 stron\u0105 tej transakcji jest spos\u00f3b, w jaki eksperci medialni opisuj\u0105 t\u0119 histori\u0119 przez ostatnie dwa dni. Skupili si\u0119 g\u0142\u00f3wnie na tym, \u017ce Bezos kupi\u0142 The Post za w\u0142asne pieni\u0105dze i pr\u00f3bowali zgadn\u0105\u0107, co cz\u0142owiek taki jak on mo\u017ce zrobi\u0107 z gazet\u0105 tak\u0105 jak The Post.\" \/>\n<meta property=\"og:url\" content=\"https:\/\/presspad.pl\/blog\/wydawnictwo-cyfrowe-trzy-pierwsze-the-washington-post-kupiony-przez-jeffa-bezosa-za-20-lat-gazety-drukowane-beda-na-wymarciu\/\" \/>\n<meta property=\"og:site_name\" content=\"Blog po\u015bwi\u0119cony publikacjom cyfrowym prowadzony przez PressPad\" \/>\n<meta property=\"article:publisher\" content=\"https:\/\/www.facebook.com\/presspad\" \/>\n<meta property=\"article:published_time\" content=\"2013-08-08T16:39:18+00:00\" \/>\n<meta property=\"article:modified_time\" content=\"2025-03-24T12:30:20+00:00\" \/>\n<meta property=\"og:image\" content=\"https:\/\/i0.wp.com\/presspad.pl\/blog\/wp-content\/uploads\/2013\/08\/digital-publishing-three-amazon-buys-washington-post.jpg?fit=600%2C276&ssl=1\" \/>\n\t<meta property=\"og:image:width\" content=\"600\" \/>\n\t<meta property=\"og:image:height\" content=\"276\" \/>\n\t<meta property=\"og:image:type\" content=\"image\/jpeg\" \/>\n<meta name=\"author\" content=\"Paul Nowak\" \/>\n<meta name=\"twitter:card\" content=\"summary_large_image\" \/>\n<meta name=\"twitter:creator\" content=\"@presspadapp\" \/>\n<meta name=\"twitter:site\" content=\"@presspadapp\" \/>\n<meta name=\"twitter:label1\" content=\"Napisane przez\" \/>\n\t<meta name=\"twitter:data1\" content=\"Paul Nowak\" \/>\n\t<meta name=\"twitter:label2\" content=\"Szacowany czas czytania\" \/>\n\t<meta name=\"twitter:data2\" content=\"1 minuta\" \/>\n<script type=\"application\/ld+json\" class=\"yoast-schema-graph\">{\"@context\":\"https:\\\/\\\/schema.org\",\"@graph\":[{\"@type\":\"Article\",\"@id\":\"https:\\\/\\\/presspad.pl\\\/blog\\\/wydawnictwo-cyfrowe-trzy-pierwsze-the-washington-post-kupiony-przez-jeffa-bezosa-za-20-lat-gazety-drukowane-beda-na-wymarciu\\\/#article\",\"isPartOf\":{\"@id\":\"https:\\\/\\\/presspad.pl\\\/blog\\\/wydawnictwo-cyfrowe-trzy-pierwsze-the-washington-post-kupiony-przez-jeffa-bezosa-za-20-lat-gazety-drukowane-beda-na-wymarciu\\\/\"},\"author\":{\"name\":\"Paul Nowak\",\"@id\":\"https:\\\/\\\/presspad.pl\\\/blog\\\/#\\\/schema\\\/person\\\/921c193d7d9bbaaaf68b8ba00d4b49f4\"},\"headline\":\"Wydawnictwo Cyfrowe trzy Pierwsze: The Washington Post Kupiony Przez Jeffa Bezosa &#8222;za 20 Lat Gazety Drukowane B\u0119d\u0105 Na Wymarciu&#8221;\",\"datePublished\":\"2013-08-08T16:39:18+00:00\",\"dateModified\":\"2025-03-24T12:30:20+00:00\",\"mainEntityOfPage\":{\"@id\":\"https:\\\/\\\/presspad.pl\\\/blog\\\/wydawnictwo-cyfrowe-trzy-pierwsze-the-washington-post-kupiony-przez-jeffa-bezosa-za-20-lat-gazety-drukowane-beda-na-wymarciu\\\/\"},\"wordCount\":194,\"commentCount\":0,\"publisher\":{\"@id\":\"https:\\\/\\\/presspad.pl\\\/blog\\\/#organization\"},\"image\":{\"@id\":\"https:\\\/\\\/presspad.pl\\\/blog\\\/wydawnictwo-cyfrowe-trzy-pierwsze-the-washington-post-kupiony-przez-jeffa-bezosa-za-20-lat-gazety-drukowane-beda-na-wymarciu\\\/#primaryimage\"},\"thumbnailUrl\":\"https:\\\/\\\/i0.wp.com\\\/presspad.pl\\\/blog\\\/wp-content\\\/uploads\\\/2013\\\/08\\\/digital-publishing-three-amazon-buys-washington-post.jpg?fit=600%2C276&ssl=1\",\"articleSection\":[\"Nowo\u015bci wydawnicze\",\"publikowanie magazyn\u00f3w cyfrowych\"],\"inLanguage\":\"pl-PL\",\"potentialAction\":[{\"@type\":\"CommentAction\",\"name\":\"Comment\",\"target\":[\"https:\\\/\\\/presspad.pl\\\/blog\\\/wydawnictwo-cyfrowe-trzy-pierwsze-the-washington-post-kupiony-przez-jeffa-bezosa-za-20-lat-gazety-drukowane-beda-na-wymarciu\\\/#respond\"]}]},{\"@type\":\"WebPage\",\"@id\":\"https:\\\/\\\/presspad.pl\\\/blog\\\/wydawnictwo-cyfrowe-trzy-pierwsze-the-washington-post-kupiony-przez-jeffa-bezosa-za-20-lat-gazety-drukowane-beda-na-wymarciu\\\/\",\"url\":\"https:\\\/\\\/presspad.pl\\\/blog\\\/wydawnictwo-cyfrowe-trzy-pierwsze-the-washington-post-kupiony-przez-jeffa-bezosa-za-20-lat-gazety-drukowane-beda-na-wymarciu\\\/\",\"name\":\"Wydawnictwo Cyfrowe trzy Pierwsze: The Washington Post Kupiony Przez Jeffa Bezosa \\\"za 20 Lat Gazety Drukowane B\u0119d\u0105 Na Wymarciu\\\"\",\"isPartOf\":{\"@id\":\"https:\\\/\\\/presspad.pl\\\/blog\\\/#website\"},\"primaryImageOfPage\":{\"@id\":\"https:\\\/\\\/presspad.pl\\\/blog\\\/wydawnictwo-cyfrowe-trzy-pierwsze-the-washington-post-kupiony-przez-jeffa-bezosa-za-20-lat-gazety-drukowane-beda-na-wymarciu\\\/#primaryimage\"},\"image\":{\"@id\":\"https:\\\/\\\/presspad.pl\\\/blog\\\/wydawnictwo-cyfrowe-trzy-pierwsze-the-washington-post-kupiony-przez-jeffa-bezosa-za-20-lat-gazety-drukowane-beda-na-wymarciu\\\/#primaryimage\"},\"thumbnailUrl\":\"https:\\\/\\\/i0.wp.com\\\/presspad.pl\\\/blog\\\/wp-content\\\/uploads\\\/2013\\\/08\\\/digital-publishing-three-amazon-buys-washington-post.jpg?fit=600%2C276&ssl=1\",\"datePublished\":\"2013-08-08T16:39:18+00:00\",\"dateModified\":\"2025-03-24T12:30:20+00:00\",\"breadcrumb\":{\"@id\":\"https:\\\/\\\/presspad.pl\\\/blog\\\/wydawnictwo-cyfrowe-trzy-pierwsze-the-washington-post-kupiony-przez-jeffa-bezosa-za-20-lat-gazety-drukowane-beda-na-wymarciu\\\/#breadcrumb\"},\"inLanguage\":\"pl-PL\",\"potentialAction\":[{\"@type\":\"ReadAction\",\"target\":[\"https:\\\/\\\/presspad.pl\\\/blog\\\/wydawnictwo-cyfrowe-trzy-pierwsze-the-washington-post-kupiony-przez-jeffa-bezosa-za-20-lat-gazety-drukowane-beda-na-wymarciu\\\/\"]}]},{\"@type\":\"ImageObject\",\"inLanguage\":\"pl-PL\",\"@id\":\"https:\\\/\\\/presspad.pl\\\/blog\\\/wydawnictwo-cyfrowe-trzy-pierwsze-the-washington-post-kupiony-przez-jeffa-bezosa-za-20-lat-gazety-drukowane-beda-na-wymarciu\\\/#primaryimage\",\"url\":\"https:\\\/\\\/i0.wp.com\\\/presspad.pl\\\/blog\\\/wp-content\\\/uploads\\\/2013\\\/08\\\/digital-publishing-three-amazon-buys-washington-post.jpg?fit=600%2C276&ssl=1\",\"contentUrl\":\"https:\\\/\\\/i0.wp.com\\\/presspad.pl\\\/blog\\\/wp-content\\\/uploads\\\/2013\\\/08\\\/digital-publishing-three-amazon-buys-washington-post.jpg?fit=600%2C276&ssl=1\",\"width\":600,\"height\":276},{\"@type\":\"BreadcrumbList\",\"@id\":\"https:\\\/\\\/presspad.pl\\\/blog\\\/wydawnictwo-cyfrowe-trzy-pierwsze-the-washington-post-kupiony-przez-jeffa-bezosa-za-20-lat-gazety-drukowane-beda-na-wymarciu\\\/#breadcrumb\",\"itemListElement\":[{\"@type\":\"ListItem\",\"position\":1,\"name\":\"Strona g\u0142\u00f3wna\",\"item\":\"https:\\\/\\\/presspad.pl\\\/blog\\\/\"},{\"@type\":\"ListItem\",\"position\":2,\"name\":\"Nowo\u015bci wydawnicze\",\"item\":\"https:\\\/\\\/presspad.pl\\\/blog\\\/category\\\/nowosci-wydawnicze\\\/\"},{\"@type\":\"ListItem\",\"position\":3,\"name\":\"Wydawnictwo Cyfrowe trzy Pierwsze: The Washington Post Kupiony Przez Jeffa Bezosa &#8222;za 20 Lat Gazety Drukowane B\u0119d\u0105 Na Wymarciu&#8221;\"}]},{\"@type\":\"WebSite\",\"@id\":\"https:\\\/\\\/presspad.pl\\\/blog\\\/#website\",\"url\":\"https:\\\/\\\/presspad.pl\\\/blog\\\/\",\"name\":\"Blog po\u015bwi\u0119cony publikacjom cyfrowym prowadzony przez PressPad\",\"description\":\"Blog o publikacjach cyfrowych; Aplikacje dla czasopism i porady marketingowe PressPad\",\"publisher\":{\"@id\":\"https:\\\/\\\/presspad.pl\\\/blog\\\/#organization\"},\"potentialAction\":[{\"@type\":\"SearchAction\",\"target\":{\"@type\":\"EntryPoint\",\"urlTemplate\":\"https:\\\/\\\/presspad.pl\\\/blog\\\/?s={search_term_string}\"},\"query-input\":{\"@type\":\"PropertyValueSpecification\",\"valueRequired\":true,\"valueName\":\"search_term_string\"}}],\"inLanguage\":\"pl-PL\"},{\"@type\":\"Organization\",\"@id\":\"https:\\\/\\\/presspad.pl\\\/blog\\\/#organization\",\"name\":\"PressPad\",\"url\":\"https:\\\/\\\/presspad.pl\\\/blog\\\/\",\"logo\":{\"@type\":\"ImageObject\",\"inLanguage\":\"pl-PL\",\"@id\":\"https:\\\/\\\/presspad.pl\\\/blog\\\/#\\\/schema\\\/logo\\\/image\\\/\",\"url\":\"https:\\\/\\\/i0.wp.com\\\/presspad.pl\\\/blog\\\/wp-content\\\/uploads\\\/2013\\\/10\\\/PressPad_LOGO_main_horizontal_gradient.png?fit=800%2C300&ssl=1\",\"contentUrl\":\"https:\\\/\\\/i0.wp.com\\\/presspad.pl\\\/blog\\\/wp-content\\\/uploads\\\/2013\\\/10\\\/PressPad_LOGO_main_horizontal_gradient.png?fit=800%2C300&ssl=1\",\"width\":800,\"height\":300,\"caption\":\"PressPad\"},\"image\":{\"@id\":\"https:\\\/\\\/presspad.pl\\\/blog\\\/#\\\/schema\\\/logo\\\/image\\\/\"},\"sameAs\":[\"https:\\\/\\\/www.facebook.com\\\/presspad\",\"https:\\\/\\\/x.com\\\/presspadapp\",\"https:\\\/\\\/www.instagram.com\\\/presspadapp\\\/\",\"https:\\\/\\\/www.linkedin.com\\\/company\\\/2033158\",\"https:\\\/\\\/www.pinterest.com\\\/presspad\\\/\",\"https:\\\/\\\/www.youtube.com\\\/user\\\/presspad\"]},{\"@type\":\"Person\",\"@id\":\"https:\\\/\\\/presspad.pl\\\/blog\\\/#\\\/schema\\\/person\\\/921c193d7d9bbaaaf68b8ba00d4b49f4\",\"name\":\"Paul Nowak\",\"image\":{\"@type\":\"ImageObject\",\"inLanguage\":\"pl-PL\",\"@id\":\"https:\\\/\\\/secure.gravatar.com\\\/avatar\\\/3c250c0a490cb178fe8f8b1986473564261423ab3ff9efc57a8802e577a9d744?s=96&r=g\",\"url\":\"https:\\\/\\\/secure.gravatar.com\\\/avatar\\\/3c250c0a490cb178fe8f8b1986473564261423ab3ff9efc57a8802e577a9d744?s=96&r=g\",\"contentUrl\":\"https:\\\/\\\/secure.gravatar.com\\\/avatar\\\/3c250c0a490cb178fe8f8b1986473564261423ab3ff9efc57a8802e577a9d744?s=96&r=g\",\"caption\":\"Paul Nowak\"},\"description\":\"CEO of PressPad\",\"sameAs\":[\"http:\\\/\\\/presspadapp.com\"],\"url\":\"https:\\\/\\\/presspad.pl\\\/blog\\\/author\\\/admin\\\/\"}]}<\/script>\n<!-- \/ Yoast SEO plugin. -->","yoast_head_json":{"title":"Wydawnictwo Cyfrowe trzy Pierwsze: The Washington Post Kupiony Przez Jeffa Bezosa \"za 20 Lat Gazety Drukowane B\u0119d\u0105 Na Wymarciu\"","robots":{"index":"index","follow":"follow","max-snippet":"max-snippet:-1","max-image-preview":"max-image-preview:large","max-video-preview":"max-video-preview:-1"},"canonical":"https:\/\/presspad.pl\/blog\/wydawnictwo-cyfrowe-trzy-pierwsze-the-washington-post-kupiony-przez-jeffa-bezosa-za-20-lat-gazety-drukowane-beda-na-wymarciu\/","og_locale":"pl_PL","og_type":"article","og_title":"Wydawnictwo Cyfrowe trzy Pierwsze: The Washington Post Kupiony Przez Jeffa Bezosa \"za 20 Lat Gazety Drukowane B\u0119d\u0105 Na Wymarciu\"","og_description":"Co kilka dni publikujemy trzy wa\u017cne wiadomo\u015bci dla bran\u017cy wydawnictw mobilnych. W tym tygodniu mamy tylko jedn\u0105, ale za to bardzo dobr\u0105: Jeff Bezos kupi\u0142 The Washington Post. Ale to samo zrobi\u0142 Amazon Najpierw fakty: Jeff Bezos, charyzmatyczny CEO internetowego giganta Amazon, kupuje The Washington Post. Interesuj\u0105c\u0105 stron\u0105 tej transakcji jest spos\u00f3b, w jaki eksperci medialni opisuj\u0105 t\u0119 histori\u0119 przez ostatnie dwa dni. Skupili si\u0119 g\u0142\u00f3wnie na tym, \u017ce Bezos kupi\u0142 The Post za w\u0142asne pieni\u0105dze i pr\u00f3bowali zgadn\u0105\u0107, co cz\u0142owiek taki jak on mo\u017ce zrobi\u0107 z gazet\u0105 tak\u0105 jak The Post.","og_url":"https:\/\/presspad.pl\/blog\/wydawnictwo-cyfrowe-trzy-pierwsze-the-washington-post-kupiony-przez-jeffa-bezosa-za-20-lat-gazety-drukowane-beda-na-wymarciu\/","og_site_name":"Blog po\u015bwi\u0119cony publikacjom cyfrowym prowadzony przez PressPad","article_publisher":"https:\/\/www.facebook.com\/presspad","article_published_time":"2013-08-08T16:39:18+00:00","article_modified_time":"2025-03-24T12:30:20+00:00","og_image":[{"width":600,"height":276,"url":"https:\/\/i0.wp.com\/presspad.pl\/blog\/wp-content\/uploads\/2013\/08\/digital-publishing-three-amazon-buys-washington-post.jpg?fit=600%2C276&ssl=1","type":"image\/jpeg"}],"author":"Paul Nowak","twitter_card":"summary_large_image","twitter_creator":"@presspadapp","twitter_site":"@presspadapp","twitter_misc":{"Napisane przez":"Paul Nowak","Szacowany czas czytania":"1 minuta"},"schema":{"@context":"https:\/\/schema.org","@graph":[{"@type":"Article","@id":"https:\/\/presspad.pl\/blog\/wydawnictwo-cyfrowe-trzy-pierwsze-the-washington-post-kupiony-przez-jeffa-bezosa-za-20-lat-gazety-drukowane-beda-na-wymarciu\/#article","isPartOf":{"@id":"https:\/\/presspad.pl\/blog\/wydawnictwo-cyfrowe-trzy-pierwsze-the-washington-post-kupiony-przez-jeffa-bezosa-za-20-lat-gazety-drukowane-beda-na-wymarciu\/"},"author":{"name":"Paul Nowak","@id":"https:\/\/presspad.pl\/blog\/#\/schema\/person\/921c193d7d9bbaaaf68b8ba00d4b49f4"},"headline":"Wydawnictwo Cyfrowe trzy Pierwsze: The Washington Post Kupiony Przez Jeffa Bezosa &#8222;za 20 Lat Gazety Drukowane B\u0119d\u0105 Na Wymarciu&#8221;","datePublished":"2013-08-08T16:39:18+00:00","dateModified":"2025-03-24T12:30:20+00:00","mainEntityOfPage":{"@id":"https:\/\/presspad.pl\/blog\/wydawnictwo-cyfrowe-trzy-pierwsze-the-washington-post-kupiony-przez-jeffa-bezosa-za-20-lat-gazety-drukowane-beda-na-wymarciu\/"},"wordCount":194,"commentCount":0,"publisher":{"@id":"https:\/\/presspad.pl\/blog\/#organization"},"image":{"@id":"https:\/\/presspad.pl\/blog\/wydawnictwo-cyfrowe-trzy-pierwsze-the-washington-post-kupiony-przez-jeffa-bezosa-za-20-lat-gazety-drukowane-beda-na-wymarciu\/#primaryimage"},"thumbnailUrl":"https:\/\/i0.wp.com\/presspad.pl\/blog\/wp-content\/uploads\/2013\/08\/digital-publishing-three-amazon-buys-washington-post.jpg?fit=600%2C276&ssl=1","articleSection":["Nowo\u015bci wydawnicze","publikowanie magazyn\u00f3w cyfrowych"],"inLanguage":"pl-PL","potentialAction":[{"@type":"CommentAction","name":"Comment","target":["https:\/\/presspad.pl\/blog\/wydawnictwo-cyfrowe-trzy-pierwsze-the-washington-post-kupiony-przez-jeffa-bezosa-za-20-lat-gazety-drukowane-beda-na-wymarciu\/#respond"]}]},{"@type":"WebPage","@id":"https:\/\/presspad.pl\/blog\/wydawnictwo-cyfrowe-trzy-pierwsze-the-washington-post-kupiony-przez-jeffa-bezosa-za-20-lat-gazety-drukowane-beda-na-wymarciu\/","url":"https:\/\/presspad.pl\/blog\/wydawnictwo-cyfrowe-trzy-pierwsze-the-washington-post-kupiony-przez-jeffa-bezosa-za-20-lat-gazety-drukowane-beda-na-wymarciu\/","name":"Wydawnictwo Cyfrowe trzy Pierwsze: The Washington Post Kupiony Przez Jeffa Bezosa \"za 20 Lat Gazety Drukowane B\u0119d\u0105 Na Wymarciu\"","isPartOf":{"@id":"https:\/\/presspad.pl\/blog\/#website"},"primaryImageOfPage":{"@id":"https:\/\/presspad.pl\/blog\/wydawnictwo-cyfrowe-trzy-pierwsze-the-washington-post-kupiony-przez-jeffa-bezosa-za-20-lat-gazety-drukowane-beda-na-wymarciu\/#primaryimage"},"image":{"@id":"https:\/\/presspad.pl\/blog\/wydawnictwo-cyfrowe-trzy-pierwsze-the-washington-post-kupiony-przez-jeffa-bezosa-za-20-lat-gazety-drukowane-beda-na-wymarciu\/#primaryimage"},"thumbnailUrl":"https:\/\/i0.wp.com\/presspad.pl\/blog\/wp-content\/uploads\/2013\/08\/digital-publishing-three-amazon-buys-washington-post.jpg?fit=600%2C276&ssl=1","datePublished":"2013-08-08T16:39:18+00:00","dateModified":"2025-03-24T12:30:20+00:00","breadcrumb":{"@id":"https:\/\/presspad.pl\/blog\/wydawnictwo-cyfrowe-trzy-pierwsze-the-washington-post-kupiony-przez-jeffa-bezosa-za-20-lat-gazety-drukowane-beda-na-wymarciu\/#breadcrumb"},"inLanguage":"pl-PL","potentialAction":[{"@type":"ReadAction","target":["https:\/\/presspad.pl\/blog\/wydawnictwo-cyfrowe-trzy-pierwsze-the-washington-post-kupiony-przez-jeffa-bezosa-za-20-lat-gazety-drukowane-beda-na-wymarciu\/"]}]},{"@type":"ImageObject","inLanguage":"pl-PL","@id":"https:\/\/presspad.pl\/blog\/wydawnictwo-cyfrowe-trzy-pierwsze-the-washington-post-kupiony-przez-jeffa-bezosa-za-20-lat-gazety-drukowane-beda-na-wymarciu\/#primaryimage","url":"https:\/\/i0.wp.com\/presspad.pl\/blog\/wp-content\/uploads\/2013\/08\/digital-publishing-three-amazon-buys-washington-post.jpg?fit=600%2C276&ssl=1","contentUrl":"https:\/\/i0.wp.com\/presspad.pl\/blog\/wp-content\/uploads\/2013\/08\/digital-publishing-three-amazon-buys-washington-post.jpg?fit=600%2C276&ssl=1","width":600,"height":276},{"@type":"BreadcrumbList","@id":"https:\/\/presspad.pl\/blog\/wydawnictwo-cyfrowe-trzy-pierwsze-the-washington-post-kupiony-przez-jeffa-bezosa-za-20-lat-gazety-drukowane-beda-na-wymarciu\/#breadcrumb","itemListElement":[{"@type":"ListItem","position":1,"name":"Strona g\u0142\u00f3wna","item":"https:\/\/presspad.pl\/blog\/"},{"@type":"ListItem","position":2,"name":"Nowo\u015bci wydawnicze","item":"https:\/\/presspad.pl\/blog\/category\/nowosci-wydawnicze\/"},{"@type":"ListItem","position":3,"name":"Wydawnictwo Cyfrowe trzy Pierwsze: The Washington Post Kupiony Przez Jeffa Bezosa &#8222;za 20 Lat Gazety Drukowane B\u0119d\u0105 Na Wymarciu&#8221;"}]},{"@type":"WebSite","@id":"https:\/\/presspad.pl\/blog\/#website","url":"https:\/\/presspad.pl\/blog\/","name":"Blog po\u015bwi\u0119cony publikacjom cyfrowym prowadzony przez PressPad","description":"Blog o publikacjach cyfrowych; Aplikacje dla czasopism i porady marketingowe PressPad","publisher":{"@id":"https:\/\/presspad.pl\/blog\/#organization"},"potentialAction":[{"@type":"SearchAction","target":{"@type":"EntryPoint","urlTemplate":"https:\/\/presspad.pl\/blog\/?s={search_term_string}"},"query-input":{"@type":"PropertyValueSpecification","valueRequired":true,"valueName":"search_term_string"}}],"inLanguage":"pl-PL"},{"@type":"Organization","@id":"https:\/\/presspad.pl\/blog\/#organization","name":"PressPad","url":"https:\/\/presspad.pl\/blog\/","logo":{"@type":"ImageObject","inLanguage":"pl-PL","@id":"https:\/\/presspad.pl\/blog\/#\/schema\/logo\/image\/","url":"https:\/\/i0.wp.com\/presspad.pl\/blog\/wp-content\/uploads\/2013\/10\/PressPad_LOGO_main_horizontal_gradient.png?fit=800%2C300&ssl=1","contentUrl":"https:\/\/i0.wp.com\/presspad.pl\/blog\/wp-content\/uploads\/2013\/10\/PressPad_LOGO_main_horizontal_gradient.png?fit=800%2C300&ssl=1","width":800,"height":300,"caption":"PressPad"},"image":{"@id":"https:\/\/presspad.pl\/blog\/#\/schema\/logo\/image\/"},"sameAs":["https:\/\/www.facebook.com\/presspad","https:\/\/x.com\/presspadapp","https:\/\/www.instagram.com\/presspadapp\/","https:\/\/www.linkedin.com\/company\/2033158","https:\/\/www.pinterest.com\/presspad\/","https:\/\/www.youtube.com\/user\/presspad"]},{"@type":"Person","@id":"https:\/\/presspad.pl\/blog\/#\/schema\/person\/921c193d7d9bbaaaf68b8ba00d4b49f4","name":"Paul Nowak","image":{"@type":"ImageObject","inLanguage":"pl-PL","@id":"https:\/\/secure.gravatar.com\/avatar\/3c250c0a490cb178fe8f8b1986473564261423ab3ff9efc57a8802e577a9d744?s=96&r=g","url":"https:\/\/secure.gravatar.com\/avatar\/3c250c0a490cb178fe8f8b1986473564261423ab3ff9efc57a8802e577a9d744?s=96&r=g","contentUrl":"https:\/\/secure.gravatar.com\/avatar\/3c250c0a490cb178fe8f8b1986473564261423ab3ff9efc57a8802e577a9d744?s=96&r=g","caption":"Paul Nowak"},"description":"CEO of PressPad","sameAs":["http:\/\/presspadapp.com"],"url":"https:\/\/presspad.pl\/blog\/author\/admin\/"}]}},"jetpack_featured_media_url":"https:\/\/i0.wp.com\/presspad.pl\/blog\/wp-content\/uploads\/2013\/08\/digital-publishing-three-amazon-buys-washington-post.jpg?fit=600%2C276&ssl=1","jetpack_sharing_enabled":true,"jetpack_shortlink":"https:\/\/wp.me\/pbs6e8-2ti","jetpack-related-posts":[{"id":9461,"url":"https:\/\/presspad.pl\/blog\/jak-presspad-moze-uchronic-cie-przed-gorzka-lekcja-tworzenia-aplikacji\/","url_meta":{"origin":9504,"position":0},"title":"Jak PressPad Mo\u017ce Uchroni\u0107 Ci\u0119 Przed Gorzk\u0105 Lekcj\u0105 Tworzenia Aplikacji?","author":"Wojtek Szywalski","date":"26 listopada, 2013","format":false,"excerpt":"\"Talking New Media\" opublikowa\u0142o niedawno bardzo interesuj\u0105cy artyku\u0142 opisuj\u0105cy ich zakulisowe do\u015bwiadczenia zwi\u0105zane z tworzeniem w\u0142asnej aplikacji dla magazynu na iPada. Zdecydowanie dowiedzieli si\u0119, jak to jest zbudowa\u0107 aplikacj\u0119 do publikowania magazynu na iPadzie, nie maj\u0105c \u017cadnego (lub bardzo niewielkiego) do\u015bwiadczenia w dostarczaniu do Apple App Store. Ale czy nie\u2026","rel":"","context":"W &quot;Produkt&quot;","block_context":{"text":"Produkt","link":"https:\/\/presspad.pl\/blog\/category\/produkt\/"},"img":{"alt_text":"","src":"https:\/\/i0.wp.com\/presspad.pl\/blog\/wp-content\/uploads\/2013\/11\/Faster.png?fit=659%2C425&ssl=1&resize=350%2C200","width":350,"height":200,"srcset":"https:\/\/i0.wp.com\/presspad.pl\/blog\/wp-content\/uploads\/2013\/11\/Faster.png?fit=659%2C425&ssl=1&resize=350%2C200 1x, https:\/\/i0.wp.com\/presspad.pl\/blog\/wp-content\/uploads\/2013\/11\/Faster.png?fit=659%2C425&ssl=1&resize=525%2C300 1.5x"},"classes":[]},{"id":9468,"url":"https:\/\/presspad.pl\/blog\/co-sie-dzieje-gdy-zamowisz-aplikacje-na-ipada-za-pomoca-presspada\/","url_meta":{"origin":9504,"position":1},"title":"Co Si\u0119 Dzieje, Gdy Zam\u00f3wisz Aplikacj\u0119 Na IPada Za Pomoc\u0105 PressPada?","author":"Paul Nowak","date":"12 wrze\u015bnia, 2013","format":false,"excerpt":"Odk\u0105d zmienili\u015bmy nasz model wsp\u00f3\u0142pracy z magazynami, otrzymujemy wi\u0119cej zam\u00f3wie\u0144 na aplikacje na iPada ni\u017c kiedykolwiek wcze\u015bniej. Dlatego zamierzamy po\u015bwi\u0119ci\u0107 jeden artyku\u0142 na blogu, aby wyja\u015bni\u0107 ca\u0142y proces zamawiania magazynu na iPada: co dzieje si\u0119 za kulisami, co robimy dla wydawc\u00f3w, dlaczego i gdzie Apple jest zaanga\u017cowane i co si\u0119\u2026","rel":"","context":"W &quot;Oprogramowanie do publikacji cyfrowych&quot;","block_context":{"text":"Oprogramowanie do publikacji cyfrowych","link":"https:\/\/presspad.pl\/blog\/category\/oprogramowanie-do-publikacji-cyfrowych\/"},"img":{"alt_text":"","src":"https:\/\/i0.wp.com\/presspad.pl\/blog\/wp-content\/uploads\/2013\/09\/What-happens-when-you-order-free-iPad-app-with-PressPad.png?fit=650%2C406&ssl=1&resize=350%2C200","width":350,"height":200,"srcset":"https:\/\/i0.wp.com\/presspad.pl\/blog\/wp-content\/uploads\/2013\/09\/What-happens-when-you-order-free-iPad-app-with-PressPad.png?fit=650%2C406&ssl=1&resize=350%2C200 1x, https:\/\/i0.wp.com\/presspad.pl\/blog\/wp-content\/uploads\/2013\/09\/What-happens-when-you-order-free-iPad-app-with-PressPad.png?fit=650%2C406&ssl=1&resize=525%2C300 1.5x"},"classes":[]},{"id":9527,"url":"https:\/\/presspad.pl\/blog\/najpopularniejsze-artykuly-dotyczace-publikacji-cyfrowych-i-marketingu-mobilnego-wyszukiwane-przez-wydawcow\/","url_meta":{"origin":9504,"position":2},"title":"Najpopularniejsze Artyku\u0142y Dotycz\u0105ce Publikacji Cyfrowych I Marketingu Mobilnego Wyszukiwane Przez Wydawc\u00f3w","author":"Wojtek Szywalski","date":"3 pa\u017adziernika, 2014","format":false,"excerpt":"Co tydzie\u0144 w PressPad mam dzie\u0144 analityczny. Po\u015bwi\u0119cam czas na zrozumienie ruchu internetowego generowanego przez nasze tre\u015bci. W tym celu korzystam z r\u00f3\u017cnych narz\u0119dzi, takich jak Mixpanel i Google Analytics. W tym artykule przedstawi\u0119 list\u0119 dziesi\u0119ciu najpopularniejszych artyku\u0142\u00f3w opublikowanych na naszym blogu - w oparciu o unikalnych u\u017cytkownik\u00f3w i \u015bredni\u2026","rel":"","context":"W &quot;Mobile Publishing 101&quot;","block_context":{"text":"Mobile Publishing 101","link":"https:\/\/presspad.pl\/blog\/category\/mobile-publishing-101-pl-2\/"},"img":{"alt_text":"","src":"https:\/\/i0.wp.com\/presspad.pl\/blog\/wp-content\/uploads\/2014\/10\/most-popular-digital-publishing-and-mobile-marketing-articles-publishers-search.jpg?fit=684%2C365&ssl=1&resize=350%2C200","width":350,"height":200,"srcset":"https:\/\/i0.wp.com\/presspad.pl\/blog\/wp-content\/uploads\/2014\/10\/most-popular-digital-publishing-and-mobile-marketing-articles-publishers-search.jpg?fit=684%2C365&ssl=1&resize=350%2C200 1x, https:\/\/i0.wp.com\/presspad.pl\/blog\/wp-content\/uploads\/2014\/10\/most-popular-digital-publishing-and-mobile-marketing-articles-publishers-search.jpg?fit=684%2C365&ssl=1&resize=525%2C300 1.5x"},"classes":[]},{"id":9524,"url":"https:\/\/presspad.pl\/blog\/jak-promowac-swoja-firme-za-pomoca-magazynu-cyfrowego\/","url_meta":{"origin":9504,"position":3},"title":"Jak Promowa\u0107 Swoj\u0105 Firm\u0119 Za Pomoc\u0105 Magazynu Cyfrowego?","author":"Wojtek Szywalski","date":"20 sierpnia, 2014","format":false,"excerpt":"Firmy mog\u0105 wykorzystywa\u0107 r\u00f3\u017cne techniki do promowania biznesu i utrzymywania zape\u0142nionego szczytu lejka sprzeda\u017cy. Ci\u0105g\u0142y strumie\u0144 klient\u00f3w wpadaj\u0105cych w proces sprzeda\u017cy jest prawdopodobnie jednym z kluczowych czynnik\u00f3w sukcesu firm. A w erze kwitn\u0105cego marketingu za przyzwoleniem proces ten rozpoczyna si\u0119 znacznie wcze\u015bniej ni\u017c kiedy\u015b. Blogi, webinary, strony internetowe, magazyny cyfrowe\u2026","rel":"","context":"W &quot;Publikacja cyfrowa&quot;","block_context":{"text":"Publikacja cyfrowa","link":"https:\/\/presspad.pl\/blog\/category\/publikacja-cyfrowa\/"},"img":{"alt_text":"","src":"https:\/\/i0.wp.com\/presspad.pl\/blog\/wp-content\/uploads\/2014\/08\/How-To-Promote-Your-Business-Through-a-Digital-Magazine.jpg?fit=700%2C396&ssl=1&resize=350%2C200","width":350,"height":200,"srcset":"https:\/\/i0.wp.com\/presspad.pl\/blog\/wp-content\/uploads\/2014\/08\/How-To-Promote-Your-Business-Through-a-Digital-Magazine.jpg?fit=700%2C396&ssl=1&resize=350%2C200 1x, https:\/\/i0.wp.com\/presspad.pl\/blog\/wp-content\/uploads\/2014\/08\/How-To-Promote-Your-Business-Through-a-Digital-Magazine.jpg?fit=700%2C396&ssl=1&resize=525%2C300 1.5x, https:\/\/i0.wp.com\/presspad.pl\/blog\/wp-content\/uploads\/2014\/08\/How-To-Promote-Your-Business-Through-a-Digital-Magazine.jpg?fit=700%2C396&ssl=1&resize=700%2C400 2x"},"classes":[]},{"id":9462,"url":"https:\/\/presspad.pl\/blog\/z-biurka-ceo-co-darmowe-strony-od-apple-oznaczaja-dla-wydawcow-czasopism\/","url_meta":{"origin":9504,"position":4},"title":"Z Biurka CEO: Co Darmowe Strony Od Apple Oznaczaj\u0105 Dla Wydawc\u00f3w Czasopism?","author":"Wojtek Szywalski","date":"25 pa\u017adziernika, 2013","format":false,"excerpt":"Budowanie biznesu za \"darmo\" to bardzo du\u017ce wyzwanie, prawdopodobnie najwi\u0119ksze, przed jakim mo\u017ce stan\u0105\u0107 firma i jej zarz\u0105d. Dlatego szczeg\u00f3lnie cieszy fakt, \u017ce Apple do\u0142\u0105czy\u0142o do grona firm oferuj\u0105cych niekt\u00f3re ze swoich produkt\u00f3w za darmo. Oczywi\u015bcie \"darmowe\" prawie nigdy nie jest naprawd\u0119 darmowe. Kilkadziesi\u0105t lat temu \"darmowy lunch\" by\u0142 darmowy\u2026","rel":"","context":"W &quot;Mobile Publishing 101&quot;","block_context":{"text":"Mobile Publishing 101","link":"https:\/\/presspad.pl\/blog\/category\/mobile-publishing-101-pl-2\/"},"img":{"alt_text":"","src":"https:\/\/i0.wp.com\/presspad.pl\/blog\/wp-content\/uploads\/2013\/10\/fromCEO2.png?fit=659%2C425&ssl=1&resize=350%2C200","width":350,"height":200,"srcset":"https:\/\/i0.wp.com\/presspad.pl\/blog\/wp-content\/uploads\/2013\/10\/fromCEO2.png?fit=659%2C425&ssl=1&resize=350%2C200 1x, https:\/\/i0.wp.com\/presspad.pl\/blog\/wp-content\/uploads\/2013\/10\/fromCEO2.png?fit=659%2C425&ssl=1&resize=525%2C300 1.5x"},"classes":[]},{"id":9538,"url":"https:\/\/presspad.pl\/blog\/jak-stworzyc-cyfrowy-magazyn-na-ipada\/","url_meta":{"origin":9504,"position":5},"title":"Jak Stworzy\u0107 Cyfrowy Magazyn Na IPada?","author":"Paulina Kubala-Chuchnowska","date":"18 marca, 2014","format":false,"excerpt":"Aplikacja magazynu mo\u017ce by\u0107 jednym ze sposob\u00f3w dystrybucji czasopism, a tak\u017ce skutecznym narz\u0119dziem marketingu tre\u015bci. Jak zatem opublikowa\u0107 w\u0142asny magazyn cyfrowy w App Store, aby poszerzy\u0107 grup\u0119 docelow\u0105 o u\u017cytkownik\u00f3w mobilnych? W tym artykule opisz\u0119 dok\u0142adnie, czego b\u0119dziesz potrzebowa\u0107, aby uruchomi\u0107 w\u0142asn\u0105 aplikacj\u0119 z cyfrowym magazynem. Aby przygotowa\u0107 w\u0142asn\u0105 aplikacj\u0119\u2026","rel":"","context":"W &quot;Publikacja cyfrowa&quot;","block_context":{"text":"Publikacja cyfrowa","link":"https:\/\/presspad.pl\/blog\/category\/publikacja-cyfrowa\/"},"img":{"alt_text":"","src":"https:\/\/i0.wp.com\/presspad.pl\/blog\/wp-content\/uploads\/how-to-create-ipad-magazine.jpg?fit=1154%2C641&ssl=1&resize=350%2C200","width":350,"height":200,"srcset":"https:\/\/i0.wp.com\/presspad.pl\/blog\/wp-content\/uploads\/how-to-create-ipad-magazine.jpg?fit=1154%2C641&ssl=1&resize=350%2C200 1x, https:\/\/i0.wp.com\/presspad.pl\/blog\/wp-content\/uploads\/how-to-create-ipad-magazine.jpg?fit=1154%2C641&ssl=1&resize=525%2C300 1.5x, https:\/\/i0.wp.com\/presspad.pl\/blog\/wp-content\/uploads\/how-to-create-ipad-magazine.jpg?fit=1154%2C641&ssl=1&resize=700%2C400 2x, https:\/\/i0.wp.com\/presspad.pl\/blog\/wp-content\/uploads\/how-to-create-ipad-magazine.jpg?fit=1154%2C641&ssl=1&resize=1050%2C600 3x"},"classes":[]}],"amp_enabled":true,"_links":{"self":[{"href":"https:\/\/presspad.pl\/blog\/wp-json\/wp\/v2\/posts\/9504","targetHints":{"allow":["GET"]}}],"collection":[{"href":"https:\/\/presspad.pl\/blog\/wp-json\/wp\/v2\/posts"}],"about":[{"href":"https:\/\/presspad.pl\/blog\/wp-json\/wp\/v2\/types\/post"}],"author":[{"embeddable":true,"href":"https:\/\/presspad.pl\/blog\/wp-json\/wp\/v2\/users\/1"}],"replies":[{"embeddable":true,"href":"https:\/\/presspad.pl\/blog\/wp-json\/wp\/v2\/comments?post=9504"}],"version-history":[{"count":1,"href":"https:\/\/presspad.pl\/blog\/wp-json\/wp\/v2\/posts\/9504\/revisions"}],"predecessor-version":[{"id":9832,"href":"https:\/\/presspad.pl\/blog\/wp-json\/wp\/v2\/posts\/9504\/revisions\/9832"}],"wp:featuredmedia":[{"embeddable":true,"href":"https:\/\/presspad.pl\/blog\/wp-json\/wp\/v2\/media\/8521"}],"wp:attachment":[{"href":"https:\/\/presspad.pl\/blog\/wp-json\/wp\/v2\/media?parent=9504"}],"wp:term":[{"taxonomy":"category","embeddable":true,"href":"https:\/\/presspad.pl\/blog\/wp-json\/wp\/v2\/categories?post=9504"},{"taxonomy":"post_tag","embeddable":true,"href":"https:\/\/presspad.pl\/blog\/wp-json\/wp\/v2\/tags?post=9504"}],"curies":[{"name":"wp","href":"https:\/\/api.w.org\/{rel}","templated":true}]}}