{"id":9521,"date":"2014-09-10T16:57:26","date_gmt":"2014-09-10T14:57:26","guid":{"rendered":"https:\/\/www.presspadapp.com\/blog\/iphone-6-i-nowy-apple-ios8-czy-wydawcy-cyfrowi-powinni-sie-tym-przejmowac\/"},"modified":"2025-03-24T14:30:03","modified_gmt":"2025-03-24T12:30:03","slug":"iphone-6-i-nowy-apple-ios8-czy-wydawcy-cyfrowi-powinni-sie-tym-przejmowac","status":"publish","type":"post","link":"https:\/\/presspad.pl\/blog\/iphone-6-i-nowy-apple-ios8-czy-wydawcy-cyfrowi-powinni-sie-tym-przejmowac\/","title":{"rendered":"IPhone 6 I Nowy Apple IOS8 &#8211; Czy Wydawcy Cyfrowi Powinni Si\u0119 Tym Przejmowa\u0107?"},"content":{"rendered":"<h2>Simon Fortuna, g\u0142\u00f3wny programista iOS w PressPad, zdradza, czego mo\u017cna si\u0119 spodziewa\u0107 po wprowadzeniu iOS 8 i co to oznacza dla wydawc\u00f3w.<\/h2>\n<p><!--more--><\/p>\n<p>Przez lata Apple nie ba\u0142o si\u0119 pod\u0105\u017ca\u0107 w\u0142asn\u0105 \u015bcie\u017ck\u0105. Czy pami\u0119tasz fal\u0119 skarg, gdy wprowadzono iOS7 wraz z jego zgrabnym, p\u0142askim interfejsem u\u017cytkownika, kt\u00f3ry spolaryzowa\u0142 spo\u0142eczno\u015b\u0107 Apple na ca\u0142ym \u015bwiecie? To, co nas inspiruje, to fakt, \u017ce Apple nie utrzymuje swojego status quo, zawsze rzuca wyzwanie sobie i swoim klientom, i tego w\u0142a\u015bnie uczymy si\u0119 od Apple ka\u017cdego dnia.  <\/p>\n<p id=\"bmodel\">To sprawi\u0142o, \u017ce byli\u015bmy \u015bwiadomi, kiedy rok temu zmieniali\u015bmy nasz <a href=\"https:\/\/www.presspadapp.com\/blog\/eksperyment-mobilny-czego-nauczylismy-sie-w-ciagu-ostatnich-48-godzin-plus-pytanie-o-oferte\/?lang=pl\" title=\"Model biznesowy PressPad\">model biznesowy<\/a>, aby rzuci\u0107 wyzwanie tym wydawcom, dla kt\u00f3rych wcze\u015bniej istniej\u0105ce rozwi\u0105zania w zakresie publikacji cyfrowych nie by\u0142y dost\u0119pne. I robimy to ponownie <strong>, wprowadzaj\u0105c now\u0105 wersj\u0119 naszej aplikacji magazynowej<\/strong>, kt\u00f3ra otwiera wiele nowych mo\u017cliwo\u015bci dla wydawc\u00f3w czasopism. <\/p>\n<p id=\"estimote\"><img data-recalc-dims=\"1\" loading=\"lazy\" decoding=\"async\" src=\"https:\/\/i0.wp.com\/www.presspadapp.com\/blog\/wp-content\/uploads\/2014\/09\/Estimote-iBeacons-PressPad-Free-Reading-Zone.png?resize=700%2C465&#038;ssl=1\" alt=\"Estimote iBeacons\" width=\"700\" height=\"465\" class=\"aligncenter size-full wp-image-2350\" srcset=\"https:\/\/i0.wp.com\/presspad.pl\/blog\/wp-content\/uploads\/2014\/09\/Estimote-iBeacons-PressPad-Free-Reading-Zone.png?w=700&amp;ssl=1 700w, https:\/\/i0.wp.com\/presspad.pl\/blog\/wp-content\/uploads\/2014\/09\/Estimote-iBeacons-PressPad-Free-Reading-Zone.png?resize=300%2C199&amp;ssl=1 300w, https:\/\/i0.wp.com\/presspad.pl\/blog\/wp-content\/uploads\/2014\/09\/Estimote-iBeacons-PressPad-Free-Reading-Zone.png?resize=624%2C414&amp;ssl=1 624w\" sizes=\"auto, (max-width: 700px) 100vw, 700px\" \/><\/p>\n<h3 id=\"richmedia\">Co nowego?<\/h3>\n<p>Nowa aplikacja PressPad pozwoli wydawcom na osadzanie wideo i d\u017awi\u0119ku w swoich magazynach z obs\u0142ug\u0105 nast\u0119puj\u0105cych platform:<\/p>\n<ul>\n<li>YouTube<\/li>\n<li>Vimeo<\/li>\n<li>SoundCloud<\/li>\n<\/ul>\n<p>Opr\u00f3cz <strong>obs\u0142ugi multimedi\u00f3w<\/strong> nasza nowa aplikacja integruje <a rel=\"nofollow noopener\" href=\"http:\/\/estimote.com\/\" title=\"Estimote\" target=\"_blank\">Estimote<\/a> iBeacons<a rel=\"nofollow noopener\" href=\"http:\/\/en.wikipedia.org\/wiki\/Internet_of_Things\" title=\"IoT\" target=\"_blank\">(IoT<\/a> &#8211; Internet of Things Technology), kt\u00f3re pozwol\u0105 na <strong>tworzenie Stref Wolnego Czytania w okre\u015blonych lokalizacjach<\/strong>, wykorzystuj\u0105c nasze portfolio czasopism (w tym celu b\u0119dziemy \u015bci\u015ble wsp\u00f3\u0142pracowa\u0107 z naszymi wydawcami).<\/p>\n<p>Co wi\u0119cej, w nadchodz\u0105cych tygodniach pojawi si\u0119 kilka nowych rzeczy, kt\u00f3re podnios\u0105 komfort u\u017cytkowania na wy\u017cszym, bardziej osobistym poziomie&#8230; ale nie zag\u0142\u0119biajmy si\u0119 w szczeg\u00f3\u0142y w tej chwili.<\/p>\n<p id=\"ios8\"><img data-recalc-dims=\"1\" loading=\"lazy\" decoding=\"async\" src=\"https:\/\/i0.wp.com\/www.presspadapp.com\/blog\/wp-content\/uploads\/2014\/09\/iPhone-6-with-PressPad-on-it.png?resize=700%2C463&#038;ssl=1\" alt=\"Gotowy na iOS8\" width=\"700\" height=\"463\" class=\"aligncenter size-full wp-image-2344\" srcset=\"https:\/\/i0.wp.com\/presspad.pl\/blog\/wp-content\/uploads\/2014\/09\/iPhone-6-with-PressPad-on-it.png?w=700&amp;ssl=1 700w, https:\/\/i0.wp.com\/presspad.pl\/blog\/wp-content\/uploads\/2014\/09\/iPhone-6-with-PressPad-on-it.png?resize=300%2C198&amp;ssl=1 300w, https:\/\/i0.wp.com\/presspad.pl\/blog\/wp-content\/uploads\/2014\/09\/iPhone-6-with-PressPad-on-it.png?resize=624%2C412&amp;ssl=1 624w\" sizes=\"auto, (max-width: 700px) 100vw, 700px\" \/><\/p>\n<h3>Poza iOS 8<\/h3>\n<p>Nowy mobilny system operacyjny od Apple jest ju\u017c dost\u0119pny. Mieli\u015bmy dost\u0119p do wersji beta iOS8 od pierwszego dnia i do\u0142o\u017cyli\u015bmy wszelkich stara\u0144, aby dostosowa\u0107 si\u0119 do zmian, dzi\u0119ki czemu przej\u015bcie na nowy system operacyjny i nowe urz\u0105dzenia by\u0142o p\u0142ynne. Poprosi\u0142em mojego koleg\u0119 z zespo\u0142u, g\u0142\u00f3wnego programist\u0119 PressPad iOS, Simona Fortun\u0119 (@fortunajs), aby da\u0142 nam wgl\u0105d w to, co najlepsze nadchodzi wraz z wprowadzeniem iOS8.  <\/p>\n<h3 id=\"question\">Dlaczego u\u017cytkownicy b\u0119d\u0105 zachwyceni nowymi funkcjami, kt\u00f3re pojawi\u0105 si\u0119 w iOS8?<\/h3>\n<blockquote><p>Simon Fortuna:  <em>Wizja oprogramowania Apple polega na zapewnieniu u\u017cytkownikowi ko\u0144cowemu doskona\u0142ego do\u015bwiadczenia. iOS8 czyni to jeszcze lepszym &#8211; u\u017cytkownicy zawsze wiedz\u0105, o jakie uprawnienia prosi aplikacja i dlaczego, a po\u0142\u0105czenie mi\u0119dzy wieloma urz\u0105dzeniami z systemem iOS b\u0119dzie zdecydowanie lepsze. Wyobra\u017a sobie, \u017ce zaczynasz czyta\u0107 artyku\u0142 w autobusie na iPhonie i kontynuujesz czytanie na iPadzie. Teraz jest to mo\u017cliwe dzi\u0119ki Handoff.     <strong>Zgodnie z wizj\u0105 Apple dotycz\u0105c\u0105 doskona\u0142ego UX (User Experience) osadzanie multimedi\u00f3w w naszej nowej aplikacji zosta\u0142o zintegrowane automatycznie i nie wymaga \u017cadnej interakcji ze strony wydawcy!<\/strong>  Wystarczy utworzy\u0107 \u0142\u0105cze w oprogramowaniu DTP, a aplikacja zajmie si\u0119 ca\u0142\u0105 reszt\u0105.<\/em><\/p><\/blockquote>\n<h3>Czy iOS8 daje wi\u0119cej mo\u017cliwo\u015bci wydawcom cyfrowym?<\/h3>\n<blockquote><p>SF:  <em>Tak, system jest bardziej otwarty i \u0142atwo dost\u0119pny dla programist\u00f3w. Mo\u017cesz na przyk\u0142ad dostosowa\u0107 powiadomienia push, aby u\u017cytkownicy byli jeszcze bardziej zaanga\u017cowani w Tw\u00f3j przekaz marketingowy! Osobi\u015bcie jestem podekscytowany klawiaturami innych firm i HomeKit &#8211; hubem dla automatyki domowej. Mo\u017ce to by\u0107 \u015bwietna baza dla mo\u017cliwych przysz\u0142ych integracji aplikacji, takich jak adaptacyjne motywy graficzne w magazynie, oparte na porze dnia lub o\u015bwietleniu pomieszczenia.   <\/em><\/p><\/blockquote>\n<p>Zar\u00f3wno dostawcy oprogramowania do publikacji cyfrowych, jak i wydawcy mog\u0105 nauczy\u0107 si\u0119 od Apple, \u017ce tworzenie unikalnych do\u015bwiadcze\u0144 jest co najmniej tak samo wa\u017cne, jak tworzenie nowych funkcji lub dodawanie wi\u0119kszej ilo\u015bci tre\u015bci. Czasami taka postawa wymaga odwagi, aby rzuci\u0107 wyzwanie status quo wystarczaj\u0105co cz\u0119sto, aby odnie\u015b\u0107 sukces. Maj\u0105c to na uwadze, PressPad jest gotowy na iOS8 ju\u017c teraz.  <\/p>\n","protected":false},"excerpt":{"rendered":"<p>Simon Fortuna, g\u0142\u00f3wny programista iOS w PressPad, zdradza, czego mo\u017cna si\u0119 spodziewa\u0107 po wprowadzeniu iOS 8 i co to oznacza dla wydawc\u00f3w.<\/p>\n<p>Przez lata Apple nie ba\u0142o si\u0119 pod\u0105\u017ca\u0107 w\u0142asn\u0105 \u015bcie\u017ck\u0105. Czy pami\u0119tasz fal\u0119 skarg, gdy wprowadzono iOS7 wraz z jego zgrabnym, p\u0142askim interfejsem u\u017cytkownika, kt\u00f3ry spolaryzowa\u0142 spo\u0142eczno\u015b\u0107 Apple na ca\u0142ym \u015bwiecie? To, co nas inspiruje, to fakt, \u017ce Apple nie utrzymuje swojego status quo, zawsze rzuca wyzwanie sobie i swoim klientom, i tego w\u0142a\u015bnie uczymy si\u0119 od Apple ka\u017cdego dnia.  <\/p>\n<p>To sprawi\u0142o, \u017ce byli\u015bmy \u015bwiadomi, kiedy rok temu zmieniali\u015bmy nasz model biznesowy, aby rzuci\u0107 wyzwanie tym wydawcom, dla kt\u00f3rych wcze\u015bniej istniej\u0105ce rozwi\u0105zania w zakresie publikacji cyfrowych nie by\u0142y dost\u0119pne. I robimy to ponownie, wprowadzaj\u0105c now\u0105 wersj\u0119 naszej aplikacji magazynowej, kt\u00f3ra otwiera wiele nowych mo\u017cliwo\u015bci dla wydawc\u00f3w czasopism. <\/p>\n<div class=\"more-link-wrapper\"><a class=\"more-link\" href=\"https:\/\/presspad.pl\/blog\/iphone-6-i-nowy-apple-ios8-czy-wydawcy-cyfrowi-powinni-sie-tym-przejmowac\/\">Kontynuuj czytanie<span class=\"screen-reader-text\">IPhone 6 I Nowy Apple IOS8 &#8211; Czy Wydawcy Cyfrowi Powinni Si\u0119 Tym Przejmowa\u0107?<\/span><\/a><\/div>\n","protected":false},"author":7,"featured_media":8787,"comment_status":"open","ping_status":"open","sticky":false,"template":"","format":"standard","meta":{"rop_custom_images_group":[],"rop_custom_messages_group":[],"rop_publish_now":"initial","rop_publish_now_accounts":{"twitter_333942694_333942694":"","facebook_10225713837976523_125907484158583":""},"rop_publish_now_history":[],"rop_publish_now_status":"pending","_jetpack_newsletter_access":"","_jetpack_dont_email_post_to_subs":false,"_jetpack_newsletter_tier_id":0,"_jetpack_memberships_contains_paywalled_content":false,"_jetpack_memberships_contains_paid_content":false,"footnotes":""},"categories":[283,295],"tags":[358,357,317],"class_list":["post-9521","post","type-post","status-publish","format-standard","has-post-thumbnail","hentry","category-nowosci-wydawnicze","category-publikowanie-magazynow-cyfrowych","tag-ios8-pl","tag-iphone6-pl","tag-jablko","entry"],"yoast_head":"<!-- This site is optimized with the Yoast SEO plugin v27.5 - https:\/\/yoast.com\/product\/yoast-seo-wordpress\/ -->\n<title>iPhone 6 i nowy Apple iOS8 - czy warto si\u0119 tym przejmowa\u0107?<\/title>\n<meta name=\"description\" content=\"Simon Fortuna, g\u0142\u00f3wny programista PressPad iOS, zdradza, czego mo\u017cna si\u0119 spodziewa\u0107 po wprowadzeniu iOS8 i co to oznacza dla bran\u017cy publikacji cyfrowych.\" \/>\n<meta name=\"robots\" content=\"index, follow, max-snippet:-1, max-image-preview:large, max-video-preview:-1\" \/>\n<link rel=\"canonical\" href=\"https:\/\/presspad.pl\/blog\/iphone-6-i-nowy-apple-ios8-czy-wydawcy-cyfrowi-powinni-sie-tym-przejmowac\/\" \/>\n<meta property=\"og:locale\" content=\"pl_PL\" \/>\n<meta property=\"og:type\" content=\"article\" \/>\n<meta property=\"og:title\" content=\"iPhone 6 i nowy Apple iOS8 - czy warto si\u0119 tym przejmowa\u0107?\" \/>\n<meta property=\"og:url\" content=\"https:\/\/presspad.pl\/blog\/iphone-6-i-nowy-apple-ios8-czy-wydawcy-cyfrowi-powinni-sie-tym-przejmowac\/\" \/>\n<meta property=\"og:site_name\" content=\"Blog po\u015bwi\u0119cony publikacjom cyfrowym prowadzony przez PressPad\" \/>\n<meta property=\"article:publisher\" content=\"https:\/\/www.facebook.com\/presspad\" \/>\n<meta property=\"article:published_time\" content=\"2014-09-10T14:57:26+00:00\" \/>\n<meta property=\"article:modified_time\" content=\"2025-03-24T12:30:03+00:00\" \/>\n<meta property=\"og:image\" content=\"https:\/\/i0.wp.com\/presspad.pl\/blog\/wp-content\/uploads\/2014\/09\/iphone-6-and-new-apple-ios8-should-digital-publishers-bother.png?fit=700%2C388&ssl=1\" \/>\n\t<meta property=\"og:image:width\" content=\"700\" \/>\n\t<meta property=\"og:image:height\" content=\"388\" \/>\n\t<meta property=\"og:image:type\" content=\"image\/png\" \/>\n<meta name=\"author\" content=\"Wojtek Szywalski\" \/>\n<meta name=\"twitter:card\" content=\"summary_large_image\" \/>\n<meta name=\"twitter:creator\" content=\"@wojteksz\" \/>\n<meta name=\"twitter:site\" content=\"@presspadapp\" \/>\n<meta name=\"twitter:label1\" content=\"Napisane przez\" \/>\n\t<meta name=\"twitter:data1\" content=\"Wojtek Szywalski\" \/>\n\t<meta name=\"twitter:label2\" content=\"Szacowany czas czytania\" \/>\n\t<meta name=\"twitter:data2\" content=\"3 minuty\" \/>\n<script type=\"application\/ld+json\" class=\"yoast-schema-graph\">{\"@context\":\"https:\\\/\\\/schema.org\",\"@graph\":[{\"@type\":\"Article\",\"@id\":\"https:\\\/\\\/presspad.pl\\\/blog\\\/iphone-6-i-nowy-apple-ios8-czy-wydawcy-cyfrowi-powinni-sie-tym-przejmowac\\\/#article\",\"isPartOf\":{\"@id\":\"https:\\\/\\\/presspad.pl\\\/blog\\\/iphone-6-i-nowy-apple-ios8-czy-wydawcy-cyfrowi-powinni-sie-tym-przejmowac\\\/\"},\"author\":{\"name\":\"Wojtek Szywalski\",\"@id\":\"https:\\\/\\\/presspad.pl\\\/blog\\\/#\\\/schema\\\/person\\\/ab0767f11ba6f5dc9411d77cbffeb16c\"},\"headline\":\"IPhone 6 I Nowy Apple IOS8 &#8211; Czy Wydawcy Cyfrowi Powinni Si\u0119 Tym Przejmowa\u0107?\",\"datePublished\":\"2014-09-10T14:57:26+00:00\",\"dateModified\":\"2025-03-24T12:30:03+00:00\",\"mainEntityOfPage\":{\"@id\":\"https:\\\/\\\/presspad.pl\\\/blog\\\/iphone-6-i-nowy-apple-ios8-czy-wydawcy-cyfrowi-powinni-sie-tym-przejmowac\\\/\"},\"wordCount\":641,\"commentCount\":0,\"publisher\":{\"@id\":\"https:\\\/\\\/presspad.pl\\\/blog\\\/#organization\"},\"image\":{\"@id\":\"https:\\\/\\\/presspad.pl\\\/blog\\\/iphone-6-i-nowy-apple-ios8-czy-wydawcy-cyfrowi-powinni-sie-tym-przejmowac\\\/#primaryimage\"},\"thumbnailUrl\":\"https:\\\/\\\/i0.wp.com\\\/presspad.pl\\\/blog\\\/wp-content\\\/uploads\\\/2014\\\/09\\\/iphone-6-and-new-apple-ios8-should-digital-publishers-bother.png?fit=700%2C388&ssl=1\",\"keywords\":[\"iOS8\",\"iPhone6\",\"jab\u0142ko\"],\"articleSection\":[\"Nowo\u015bci wydawnicze\",\"publikowanie magazyn\u00f3w cyfrowych\"],\"inLanguage\":\"pl-PL\",\"potentialAction\":[{\"@type\":\"CommentAction\",\"name\":\"Comment\",\"target\":[\"https:\\\/\\\/presspad.pl\\\/blog\\\/iphone-6-i-nowy-apple-ios8-czy-wydawcy-cyfrowi-powinni-sie-tym-przejmowac\\\/#respond\"]}]},{\"@type\":\"WebPage\",\"@id\":\"https:\\\/\\\/presspad.pl\\\/blog\\\/iphone-6-i-nowy-apple-ios8-czy-wydawcy-cyfrowi-powinni-sie-tym-przejmowac\\\/\",\"url\":\"https:\\\/\\\/presspad.pl\\\/blog\\\/iphone-6-i-nowy-apple-ios8-czy-wydawcy-cyfrowi-powinni-sie-tym-przejmowac\\\/\",\"name\":\"iPhone 6 i nowy Apple iOS8 - czy warto si\u0119 tym przejmowa\u0107?\",\"isPartOf\":{\"@id\":\"https:\\\/\\\/presspad.pl\\\/blog\\\/#website\"},\"primaryImageOfPage\":{\"@id\":\"https:\\\/\\\/presspad.pl\\\/blog\\\/iphone-6-i-nowy-apple-ios8-czy-wydawcy-cyfrowi-powinni-sie-tym-przejmowac\\\/#primaryimage\"},\"image\":{\"@id\":\"https:\\\/\\\/presspad.pl\\\/blog\\\/iphone-6-i-nowy-apple-ios8-czy-wydawcy-cyfrowi-powinni-sie-tym-przejmowac\\\/#primaryimage\"},\"thumbnailUrl\":\"https:\\\/\\\/i0.wp.com\\\/presspad.pl\\\/blog\\\/wp-content\\\/uploads\\\/2014\\\/09\\\/iphone-6-and-new-apple-ios8-should-digital-publishers-bother.png?fit=700%2C388&ssl=1\",\"datePublished\":\"2014-09-10T14:57:26+00:00\",\"dateModified\":\"2025-03-24T12:30:03+00:00\",\"description\":\"Simon Fortuna, g\u0142\u00f3wny programista PressPad iOS, zdradza, czego mo\u017cna si\u0119 spodziewa\u0107 po wprowadzeniu iOS8 i co to oznacza dla bran\u017cy publikacji cyfrowych.\",\"breadcrumb\":{\"@id\":\"https:\\\/\\\/presspad.pl\\\/blog\\\/iphone-6-i-nowy-apple-ios8-czy-wydawcy-cyfrowi-powinni-sie-tym-przejmowac\\\/#breadcrumb\"},\"inLanguage\":\"pl-PL\",\"potentialAction\":[{\"@type\":\"ReadAction\",\"target\":[\"https:\\\/\\\/presspad.pl\\\/blog\\\/iphone-6-i-nowy-apple-ios8-czy-wydawcy-cyfrowi-powinni-sie-tym-przejmowac\\\/\"]}]},{\"@type\":\"ImageObject\",\"inLanguage\":\"pl-PL\",\"@id\":\"https:\\\/\\\/presspad.pl\\\/blog\\\/iphone-6-i-nowy-apple-ios8-czy-wydawcy-cyfrowi-powinni-sie-tym-przejmowac\\\/#primaryimage\",\"url\":\"https:\\\/\\\/i0.wp.com\\\/presspad.pl\\\/blog\\\/wp-content\\\/uploads\\\/2014\\\/09\\\/iphone-6-and-new-apple-ios8-should-digital-publishers-bother.png?fit=700%2C388&ssl=1\",\"contentUrl\":\"https:\\\/\\\/i0.wp.com\\\/presspad.pl\\\/blog\\\/wp-content\\\/uploads\\\/2014\\\/09\\\/iphone-6-and-new-apple-ios8-should-digital-publishers-bother.png?fit=700%2C388&ssl=1\",\"width\":700,\"height\":388},{\"@type\":\"BreadcrumbList\",\"@id\":\"https:\\\/\\\/presspad.pl\\\/blog\\\/iphone-6-i-nowy-apple-ios8-czy-wydawcy-cyfrowi-powinni-sie-tym-przejmowac\\\/#breadcrumb\",\"itemListElement\":[{\"@type\":\"ListItem\",\"position\":1,\"name\":\"Strona g\u0142\u00f3wna\",\"item\":\"https:\\\/\\\/presspad.pl\\\/blog\\\/\"},{\"@type\":\"ListItem\",\"position\":2,\"name\":\"Nowo\u015bci wydawnicze\",\"item\":\"https:\\\/\\\/presspad.pl\\\/blog\\\/category\\\/nowosci-wydawnicze\\\/\"},{\"@type\":\"ListItem\",\"position\":3,\"name\":\"IPhone 6 I Nowy Apple IOS8 &#8211; Czy Wydawcy Cyfrowi Powinni Si\u0119 Tym Przejmowa\u0107?\"}]},{\"@type\":\"WebSite\",\"@id\":\"https:\\\/\\\/presspad.pl\\\/blog\\\/#website\",\"url\":\"https:\\\/\\\/presspad.pl\\\/blog\\\/\",\"name\":\"Blog po\u015bwi\u0119cony publikacjom cyfrowym prowadzony przez PressPad\",\"description\":\"Blog o publikacjach cyfrowych; Aplikacje dla czasopism i porady marketingowe PressPad\",\"publisher\":{\"@id\":\"https:\\\/\\\/presspad.pl\\\/blog\\\/#organization\"},\"potentialAction\":[{\"@type\":\"SearchAction\",\"target\":{\"@type\":\"EntryPoint\",\"urlTemplate\":\"https:\\\/\\\/presspad.pl\\\/blog\\\/?s={search_term_string}\"},\"query-input\":{\"@type\":\"PropertyValueSpecification\",\"valueRequired\":true,\"valueName\":\"search_term_string\"}}],\"inLanguage\":\"pl-PL\"},{\"@type\":\"Organization\",\"@id\":\"https:\\\/\\\/presspad.pl\\\/blog\\\/#organization\",\"name\":\"PressPad\",\"url\":\"https:\\\/\\\/presspad.pl\\\/blog\\\/\",\"logo\":{\"@type\":\"ImageObject\",\"inLanguage\":\"pl-PL\",\"@id\":\"https:\\\/\\\/presspad.pl\\\/blog\\\/#\\\/schema\\\/logo\\\/image\\\/\",\"url\":\"https:\\\/\\\/i0.wp.com\\\/presspad.pl\\\/blog\\\/wp-content\\\/uploads\\\/2013\\\/10\\\/PressPad_LOGO_main_horizontal_gradient.png?fit=800%2C300&ssl=1\",\"contentUrl\":\"https:\\\/\\\/i0.wp.com\\\/presspad.pl\\\/blog\\\/wp-content\\\/uploads\\\/2013\\\/10\\\/PressPad_LOGO_main_horizontal_gradient.png?fit=800%2C300&ssl=1\",\"width\":800,\"height\":300,\"caption\":\"PressPad\"},\"image\":{\"@id\":\"https:\\\/\\\/presspad.pl\\\/blog\\\/#\\\/schema\\\/logo\\\/image\\\/\"},\"sameAs\":[\"https:\\\/\\\/www.facebook.com\\\/presspad\",\"https:\\\/\\\/x.com\\\/presspadapp\",\"https:\\\/\\\/www.instagram.com\\\/presspadapp\\\/\",\"https:\\\/\\\/www.linkedin.com\\\/company\\\/2033158\",\"https:\\\/\\\/www.pinterest.com\\\/presspad\\\/\",\"https:\\\/\\\/www.youtube.com\\\/user\\\/presspad\"]},{\"@type\":\"Person\",\"@id\":\"https:\\\/\\\/presspad.pl\\\/blog\\\/#\\\/schema\\\/person\\\/ab0767f11ba6f5dc9411d77cbffeb16c\",\"name\":\"Wojtek Szywalski\",\"image\":{\"@type\":\"ImageObject\",\"inLanguage\":\"pl-PL\",\"@id\":\"https:\\\/\\\/secure.gravatar.com\\\/avatar\\\/d346f526a50e57221d2e8dbf3557bfbac8be1bbb33f527b993a67772ded6d6a3?s=96&r=g\",\"url\":\"https:\\\/\\\/secure.gravatar.com\\\/avatar\\\/d346f526a50e57221d2e8dbf3557bfbac8be1bbb33f527b993a67772ded6d6a3?s=96&r=g\",\"contentUrl\":\"https:\\\/\\\/secure.gravatar.com\\\/avatar\\\/d346f526a50e57221d2e8dbf3557bfbac8be1bbb33f527b993a67772ded6d6a3?s=96&r=g\",\"caption\":\"Wojtek Szywalski\"},\"description\":\"Wojtek Szywalski is a Content Marketing Manager at PressPad and co-editor of Digital Publishing Guide Magazine. If you like his post please share it among circle of your friends and followers. You can follow him on Twitter @wojteksz as well.\",\"sameAs\":[\"http:\\\/\\\/www.presspadapp.com\",\"https:\\\/\\\/x.com\\\/wojteksz\"],\"url\":\"https:\\\/\\\/presspad.pl\\\/blog\\\/author\\\/wojtekpresspadapp-com\\\/\"}]}<\/script>\n<!-- \/ Yoast SEO plugin. -->","yoast_head_json":{"title":"iPhone 6 i nowy Apple iOS8 - czy warto si\u0119 tym przejmowa\u0107?","description":"Simon Fortuna, g\u0142\u00f3wny programista PressPad iOS, zdradza, czego mo\u017cna si\u0119 spodziewa\u0107 po wprowadzeniu iOS8 i co to oznacza dla bran\u017cy publikacji cyfrowych.","robots":{"index":"index","follow":"follow","max-snippet":"max-snippet:-1","max-image-preview":"max-image-preview:large","max-video-preview":"max-video-preview:-1"},"canonical":"https:\/\/presspad.pl\/blog\/iphone-6-i-nowy-apple-ios8-czy-wydawcy-cyfrowi-powinni-sie-tym-przejmowac\/","og_locale":"pl_PL","og_type":"article","og_title":"iPhone 6 i nowy Apple iOS8 - czy warto si\u0119 tym przejmowa\u0107?","og_url":"https:\/\/presspad.pl\/blog\/iphone-6-i-nowy-apple-ios8-czy-wydawcy-cyfrowi-powinni-sie-tym-przejmowac\/","og_site_name":"Blog po\u015bwi\u0119cony publikacjom cyfrowym prowadzony przez PressPad","article_publisher":"https:\/\/www.facebook.com\/presspad","article_published_time":"2014-09-10T14:57:26+00:00","article_modified_time":"2025-03-24T12:30:03+00:00","og_image":[{"width":700,"height":388,"url":"https:\/\/i0.wp.com\/presspad.pl\/blog\/wp-content\/uploads\/2014\/09\/iphone-6-and-new-apple-ios8-should-digital-publishers-bother.png?fit=700%2C388&ssl=1","type":"image\/png"}],"author":"Wojtek Szywalski","twitter_card":"summary_large_image","twitter_creator":"@wojteksz","twitter_site":"@presspadapp","twitter_misc":{"Napisane przez":"Wojtek Szywalski","Szacowany czas czytania":"3 minuty"},"schema":{"@context":"https:\/\/schema.org","@graph":[{"@type":"Article","@id":"https:\/\/presspad.pl\/blog\/iphone-6-i-nowy-apple-ios8-czy-wydawcy-cyfrowi-powinni-sie-tym-przejmowac\/#article","isPartOf":{"@id":"https:\/\/presspad.pl\/blog\/iphone-6-i-nowy-apple-ios8-czy-wydawcy-cyfrowi-powinni-sie-tym-przejmowac\/"},"author":{"name":"Wojtek Szywalski","@id":"https:\/\/presspad.pl\/blog\/#\/schema\/person\/ab0767f11ba6f5dc9411d77cbffeb16c"},"headline":"IPhone 6 I Nowy Apple IOS8 &#8211; Czy Wydawcy Cyfrowi Powinni Si\u0119 Tym Przejmowa\u0107?","datePublished":"2014-09-10T14:57:26+00:00","dateModified":"2025-03-24T12:30:03+00:00","mainEntityOfPage":{"@id":"https:\/\/presspad.pl\/blog\/iphone-6-i-nowy-apple-ios8-czy-wydawcy-cyfrowi-powinni-sie-tym-przejmowac\/"},"wordCount":641,"commentCount":0,"publisher":{"@id":"https:\/\/presspad.pl\/blog\/#organization"},"image":{"@id":"https:\/\/presspad.pl\/blog\/iphone-6-i-nowy-apple-ios8-czy-wydawcy-cyfrowi-powinni-sie-tym-przejmowac\/#primaryimage"},"thumbnailUrl":"https:\/\/i0.wp.com\/presspad.pl\/blog\/wp-content\/uploads\/2014\/09\/iphone-6-and-new-apple-ios8-should-digital-publishers-bother.png?fit=700%2C388&ssl=1","keywords":["iOS8","iPhone6","jab\u0142ko"],"articleSection":["Nowo\u015bci wydawnicze","publikowanie magazyn\u00f3w cyfrowych"],"inLanguage":"pl-PL","potentialAction":[{"@type":"CommentAction","name":"Comment","target":["https:\/\/presspad.pl\/blog\/iphone-6-i-nowy-apple-ios8-czy-wydawcy-cyfrowi-powinni-sie-tym-przejmowac\/#respond"]}]},{"@type":"WebPage","@id":"https:\/\/presspad.pl\/blog\/iphone-6-i-nowy-apple-ios8-czy-wydawcy-cyfrowi-powinni-sie-tym-przejmowac\/","url":"https:\/\/presspad.pl\/blog\/iphone-6-i-nowy-apple-ios8-czy-wydawcy-cyfrowi-powinni-sie-tym-przejmowac\/","name":"iPhone 6 i nowy Apple iOS8 - czy warto si\u0119 tym przejmowa\u0107?","isPartOf":{"@id":"https:\/\/presspad.pl\/blog\/#website"},"primaryImageOfPage":{"@id":"https:\/\/presspad.pl\/blog\/iphone-6-i-nowy-apple-ios8-czy-wydawcy-cyfrowi-powinni-sie-tym-przejmowac\/#primaryimage"},"image":{"@id":"https:\/\/presspad.pl\/blog\/iphone-6-i-nowy-apple-ios8-czy-wydawcy-cyfrowi-powinni-sie-tym-przejmowac\/#primaryimage"},"thumbnailUrl":"https:\/\/i0.wp.com\/presspad.pl\/blog\/wp-content\/uploads\/2014\/09\/iphone-6-and-new-apple-ios8-should-digital-publishers-bother.png?fit=700%2C388&ssl=1","datePublished":"2014-09-10T14:57:26+00:00","dateModified":"2025-03-24T12:30:03+00:00","description":"Simon Fortuna, g\u0142\u00f3wny programista PressPad iOS, zdradza, czego mo\u017cna si\u0119 spodziewa\u0107 po wprowadzeniu iOS8 i co to oznacza dla bran\u017cy publikacji cyfrowych.","breadcrumb":{"@id":"https:\/\/presspad.pl\/blog\/iphone-6-i-nowy-apple-ios8-czy-wydawcy-cyfrowi-powinni-sie-tym-przejmowac\/#breadcrumb"},"inLanguage":"pl-PL","potentialAction":[{"@type":"ReadAction","target":["https:\/\/presspad.pl\/blog\/iphone-6-i-nowy-apple-ios8-czy-wydawcy-cyfrowi-powinni-sie-tym-przejmowac\/"]}]},{"@type":"ImageObject","inLanguage":"pl-PL","@id":"https:\/\/presspad.pl\/blog\/iphone-6-i-nowy-apple-ios8-czy-wydawcy-cyfrowi-powinni-sie-tym-przejmowac\/#primaryimage","url":"https:\/\/i0.wp.com\/presspad.pl\/blog\/wp-content\/uploads\/2014\/09\/iphone-6-and-new-apple-ios8-should-digital-publishers-bother.png?fit=700%2C388&ssl=1","contentUrl":"https:\/\/i0.wp.com\/presspad.pl\/blog\/wp-content\/uploads\/2014\/09\/iphone-6-and-new-apple-ios8-should-digital-publishers-bother.png?fit=700%2C388&ssl=1","width":700,"height":388},{"@type":"BreadcrumbList","@id":"https:\/\/presspad.pl\/blog\/iphone-6-i-nowy-apple-ios8-czy-wydawcy-cyfrowi-powinni-sie-tym-przejmowac\/#breadcrumb","itemListElement":[{"@type":"ListItem","position":1,"name":"Strona g\u0142\u00f3wna","item":"https:\/\/presspad.pl\/blog\/"},{"@type":"ListItem","position":2,"name":"Nowo\u015bci wydawnicze","item":"https:\/\/presspad.pl\/blog\/category\/nowosci-wydawnicze\/"},{"@type":"ListItem","position":3,"name":"IPhone 6 I Nowy Apple IOS8 &#8211; Czy Wydawcy Cyfrowi Powinni Si\u0119 Tym Przejmowa\u0107?"}]},{"@type":"WebSite","@id":"https:\/\/presspad.pl\/blog\/#website","url":"https:\/\/presspad.pl\/blog\/","name":"Blog po\u015bwi\u0119cony publikacjom cyfrowym prowadzony przez PressPad","description":"Blog o publikacjach cyfrowych; Aplikacje dla czasopism i porady marketingowe PressPad","publisher":{"@id":"https:\/\/presspad.pl\/blog\/#organization"},"potentialAction":[{"@type":"SearchAction","target":{"@type":"EntryPoint","urlTemplate":"https:\/\/presspad.pl\/blog\/?s={search_term_string}"},"query-input":{"@type":"PropertyValueSpecification","valueRequired":true,"valueName":"search_term_string"}}],"inLanguage":"pl-PL"},{"@type":"Organization","@id":"https:\/\/presspad.pl\/blog\/#organization","name":"PressPad","url":"https:\/\/presspad.pl\/blog\/","logo":{"@type":"ImageObject","inLanguage":"pl-PL","@id":"https:\/\/presspad.pl\/blog\/#\/schema\/logo\/image\/","url":"https:\/\/i0.wp.com\/presspad.pl\/blog\/wp-content\/uploads\/2013\/10\/PressPad_LOGO_main_horizontal_gradient.png?fit=800%2C300&ssl=1","contentUrl":"https:\/\/i0.wp.com\/presspad.pl\/blog\/wp-content\/uploads\/2013\/10\/PressPad_LOGO_main_horizontal_gradient.png?fit=800%2C300&ssl=1","width":800,"height":300,"caption":"PressPad"},"image":{"@id":"https:\/\/presspad.pl\/blog\/#\/schema\/logo\/image\/"},"sameAs":["https:\/\/www.facebook.com\/presspad","https:\/\/x.com\/presspadapp","https:\/\/www.instagram.com\/presspadapp\/","https:\/\/www.linkedin.com\/company\/2033158","https:\/\/www.pinterest.com\/presspad\/","https:\/\/www.youtube.com\/user\/presspad"]},{"@type":"Person","@id":"https:\/\/presspad.pl\/blog\/#\/schema\/person\/ab0767f11ba6f5dc9411d77cbffeb16c","name":"Wojtek Szywalski","image":{"@type":"ImageObject","inLanguage":"pl-PL","@id":"https:\/\/secure.gravatar.com\/avatar\/d346f526a50e57221d2e8dbf3557bfbac8be1bbb33f527b993a67772ded6d6a3?s=96&r=g","url":"https:\/\/secure.gravatar.com\/avatar\/d346f526a50e57221d2e8dbf3557bfbac8be1bbb33f527b993a67772ded6d6a3?s=96&r=g","contentUrl":"https:\/\/secure.gravatar.com\/avatar\/d346f526a50e57221d2e8dbf3557bfbac8be1bbb33f527b993a67772ded6d6a3?s=96&r=g","caption":"Wojtek Szywalski"},"description":"Wojtek Szywalski is a Content Marketing Manager at PressPad and co-editor of Digital Publishing Guide Magazine. If you like his post please share it among circle of your friends and followers. You can follow him on Twitter @wojteksz as well.","sameAs":["http:\/\/www.presspadapp.com","https:\/\/x.com\/wojteksz"],"url":"https:\/\/presspad.pl\/blog\/author\/wojtekpresspadapp-com\/"}]}},"jetpack_featured_media_url":"https:\/\/i0.wp.com\/presspad.pl\/blog\/wp-content\/uploads\/2014\/09\/iphone-6-and-new-apple-ios8-should-digital-publishers-bother.png?fit=700%2C388&ssl=1","jetpack_sharing_enabled":true,"jetpack_shortlink":"https:\/\/wp.me\/pbs6e8-2tz","jetpack-related-posts":[{"id":9527,"url":"https:\/\/presspad.pl\/blog\/najpopularniejsze-artykuly-dotyczace-publikacji-cyfrowych-i-marketingu-mobilnego-wyszukiwane-przez-wydawcow\/","url_meta":{"origin":9521,"position":0},"title":"Najpopularniejsze Artyku\u0142y Dotycz\u0105ce Publikacji Cyfrowych I Marketingu Mobilnego Wyszukiwane Przez Wydawc\u00f3w","author":"Wojtek Szywalski","date":"3 pa\u017adziernika, 2014","format":false,"excerpt":"Co tydzie\u0144 w PressPad mam dzie\u0144 analityczny. Po\u015bwi\u0119cam czas na zrozumienie ruchu internetowego generowanego przez nasze tre\u015bci. W tym celu korzystam z r\u00f3\u017cnych narz\u0119dzi, takich jak Mixpanel i Google Analytics. W tym artykule przedstawi\u0119 list\u0119 dziesi\u0119ciu najpopularniejszych artyku\u0142\u00f3w opublikowanych na naszym blogu - w oparciu o unikalnych u\u017cytkownik\u00f3w i \u015bredni\u2026","rel":"","context":"W &quot;Mobile Publishing 101&quot;","block_context":{"text":"Mobile Publishing 101","link":"https:\/\/presspad.pl\/blog\/category\/mobile-publishing-101-pl-2\/"},"img":{"alt_text":"","src":"https:\/\/i0.wp.com\/presspad.pl\/blog\/wp-content\/uploads\/2014\/10\/most-popular-digital-publishing-and-mobile-marketing-articles-publishers-search.jpg?fit=684%2C365&ssl=1&resize=350%2C200","width":350,"height":200,"srcset":"https:\/\/i0.wp.com\/presspad.pl\/blog\/wp-content\/uploads\/2014\/10\/most-popular-digital-publishing-and-mobile-marketing-articles-publishers-search.jpg?fit=684%2C365&ssl=1&resize=350%2C200 1x, https:\/\/i0.wp.com\/presspad.pl\/blog\/wp-content\/uploads\/2014\/10\/most-popular-digital-publishing-and-mobile-marketing-articles-publishers-search.jpg?fit=684%2C365&ssl=1&resize=525%2C300 1.5x"},"classes":[]},{"id":9648,"url":"https:\/\/presspad.pl\/blog\/co-oznacza-obnizenie-podatku-apple-app-store-dla-wydawcow\/","url_meta":{"origin":9521,"position":1},"title":"Co Oznacza Obni\u017cenie Podatku Apple App Store Dla Wydawc\u00f3w?","author":"Paulina Kubala-Chuchnowska","date":"19 listopada, 2020","format":false,"excerpt":"Obni\u017cka podatku App Store staje si\u0119 rzeczywisto\u015bci\u0105. \"Apple og\u0142asza App Store Small Business Program\" - ten nag\u0142\u00f3wek pojawi\u0142 si\u0119 wczoraj na stronie Apple, przynosz\u0105c wielu w\u0142a\u015bcicielom ma\u0142ych i \u015brednich firm wiele emocji i nadziei. Opublikowana wiadomo\u015b\u0107 oznacza, \u017ce wydawcy otrzymaj\u0105 15% zni\u017cki na podatek App Store od zakup\u00f3w w aplikacjach.\u2026","rel":"","context":"W &quot;Mobile Publishing 101&quot;","block_context":{"text":"Mobile Publishing 101","link":"https:\/\/presspad.pl\/blog\/category\/mobile-publishing-101-pl-2\/"},"img":{"alt_text":"","src":"https:\/\/i0.wp.com\/presspad.pl\/blog\/wp-content\/uploads\/apple-app-store-tax-1.jpg?fit=1200%2C700&ssl=1&resize=350%2C200","width":350,"height":200,"srcset":"https:\/\/i0.wp.com\/presspad.pl\/blog\/wp-content\/uploads\/apple-app-store-tax-1.jpg?fit=1200%2C700&ssl=1&resize=350%2C200 1x, https:\/\/i0.wp.com\/presspad.pl\/blog\/wp-content\/uploads\/apple-app-store-tax-1.jpg?fit=1200%2C700&ssl=1&resize=525%2C300 1.5x, https:\/\/i0.wp.com\/presspad.pl\/blog\/wp-content\/uploads\/apple-app-store-tax-1.jpg?fit=1200%2C700&ssl=1&resize=700%2C400 2x, https:\/\/i0.wp.com\/presspad.pl\/blog\/wp-content\/uploads\/apple-app-store-tax-1.jpg?fit=1200%2C700&ssl=1&resize=1050%2C600 3x"},"classes":[]},{"id":9596,"url":"https:\/\/presspad.pl\/blog\/wydawcy-czasopism-sa-prawdziwymi-zwyciezcami-nowej-polityki-prywatnosci-apple\/","url_meta":{"origin":9521,"position":2},"title":"Wydawcy Czasopism S\u0105 Prawdziwymi Zwyci\u0119zcami Nowej Polityki Prywatno\u015bci Apple","author":"Paulina Kubala-Chuchnowska","date":"15 lipca, 2021","format":false,"excerpt":"Apple to firma, kt\u00f3rej nie trzeba przedstawia\u0107. Wraz z Facebookiem i Google dominuje w technologicznym \u015bwiecie i nadaje ton r\u00f3\u017cnego rodzaju biznesom. Ka\u017cda, nawet najmniejsza zmiana wprowadzona przez t\u0119 wielk\u0105 tr\u00f3jk\u0119 mo\u017ce mie\u0107 ogromny wp\u0142yw na ca\u0142y \u015bwiat. Tak w\u0142a\u015bnie sta\u0142o si\u0119 ostatnio za spraw\u0105 og\u0142oszenia nowej polityki prywatno\u015bci przez\u2026","rel":"","context":"W &quot;Nowo\u015bci wydawnicze&quot;","block_context":{"text":"Nowo\u015bci wydawnicze","link":"https:\/\/presspad.pl\/blog\/category\/nowosci-wydawnicze\/"},"img":{"alt_text":"","src":"https:\/\/i0.wp.com\/presspad.pl\/blog\/wp-content\/uploads\/apple-privacy-policy.jpg?fit=900%2C564&ssl=1&resize=350%2C200","width":350,"height":200,"srcset":"https:\/\/i0.wp.com\/presspad.pl\/blog\/wp-content\/uploads\/apple-privacy-policy.jpg?fit=900%2C564&ssl=1&resize=350%2C200 1x, https:\/\/i0.wp.com\/presspad.pl\/blog\/wp-content\/uploads\/apple-privacy-policy.jpg?fit=900%2C564&ssl=1&resize=525%2C300 1.5x, https:\/\/i0.wp.com\/presspad.pl\/blog\/wp-content\/uploads\/apple-privacy-policy.jpg?fit=900%2C564&ssl=1&resize=700%2C400 2x"},"classes":[]},{"id":9560,"url":"https:\/\/presspad.pl\/blog\/odnies-sukces-badz-cyfrowy-wyzwania-wydawnicze-a-nasze-rozwiazania-presspad\/","url_meta":{"origin":9521,"position":3},"title":"Odnie\u015b Sukces, B\u0105d\u017a Cyfrowy. Wyzwania Wydawnicze a Nasze Rozwi\u0105zania PressPad","author":"Paulina Kubala-Chuchnowska","date":"13 czerwca, 2018","format":false,"excerpt":"Wielu wydawc\u00f3w zastanawia si\u0119, czy warto mie\u0107 aplikacj\u0119 mobiln\u0105 zamiast strony internetowej, jaki jest najlepszy spos\u00f3b na sprzeda\u017c magazynu online i jakie korzy\u015bci mo\u017ce przynie\u015b\u0107 publikacja cyfrowa. C\u00f3\u017c, jedn\u0105 z oczywistych odpowiedzi by\u0142oby oszcz\u0119dzanie du\u017cej ilo\u015bci drzew. A teraz bardziej powa\u017cnie. Jest jedna podstawowa rzecz dotycz\u0105ca publikowania czasopism online, a\u2026","rel":"","context":"W &quot;Publikacja cyfrowa&quot;","block_context":{"text":"Publikacja cyfrowa","link":"https:\/\/presspad.pl\/blog\/category\/publikacja-cyfrowa\/"},"img":{"alt_text":"","src":"https:\/\/i0.wp.com\/presspad.pl\/blog\/wp-content\/uploads\/digital-publishing-challenges-solutions.png?fit=1200%2C764&ssl=1&resize=350%2C200","width":350,"height":200,"srcset":"https:\/\/i0.wp.com\/presspad.pl\/blog\/wp-content\/uploads\/digital-publishing-challenges-solutions.png?fit=1200%2C764&ssl=1&resize=350%2C200 1x, https:\/\/i0.wp.com\/presspad.pl\/blog\/wp-content\/uploads\/digital-publishing-challenges-solutions.png?fit=1200%2C764&ssl=1&resize=525%2C300 1.5x, https:\/\/i0.wp.com\/presspad.pl\/blog\/wp-content\/uploads\/digital-publishing-challenges-solutions.png?fit=1200%2C764&ssl=1&resize=700%2C400 2x, https:\/\/i0.wp.com\/presspad.pl\/blog\/wp-content\/uploads\/digital-publishing-challenges-solutions.png?fit=1200%2C764&ssl=1&resize=1050%2C600 3x"},"classes":[]},{"id":9491,"url":"https:\/\/presspad.pl\/blog\/tworzenie-dedykowanej-aplikacji-kiosku-dla-ipada\/","url_meta":{"origin":9521,"position":4},"title":"Tworzenie Dedykowanej Aplikacji Kiosku Dla IPada","author":"Paulina Kubala-Chuchnowska","date":"17 stycznia, 2013","format":false,"excerpt":"Obecnie istniej\u0105 dwa trendy w dziedzinie aplikacji magazynowych na iPada; pierwszy to tworzenie dedykowanych aplikacji, a drugi dotyczy aplikacji internetowych. W dzisiejszym wpisie zajmiemy si\u0119 pierwszym podej\u015bciem i przyjrzymy si\u0119 procesowi dodawania aplikacji do App Store. W PressPad ka\u017cdy z naszych klient\u00f3w otrzymuje w\u0142asn\u0105 aplikacj\u0119. Decyduj\u0105c si\u0119 na zam\u00f3wienie w\u0142asnej\u2026","rel":"","context":"W &quot;Produkt&quot;","block_context":{"text":"Produkt","link":"https:\/\/presspad.pl\/blog\/category\/produkt\/"},"img":{"alt_text":"","src":"https:\/\/i0.wp.com\/presspad.pl\/blog\/wp-content\/uploads\/ipad-newsstand-app.png?fit=757%2C366&ssl=1&resize=350%2C200","width":350,"height":200,"srcset":"https:\/\/i0.wp.com\/presspad.pl\/blog\/wp-content\/uploads\/ipad-newsstand-app.png?fit=757%2C366&ssl=1&resize=350%2C200 1x, https:\/\/i0.wp.com\/presspad.pl\/blog\/wp-content\/uploads\/ipad-newsstand-app.png?fit=757%2C366&ssl=1&resize=525%2C300 1.5x, https:\/\/i0.wp.com\/presspad.pl\/blog\/wp-content\/uploads\/ipad-newsstand-app.png?fit=757%2C366&ssl=1&resize=700%2C400 2x"},"classes":[]},{"id":9462,"url":"https:\/\/presspad.pl\/blog\/z-biurka-ceo-co-darmowe-strony-od-apple-oznaczaja-dla-wydawcow-czasopism\/","url_meta":{"origin":9521,"position":5},"title":"Z Biurka CEO: Co Darmowe Strony Od Apple Oznaczaj\u0105 Dla Wydawc\u00f3w Czasopism?","author":"Wojtek Szywalski","date":"25 pa\u017adziernika, 2013","format":false,"excerpt":"Budowanie biznesu za \"darmo\" to bardzo du\u017ce wyzwanie, prawdopodobnie najwi\u0119ksze, przed jakim mo\u017ce stan\u0105\u0107 firma i jej zarz\u0105d. Dlatego szczeg\u00f3lnie cieszy fakt, \u017ce Apple do\u0142\u0105czy\u0142o do grona firm oferuj\u0105cych niekt\u00f3re ze swoich produkt\u00f3w za darmo. Oczywi\u015bcie \"darmowe\" prawie nigdy nie jest naprawd\u0119 darmowe. Kilkadziesi\u0105t lat temu \"darmowy lunch\" by\u0142 darmowy\u2026","rel":"","context":"W &quot;Mobile Publishing 101&quot;","block_context":{"text":"Mobile Publishing 101","link":"https:\/\/presspad.pl\/blog\/category\/mobile-publishing-101-pl-2\/"},"img":{"alt_text":"","src":"https:\/\/i0.wp.com\/presspad.pl\/blog\/wp-content\/uploads\/2013\/10\/fromCEO2.png?fit=659%2C425&ssl=1&resize=350%2C200","width":350,"height":200,"srcset":"https:\/\/i0.wp.com\/presspad.pl\/blog\/wp-content\/uploads\/2013\/10\/fromCEO2.png?fit=659%2C425&ssl=1&resize=350%2C200 1x, https:\/\/i0.wp.com\/presspad.pl\/blog\/wp-content\/uploads\/2013\/10\/fromCEO2.png?fit=659%2C425&ssl=1&resize=525%2C300 1.5x"},"classes":[]}],"amp_enabled":true,"_links":{"self":[{"href":"https:\/\/presspad.pl\/blog\/wp-json\/wp\/v2\/posts\/9521","targetHints":{"allow":["GET"]}}],"collection":[{"href":"https:\/\/presspad.pl\/blog\/wp-json\/wp\/v2\/posts"}],"about":[{"href":"https:\/\/presspad.pl\/blog\/wp-json\/wp\/v2\/types\/post"}],"author":[{"embeddable":true,"href":"https:\/\/presspad.pl\/blog\/wp-json\/wp\/v2\/users\/7"}],"replies":[{"embeddable":true,"href":"https:\/\/presspad.pl\/blog\/wp-json\/wp\/v2\/comments?post=9521"}],"version-history":[{"count":1,"href":"https:\/\/presspad.pl\/blog\/wp-json\/wp\/v2\/posts\/9521\/revisions"}],"predecessor-version":[{"id":9772,"href":"https:\/\/presspad.pl\/blog\/wp-json\/wp\/v2\/posts\/9521\/revisions\/9772"}],"wp:featuredmedia":[{"embeddable":true,"href":"https:\/\/presspad.pl\/blog\/wp-json\/wp\/v2\/media\/8787"}],"wp:attachment":[{"href":"https:\/\/presspad.pl\/blog\/wp-json\/wp\/v2\/media?parent=9521"}],"wp:term":[{"taxonomy":"category","embeddable":true,"href":"https:\/\/presspad.pl\/blog\/wp-json\/wp\/v2\/categories?post=9521"},{"taxonomy":"post_tag","embeddable":true,"href":"https:\/\/presspad.pl\/blog\/wp-json\/wp\/v2\/tags?post=9521"}],"curies":[{"name":"wp","href":"https:\/\/api.w.org\/{rel}","templated":true}]}}