{"id":9571,"date":"2024-05-03T10:31:23","date_gmt":"2024-05-03T08:31:23","guid":{"rendered":"https:\/\/www.presspadapp.com\/blog\/6-korzysci-z-integracji-multimediow-w-publikacji-cyfrowej\/"},"modified":"2025-03-24T14:29:36","modified_gmt":"2025-03-24T12:29:36","slug":"6-korzysci-z-integracji-multimediow-w-publikacji-cyfrowej","status":"publish","type":"post","link":"https:\/\/presspad.pl\/blog\/6-korzysci-z-integracji-multimediow-w-publikacji-cyfrowej\/","title":{"rendered":"6 Korzy\u015bci Z Integracji Multimedi\u00f3w W Publikacji Cyfrowej"},"content":{"rendered":"\n<h2 class=\"wp-block-heading\"><strong>Jest tylko jedno proste rozwi\u0105zanie, kt\u00f3re daje magazynom cyfrowym nieograniczone mo\u017cliwo\u015bci przyci\u0105gni\u0119cia czytelnik\u00f3w i zaanga\u017cowania ich do tego stopnia, \u017ce b\u0119d\u0105 wraca\u0107. Jest nim multimedialno\u015b\u0107. <\/strong><\/h2>\n\n\n\n<p>Je\u015bli si\u0119 nad tym zastanowi\u0107, wydawcy zawsze starali si\u0119 oferowa\u0107 w swoich publikacjach co\u015b wi\u0119cej ni\u017c tylko zwyk\u0142y tekst.<\/p>\n\n\n\n<p>Cofnijmy si\u0119 do czas\u00f3w wydawania szerokich gazet, kiedy powszechn\u0105 praktyk\u0105 redaktor\u00f3w by\u0142o zatrudnianie artyst\u00f3w do szkicowania i relacjonowania wydarze\u0144. To by\u0142 zaw\u00f3d! Wkr\u00f3tce potem rozw\u00f3j technologiczny przyni\u00f3s\u0142 rewolucj\u0119 w fotografii i gazety zacz\u0119\u0142y rutynowo zamieszcza\u0107 zdj\u0119cia &#8211; pocz\u0105tkowo czarno-bia\u0142e, p\u00f3\u017aniej kolorowe, co wywo\u0142a\u0142o niema\u0142\u0105 sensacj\u0119.  <\/p>\n\n\n\n<p>Dzi\u015b ju\u017c chyba nikt nie wyobra\u017ca sobie drukowanych magazyn\u00f3w i gazet bez zdj\u0119\u0107 i innych form graficznych w \u015brodku.<\/p>\n\n\n\n<p>Ten sam proces mia\u0142 miejsce w publikacjach cyfrowych. Tutaj r\u00f3wnie\u017c mieli\u015bmy do czynienia z przej\u015bciem od \u015bciany zwyk\u0142ego tekstu wy\u015bwietlanego na ekranach do dywersyfikacji z r\u00f3\u017cnymi graficznymi sposobami prezentacji informacji, w zale\u017cno\u015bci od aktualnego stanu rozwoju technologicznego. <\/p>\n\n\n\n<p>Bior\u0105c to pod uwag\u0119, pojawia si\u0119 pytanie &#8211; co takiego jest w zdj\u0119ciach i obrazach, \u017ce wydawcy chc\u0105 je umieszcza\u0107 w swoich publikacjach?<\/p>\n\n\n\n<!--more-->\n\n\n\n<h2 class=\"wp-block-heading\"><strong>W mgnieniu oka<\/strong><\/h2>\n\n\n\n<p>Przeprowad\u017amy szybki eksperyment. Sp\u00f3jrz na te dwa sposoby prezentacji tego samego fragmentu artyku\u0142u. Kt\u00f3ry z nich bardziej zach\u0119ca do rozpocz\u0119cia czytania?  <\/p>\n\n\n\n<figure class=\"wp-block-image size-large is-resized\"><img data-recalc-dims=\"1\" loading=\"lazy\" decoding=\"async\" width=\"1024\" height=\"575\" src=\"https:\/\/i0.wp.com\/www.presspadapp.com\/blog\/wp-content\/uploads\/content_with_image-1024x575.png?resize=1024%2C575&#038;ssl=1\" alt=\"\" class=\"wp-image-8086\" style=\"aspect-ratio:1.7808695652173914;width:718px;height:auto\" srcset=\"https:\/\/i0.wp.com\/presspad.pl\/blog\/wp-content\/uploads\/content_with_image.png?resize=1024%2C575&amp;ssl=1 1024w, https:\/\/i0.wp.com\/presspad.pl\/blog\/wp-content\/uploads\/content_with_image.png?resize=300%2C169&amp;ssl=1 300w, https:\/\/i0.wp.com\/presspad.pl\/blog\/wp-content\/uploads\/content_with_image.png?resize=150%2C84&amp;ssl=1 150w, https:\/\/i0.wp.com\/presspad.pl\/blog\/wp-content\/uploads\/content_with_image.png?resize=320%2C180&amp;ssl=1 320w, https:\/\/i0.wp.com\/presspad.pl\/blog\/wp-content\/uploads\/content_with_image.png?resize=480%2C270&amp;ssl=1 480w, https:\/\/i0.wp.com\/presspad.pl\/blog\/wp-content\/uploads\/content_with_image.png?resize=800%2C449&amp;ssl=1 800w, https:\/\/i0.wp.com\/presspad.pl\/blog\/wp-content\/uploads\/content_with_image.png?w=1200&amp;ssl=1 1200w\" sizes=\"auto, (max-width: 1000px) 100vw, 1000px\" \/><figcaption class=\"wp-element-caption\"><em>Ten sam fragment artyku\u0142u PressPad z obrazem i bez niego<\/em><\/figcaption><\/figure>\n\n\n\n<p>Zgadujemy, \u017ce to ten po lewej stronie, prawda? Pokazuje to nic innego jak ogromn\u0105 si\u0142\u0119 obrazu. Nie jest to jednak tylko zbieg okoliczno\u015bci czy fakt, \u017ce strona z kolorowym fragmentem si\u0119 wyr\u00f3\u017cnia. Obrazy maj\u0105 dla nas przewag\u0119 nad tekstem ze wzgl\u0119du na&#8230; nasze cia\u0142a. A dok\u0142adniej, ze wzgl\u0119du na nasze m\u00f3zgi.    <\/p>\n\n\n\n<p>Wed\u0142ug <a href=\"https:\/\/ifvp.org\/content\/why-our-brain-loves-pictures\" target=\"_blank\" rel=\"noreferrer noopener nofollow\">Mi\u0119dzynarodowego Forum Praktyk\u00f3w Wizualnych<\/a>:<\/p>\n\n\n\n<ul class=\"wp-block-list\">\n<li>Ludzki m\u00f3zg uwielbia obrazy. Zosta\u0142 zaprojektowany do przyjmowania, przesy\u0142ania i przetwarzania informacji dzi\u0119ki obrazom. <\/li>\n\n\n\n<li>Dlatego ludzie reaguj\u0105 na dane wizualne i przetwarzaj\u0105 je lepiej ni\u017c jakikolwiek inny rodzaj danych.  <\/li>\n\n\n\n<li>Ludzki m\u00f3zg przetwarza obrazy 60 000 razy szybciej ni\u017c tekst, a 90 procent informacji przekazywanych do m\u00f3zgu ma charakter wizualny.<\/li>\n<\/ul>\n\n\n\n<p>M\u00f3wi\u0105c wprost, obrazy s\u0105 lepsze ni\u017c tekst, poniewa\u017c czytanie jest dla nas raczej nieefektywne. Co jeszcze mo\u017ce by\u0107 dobrego w dodaniu zdj\u0119cia do publikacji? <\/p>\n\n\n\n<ul class=\"wp-block-list\">\n<li>Przyci\u0105ga wzrok czytelnika, sprawiaj\u0105c, \u017ce ludzie ch\u0119tnie si\u0119gaj\u0105 po tytu\u0142.<\/li>\n\n\n\n<li>Czytelnicy d\u0142u\u017cej czytaj\u0105 artyku\u0142.<\/li>\n\n\n\n<li>Zdj\u0119cia informuj\u0105, edukuj\u0105 i bawi\u0105 publiczno\u015b\u0107, a tak\u017ce wywo\u0142uj\u0105 i\/lub rozgrzewaj\u0105 emocje.<\/li>\n\n\n\n<li>Kolejno\u015b\u0107 konsumpcji publikacji zosta\u0142a zmieniona (zdj\u0119cie staje si\u0119 bardziej znacz\u0105ce ni\u017c tytu\u0142).<\/li>\n\n\n\n<li>Ma przewag\u0119 nad konkurencj\u0105 i przyci\u0105ga reklamodawc\u00f3w.<\/li>\n\n\n\n<li>Wizualizacje spe\u0142niaj\u0105 rol\u0119 marketingow\u0105, wp\u0142ywaj\u0105c na proces sprzeda\u017cy.<\/li>\n<\/ul>\n\n\n\n<p>Korzy\u015bci te pozosta\u0142y niezmienne od czas\u00f3w prasy czarno-bia\u0142ej. Rzecz w tym, \u017ce wraz ze zmianami rzeczywisto\u015bci wydawniczej, zmieni\u0142y si\u0119 r\u00f3wnie\u017c zachowania konsumenckie czytelnik\u00f3w. Oznacza to, \u017ce dodanie zdj\u0119cia do tekstu cyfrowego mo\u017ce nie wystarczy\u0107, aby skusi\u0107 kogo\u015b do dokonania zakupu i pozostania z tekstem przez d\u0142u\u017cszy czas.  <\/p>\n\n\n\n<h2 class=\"wp-block-heading\"><strong>R\u00f3\u017cni czytelnicy, r\u00f3\u017cne atrakcje<\/strong><\/h2>\n\n\n\n<p>Jaki\u015b czas temu Internet podbi\u0142y wyniki pewnych bada\u0144. Stwierdzono w nich, \u017ce w ci\u0105gu ostatnich dw\u00f3ch dekad obecna uwaga cz\u0142owieka zmniejszy\u0142a si\u0119 z 12 sekund do 8,25 sekundy, co oznacza, \u017ce jest teraz podobna do uwagi z\u0142otej rybki i kr\u00f3tsza od uwagi wiewi\u00f3rki. <\/p>\n\n\n\n<p>Co to ma wsp\u00f3lnego z bran\u017c\u0105 wydawnicz\u0105? Nawet je\u015bli dla niekt\u00f3rych zabrzmi to brutalnie, to taka jest prawda &#8211; kiedy\u015b ch\u0119tniej sp\u0119dzali\u015bmy wi\u0119cej czasu z tekstem, delektowali\u015bmy si\u0119 s\u0142owami i zastanawiali\u015bmy si\u0119 nad nimi. Kiedy\u015b zdj\u0119cia pe\u0142ni\u0142y rol\u0119 elementu magnetycznego, przyci\u0105gaj\u0105cego i zach\u0119caj\u0105cego. Dzi\u015b dodanie kolorowych obrazk\u00f3w, nawet je\u015bli s\u0105 chwytliwe, nie wystarczy, by przyci\u0105gn\u0105\u0107 i zatrzyma\u0107 czytelnik\u00f3w przy cyfrowej publikacji.   <\/p>\n\n\n\n<p>Oczywi\u015bcie elementy takie jak mocne nag\u0142\u00f3wki, kr\u00f3tka forma i personalizacja temat\u00f3w s\u0105 naprawd\u0119 wa\u017cne. C\u00f3\u017c, nag\u0142\u00f3wki s\u0105 pierwsz\u0105 rzecz\u0105, kt\u00f3r\u0105 ludzie widz\u0105, podczas gdy reszta powinna by\u0107 \u0142atwa do zeskanowania. By\u0142oby wspaniale, gdyby znale\u017ali co\u015b istotnego dla nich, napisanego j\u0119zykiem, do kt\u00f3rego mog\u0105 si\u0119 odnie\u015b\u0107.  <\/p>\n\n\n\n<p>Jednak wszystkie te elementy odnosz\u0105 si\u0119 wy\u0142\u0105cznie do statycznych tre\u015bci, kt\u00f3re nie s\u0105 ju\u017c wystarczaj\u0105ce, aby przyci\u0105gn\u0105\u0107 odbiorc\u00f3w, zw\u0142aszcza w czasach, gdy czas uwagi si\u0119 kurczy, a konkurencja ro\u015bnie. Potrzeba czego\u015b wi\u0119cej dla czytelnik\u00f3w, kt\u00f3rzy szybko si\u0119 nudz\u0105 i potrzebuj\u0105 wci\u0105\u017c nowych wra\u017ce\u0144. <\/p>\n\n\n\n<h2 class=\"wp-block-heading\"><strong>Zawarto\u015b\u0107 multimedialna jest kr\u00f3lem<\/strong><\/h2>\n\n\n\n<p>Oczywi\u015bcie nie oznacza to, \u017ce wydawcy internetowi powinni zaprzesta\u0107 dodawania zdj\u0119\u0107 do swoich publikacji. Wci\u0105\u017c odgrywaj\u0105 one wiele wa\u017cnych r\u00f3l. Rzecz w tym, \u017ce oferta wydawc\u00f3w internetowych powinna zosta\u0107 poszerzona o takie formy jak:  <\/p>\n\n\n\n<ul class=\"wp-block-list\">\n<li>wysokiej jako\u015bci obrazy i zdj\u0119cia,<\/li>\n\n\n\n<li>wideo i materia\u0142y filmowe,<\/li>\n\n\n\n<li>d\u017awi\u0119k istniej\u0105cy samodzielnie lub z mediami wideo,<\/li>\n\n\n\n<li>infografiki z efektami najechania i klikalnymi przyciskami,  <\/li>\n\n\n\n<li>animacje lub animacje na ma\u0142\u0105 skal\u0119, takie jak GIF-y,<\/li>\n\n\n\n<li>pokazy slajd\u00f3w lub karuzele obraz\u00f3w,<\/li>\n\n\n\n<li>Rzeczywisto\u015b\u0107 rozszerzona (AR) i rzeczywisto\u015b\u0107 wirtualna (VR),<\/li>\n\n\n\n<li>interaktywne mapy,<\/li>\n\n\n\n<li>wykresy, grafy, quizy i ankiety,<\/li>\n\n\n\n<li>odsy\u0142acze i hiper\u0142\u0105cza.<\/li>\n<\/ul>\n\n\n\n<figure class=\"wp-block-image size-full\"><img data-recalc-dims=\"1\" loading=\"lazy\" decoding=\"async\" width=\"1000\" height=\"668\" src=\"https:\/\/i0.wp.com\/www.presspadapp.com\/blog\/wp-content\/uploads\/interactive_online_magazine.jpeg?resize=1000%2C668&#038;ssl=1\" alt=\"\" class=\"wp-image-8087\" srcset=\"https:\/\/i0.wp.com\/presspad.pl\/blog\/wp-content\/uploads\/interactive_online_magazine.jpeg?w=1000&amp;ssl=1 1000w, https:\/\/i0.wp.com\/presspad.pl\/blog\/wp-content\/uploads\/interactive_online_magazine.jpeg?resize=300%2C200&amp;ssl=1 300w, https:\/\/i0.wp.com\/presspad.pl\/blog\/wp-content\/uploads\/interactive_online_magazine.jpeg?resize=150%2C100&amp;ssl=1 150w, https:\/\/i0.wp.com\/presspad.pl\/blog\/wp-content\/uploads\/interactive_online_magazine.jpeg?resize=320%2C214&amp;ssl=1 320w, https:\/\/i0.wp.com\/presspad.pl\/blog\/wp-content\/uploads\/interactive_online_magazine.jpeg?resize=480%2C321&amp;ssl=1 480w, https:\/\/i0.wp.com\/presspad.pl\/blog\/wp-content\/uploads\/interactive_online_magazine.jpeg?resize=800%2C534&amp;ssl=1 800w\" sizes=\"auto, (max-width: 1000px) 100vw, 1000px\" \/><figcaption class=\"wp-element-caption\"><em>Interaktywno\u015b\u0107 to najlepsza cecha nowoczesnych magazyn\u00f3w cyfrowych<\/em><\/figcaption><\/figure>\n\n\n\n<p>&#8211; Czy powinienem doda\u0107 takie rozwi\u0105zania multimedialne do mojej publikacji cyfrowej? &#8211; mo\u017cna zapyta\u0107. <\/p>\n\n\n\n<p>Odpowied\u017a na Twoje pytanie brzmi &#8222;tak&#8221; i jest to spowodowane wymian\u0105 pokoleniow\u0105, zmian\u0105 zachowa\u0144 czytelnik\u00f3w, ogromn\u0105 konkurencj\u0105 i mo\u017cliwo\u015bciami technologicznymi, kt\u00f3rych szkoda by\u0142oby nie wykorzysta\u0107.  <\/p>\n\n\n\n<p>Je\u015bli nadal nie jeste\u015b przekonany, zapoznaj si\u0119 z poni\u017csz\u0105 list\u0105 korzy\u015bci.<\/p>\n\n\n\n<h3 class=\"wp-block-heading\">\u2794 <strong>Zwi\u0119kszenie zaanga\u017cowania czytelnik\u00f3w<\/strong><\/h3>\n\n\n\n<p>Dlaczego zaanga\u017cowanie jest tak wa\u017cne? Kiedy czytelnik otwiera Twoj\u0105 publikacj\u0119, celem jest, aby sp\u0119dzi\u0142 z ni\u0105 jak najwi\u0119cej czasu. By\u0107 mo\u017ce w mi\u0119dzyczasie co\u015b zach\u0119ci go do podj\u0119cia dodatkowych dzia\u0142a\u0144 (np. zakupu). Taki czynnik b\u0119dzie warto\u015bci\u0105 dla reklamodawc\u00f3w. Je\u015bli jednak po wej\u015bciu nic ich nie zaanga\u017cuje, szanse na szybkie opuszczenie strony rosn\u0105.    <\/p>\n\n\n\n<p>Zawarto\u015b\u0107 multimedialna:<\/p>\n\n\n\n<ul class=\"wp-block-list\">\n<li>ma wyj\u0105tkow\u0105 zdolno\u015b\u0107 przyci\u0105gania i zatrzymywania uwagi czytelnik\u00f3w.  <\/li>\n\n\n\n<li>mo\u017ce dostarczy\u0107 silniejszy i bardziej anga\u017cuj\u0105cy przekaz ni\u017c standardowy tekst,  <\/li>\n\n\n\n<li>to \u015bwietny spos\u00f3b na rozbicie tekstu i sprawienie, by tre\u015b\u0107 by\u0142a bardziej anga\u017cuj\u0105ca<\/li>\n\n\n\n<li>Opowiada histori\u0119, utrzymuje zainteresowanie ludzi i zach\u0119ca ich do powrotu po wi\u0119cej.<\/li>\n\n\n\n<li>zach\u0119ca u\u017cytkownik\u00f3w do interakcji z interaktywnymi tre\u015bciami, a nie z samym tekstem.<\/li>\n<\/ul>\n\n\n\n<h3 class=\"wp-block-heading\"><strong>Podnoszenie poziomu zrozumienia<\/strong><\/h3>\n\n\n\n<p>Znasz to uczucie, gdy czytasz o czym\u015b skomplikowanym i nie rozumiesz, o co w tym wszystkim chodzi? W\u0142a\u015bnie dlatego do pisemnych instrukcji obs\u0142ugi dodawane s\u0105 zdj\u0119cia i schematy. <\/p>\n\n\n\n<ul class=\"wp-block-list\">\n<li>Obrazy i filmy mog\u0105 wyja\u015bnia\u0107 z\u0142o\u017cone tematy. Odbiorcom \u0142atwiej b\u0119dzie zrozumie\u0107 prezentowane tre\u015bci. <\/li>\n\n\n\n<li>Niekt\u00f3re koncepcje s\u0105 najlepiej przekazywane poprzez dynamiczn\u0105 narracj\u0119. Multimedia umo\u017cliwiaj\u0105 prezentacj\u0119 z\u0142o\u017conych pomys\u0142\u00f3w, proces\u00f3w lub produkt\u00f3w w atrakcyjny wizualnie spos\u00f3b.   <\/li>\n\n\n\n<li>Sprawia, \u017ce z\u0142o\u017cone informacje staj\u0105 si\u0119 zrozumia\u0142e i zapadaj\u0105 w pami\u0119\u0107 odbiorc\u00f3w.<\/li>\n<\/ul>\n\n\n\n<p>Nie musisz prezentowa\u0107 filmu o tym, jak zbudowana jest rakieta. Czasami nawet pozornie proste procesy s\u0105 znacznie lepiej rozumiane za pomoc\u0105 animacji lub wideo. <\/p>\n\n\n\n<h3 class=\"wp-block-heading\">\u2794 <strong>Prezentowanie produkt\u00f3w i us\u0142ug w spos\u00f3b, na jaki zas\u0142uguj\u0105<\/strong>.<\/h3>\n\n\n\n<p>To samo dotyczy oferowanych produkt\u00f3w i us\u0142ug. Klient, kt\u00f3ry chce dokona\u0107 zakupu przechodzi przez bardzo d\u0142ug\u0105 \u015bcie\u017ck\u0119 zakupow\u0105, a proces decyzyjny jest d\u0142ugi i skomplikowany. Znacznie \u0142atwiej b\u0119dzie mu go zaakceptowa\u0107, je\u015bli b\u0119dzie dok\u0142adnie wiedzia\u0142, co oferujesz.  <\/p>\n\n\n\n<p>Tre\u015bci multimedialne to nieoceniony spos\u00f3b na prezentacj\u0119 produkt\u00f3w lub us\u0142ug z r\u00f3\u017cnych dziedzin. Filmy wideo, demonstracje produkt\u00f3w, referencje czy wirtualne wycieczki mog\u0105 pom\u00f3c potencjalnym klientom w g\u0142\u0119bszym zrozumieniu oferty, a w rezultacie w podj\u0119ciu pozytywnej decyzji o zakupie. <\/p>\n\n\n\n<h3 class=\"wp-block-heading\">\u2794 <strong>Poprawa SEO i widoczno\u015bci<\/strong><\/h3>\n\n\n\n<p>Dla ka\u017cdej osoby publikuj\u0105cej tre\u015bci w Internecie, SEO jest powtarzane jak mantra.  <\/p>\n\n\n\n<p>Nie jest tajemnic\u0105, \u017ce wyszukiwarki ceni\u0105 tre\u015bci multimedialne. Bardzo. Dodanie wideo i element\u00f3w multimedialnych do projekt\u00f3w cyfrowych mo\u017ce \u0142atwo, ale skutecznie poprawi\u0107 dzia\u0142ania SEO: prawdopodobie\u0144stwo pojawienia si\u0119 na pierwszej stronie wynik\u00f3w wyszukiwania b\u0119dzie wi\u0119ksze, widoczno\u015b\u0107 wzro\u015bnie, a ruch organiczny zostanie przyci\u0105gni\u0119ty. Aby osi\u0105gn\u0105\u0107 pe\u0142ny sukces, nale\u017cy pami\u0119ta\u0107 o \u015bledzeniu kluczowych wska\u017anik\u00f3w, takich jak zaanga\u017cowanie, zasi\u0119g i wsp\u00f3\u0142czynniki konwersji, oraz o odpowiednim dostosowywaniu strategii.   <\/p>\n\n\n\n<h3 class=\"wp-block-heading\"><strong>Wzbogacenie do\u015bwiadczenia dla wymagaj\u0105cych u\u017cytkownik\u00f3w<\/strong><\/h3>\n\n\n\n<p>Zach\u0119canie u\u017cytkownik\u00f3w do anga\u017cowania si\u0119 w tre\u015bci nie polega tylko na d\u0142ugo\u015bci czasu, jaki z nimi sp\u0119dzaj\u0105, ale tak\u017ce na ich jako\u015bci. Nic tak nie sprawi, \u017ce kto\u015b wr\u00f3ci do Twoich tre\u015bci, jak poczucie, \u017ce wydarzy\u0142o si\u0119 tam co\u015b fajnego. <\/p>\n\n\n\n<p>W dzisiejszym zat\u0142oczonym i konkurencyjnym krajobrazie cyfrowym do\u015bwiadczenie u\u017cytkownika musi by\u0107 p\u0142ynne, a jego podr\u00f3\u017c interaktywna i wci\u0105gaj\u0105ca. Dobrej jako\u015bci i profesjonalne multimedia zwi\u0119kszaj\u0105 og\u00f3ln\u0105 u\u017cyteczno\u015b\u0107 i wygl\u0105d magazynu cyfrowego. <\/p>\n\n\n\n<h3 class=\"wp-block-heading\"><strong>Wp\u0142yw na media spo\u0142eczno\u015bciowe<\/strong><\/h3>\n\n\n\n<p>Multimedia u\u017cyte do ozdobienia cyfrowego magazynu mog\u0105 mie\u0107 jeszcze jedno \u015bwietne zastosowanie. S\u0105 one doskona\u0142ym narz\u0119dziem marketingowym, kt\u00f3re mo\u017ce (a nawet powinno) by\u0107 wykorzystywane w kana\u0142ach medi\u00f3w spo\u0142eczno\u015bciowych. S\u0105 one tworzone dla takich tre\u015bci i dzia\u0142aj\u0105 jako pot\u0119\u017cne katalizatory zaanga\u017cowania w mediach spo\u0142eczno\u015bciowych.  <\/p>\n\n\n\n<p>Platformy takie jak Facebook, Instagram czy LinkedIn uwielbiaj\u0105 atrakcyjne wizualnie tre\u015bci. Dzi\u0119ki nim multimedia mog\u0105 szybko sta\u0107 si\u0119 chwytliwym trendem, kt\u00f3ry bardzo szybko dociera do odbiorc\u00f3w i obserwuj\u0105cych. Kiedy u\u017cytkownicy natrafiaj\u0105 na dynamiczne tre\u015bci podczas przewijania, ch\u0119tniej udost\u0119pniaj\u0105 je w swoich sieciach spo\u0142eczno\u015bciowych. <a href=\"https:\/\/www.presspadapp.com\/blog\/jak-wykorzystac-media-spolecznosciowe-do-promocji-publikacji-cyfrowej\/?lang=pl\">Promocja magazynu cyfrowego w mediach spo\u0142eczno\u015bciowych<\/a> jest generowana samodzielnie, bez Twojego udzia\u0142u.   <\/p>\n\n\n\n<h2 class=\"wp-block-heading\"><strong>Kilka dobrych wskaz\u00f3wek dzia\u0142a wsz\u0119dzie<\/strong><\/h2>\n\n\n\n<p>Je\u015bli zdecydujesz si\u0119 na dodanie tre\u015bci multimedialnych do swojego magazynu (co zawsze jest dobrym pomys\u0142em!), we\u017a pod uwag\u0119 kilka poni\u017cszych dobrych praktyk, dzi\u0119ki kt\u00f3rym zapewnisz sobie jeszcze lepsze wyniki:<\/p>\n\n\n\n<ul class=\"wp-block-list\">\n<li>U\u017cywaj tylko obraz\u00f3w o wysokiej rozdzielczo\u015bci i wysokiej jako\u015bci film\u00f3w, aby przyci\u0105gn\u0105\u0107 odbiorc\u00f3w, zapewni\u0107 doskona\u0142e wra\u017cenia u\u017cytkownika i przekaza\u0107 profesjonalizm.<\/li>\n\n\n\n<li>Wybieraj tylko takie elementy multimedialne, kt\u00f3re pasuj\u0105 do tematu Twojego magazynu i wiadomo\u015bci, kt\u00f3r\u0105 chcesz przekaza\u0107. Przy okazji, nie przesadzaj z multimediami. <\/li>\n\n\n\n<li>Zadbaj o sp\u00f3jn\u0105 identyfikacj\u0119 wizualn\u0105 wszystkich element\u00f3w multimedialnych. Niech kolory, czcionki i styl b\u0119d\u0105 sp\u00f3jne. <\/li>\n\n\n\n<li>Dodaj napisy do swoich film\u00f3w. Czasami ludzie chc\u0105 lub musz\u0105 ogl\u0105da\u0107 filmy bez w\u0142\u0105czania d\u017awi\u0119ku. <\/li>\n\n\n\n<li>Upewnij si\u0119, \u017ce elementy multimedialne zawarte na stronach tekstowych s\u0105 responsywne i wy\u015bwietlaj\u0105 si\u0119 poprawnie na r\u00f3\u017cnych urz\u0105dzeniach i rozmiarach ekranu. Je\u015bli nie, zapomnij o u\u017cytkownikach sp\u0119dzaj\u0105cych nad nimi czas. <\/li>\n\n\n\n<li>Zoptymalizuj wszystkie elementy multimedialne, u\u017cywaj\u0105c odpowiednich s\u0142\u00f3w kluczowych w nazwach plik\u00f3w, tek\u015bcie alternatywnym i opisach.  <\/li>\n\n\n\n<li>Do\u0142\u0105cz przyciski udost\u0119pniania spo\u0142eczno\u015bciowego do tre\u015bci multimedialnych, aby zach\u0119ci\u0107 odbiorc\u00f3w do udost\u0119pniania ich na swoich platformach spo\u0142eczno\u015bciowych za pomoc\u0105 jednego klikni\u0119cia. Daj swoim tre\u015bciom szans\u0119 na zwi\u0119kszenie zasi\u0119gu. <\/li>\n\n\n\n<li>Przedstaw z\u0142o\u017cone informacje lub dane w \u0142atwym do zrozumienia i atrakcyjnym wizualnie formacie i postaraj si\u0119 wyja\u015bni\u0107 je tak \u0142atwo, jak to tylko mo\u017cliwe.<\/li>\n<\/ul>\n\n\n\n<h2 class=\"wp-block-heading\"><strong>Wykorzystaj swoj\u0105 moc, korzystaj z multimedi\u00f3w<\/strong><\/h2>\n\n\n\n<p>Tre\u015bci multimedialne sta\u0142y si\u0119 istotn\u0105 cz\u0119\u015bci\u0105 magazyn\u00f3w cyfrowych. Mo\u017ce skutecznie pom\u00f3c w zwi\u0119kszeniu zaanga\u017cowania czytelnik\u00f3w, zwi\u0119kszeniu ruchu na stronie i poprawie SEO. Co znajduje si\u0119 na ko\u0144cu tej drogi?    <\/p>\n\n\n\n<p>Zwi\u0119kszenie sprzeda\u017cy magazynu cyfrowego. To wysi\u0142ek, kt\u00f3ry naprawd\u0119 si\u0119 op\u0142aca. <\/p>\n","protected":false},"excerpt":{"rendered":"<p>Jest tylko jedno proste rozwi\u0105zanie, kt\u00f3re daje magazynom cyfrowym nieograniczone mo\u017cliwo\u015bci przyci\u0105gni\u0119cia czytelnik\u00f3w i zaanga\u017cowania ich do tego stopnia, \u017ce b\u0119d\u0105 wraca\u0107. Jest nim multimedialno\u015b\u0107. Je\u015bli si\u0119 nad tym zastanowi\u0107, wydawcy zawsze starali si\u0119 oferowa\u0107 w swoich publikacjach co\u015b wi\u0119cej ni\u017c tylko zwyk\u0142y tekst. Cofnijmy si\u0119 do czas\u00f3w wydawania szerokich gazet, kiedy powszechn\u0105 praktyk\u0105 redaktor\u00f3w by\u0142o zatrudnianie artyst\u00f3w do szkicowania i relacjonowania wydarze\u0144. To by\u0142 zaw\u00f3d! Wkr\u00f3tce potem rozw\u00f3j technologiczny przyni\u00f3s\u0142 rewolucj\u0119 w fotografii i gazety zacz\u0119\u0142y rutynowo zamieszcza\u0107 zdj\u0119cia &#8211; pocz\u0105tkowo czarno-bia\u0142e, p\u00f3\u017aniej kolorowe, co wywo\u0142a\u0142o niema\u0142\u0105 sensacj\u0119. Dzi\u015b ju\u017c chyba nikt nie wyobra\u017ca sobie drukowanych magazyn\u00f3w i gazet bez zdj\u0119\u0107 i innych form graficznych w \u015brodku. Ten sam proces mia\u0142 miejsce w publikacjach cyfrowych. Tutaj r\u00f3wnie\u017c mieli\u015bmy do czynienia z przej\u015bciem od \u015bciany zwyk\u0142ego tekstu wy\u015bwietlanego na ekranach do dywersyfikacji z r\u00f3\u017cnymi graficznymi sposobami prezentacji informacji, w zale\u017cno\u015bci od aktualnego stanu rozwoju technologicznego. Bior\u0105c to pod uwag\u0119, pojawia si\u0119 pytanie &#8211; co takiego jest w zdj\u0119ciach i obrazach, \u017ce wydawcy chc\u0105 je umieszcza\u0107 w swoich publikacjach?<\/p>\n","protected":false},"author":11,"featured_media":9409,"comment_status":"open","ping_status":"open","sticky":false,"template":"","format":"standard","meta":{"rop_custom_images_group":[],"rop_custom_messages_group":[],"rop_publish_now":"initial","rop_publish_now_accounts":{"twitter_333942694_333942694":"","facebook_10225713837976523_125907484158583":""},"rop_publish_now_history":[],"rop_publish_now_status":"pending","_jetpack_newsletter_access":"","_jetpack_dont_email_post_to_subs":false,"_jetpack_newsletter_tier_id":0,"_jetpack_memberships_contains_paywalled_content":false,"_jetpack_memberships_contains_paid_content":false,"footnotes":""},"categories":[321,295,278],"tags":[427,425,426,335,298],"class_list":["post-9571","post","type-post","status-publish","format-standard","has-post-thumbnail","hentry","category-projektowanie-czasopism","category-publikowanie-magazynow-cyfrowych","category-trendy-wydawnicze","tag-interaktywnosc","tag-magazyn-online","tag-multimedia-pl","tag-projekt","tag-publikacja-cyfrowa","entry"],"yoast_head":"<!-- This site is optimized with the Yoast SEO plugin v27.5 - https:\/\/yoast.com\/product\/yoast-seo-wordpress\/ -->\n<title>6 korzy\u015bci z integracji multimedi\u00f3w w publikacji cyfrowej<\/title>\n<meta name=\"description\" content=\"Multimedia maj\u0105 moc, kt\u00f3ra daje magazynom cyfrowym nieograniczone mo\u017cliwo\u015bci przyci\u0105gania czytelnik\u00f3w i anga\u017cowania ich do tego stopnia, \u017ce wracaj\u0105.\" \/>\n<meta name=\"robots\" content=\"index, follow, max-snippet:-1, max-image-preview:large, max-video-preview:-1\" \/>\n<link rel=\"canonical\" href=\"https:\/\/presspad.pl\/blog\/6-korzysci-z-integracji-multimediow-w-publikacji-cyfrowej\/\" \/>\n<meta property=\"og:locale\" content=\"pl_PL\" \/>\n<meta property=\"og:type\" content=\"article\" \/>\n<meta property=\"og:title\" content=\"6 korzy\u015bci z integracji multimedi\u00f3w w publikacji cyfrowej\" \/>\n<meta property=\"og:url\" content=\"https:\/\/presspad.pl\/blog\/6-korzysci-z-integracji-multimediow-w-publikacji-cyfrowej\/\" \/>\n<meta property=\"og:site_name\" content=\"Blog po\u015bwi\u0119cony publikacjom cyfrowym prowadzony przez PressPad\" \/>\n<meta property=\"article:publisher\" content=\"https:\/\/www.facebook.com\/presspad\" \/>\n<meta property=\"article:published_time\" content=\"2024-05-03T08:31:23+00:00\" \/>\n<meta property=\"article:modified_time\" content=\"2025-03-24T12:29:36+00:00\" \/>\n<meta property=\"og:image\" content=\"https:\/\/i0.wp.com\/presspad.pl\/blog\/wp-content\/uploads\/multimedia-in-a-magazine.jpeg?fit=1000%2C563&ssl=1\" \/>\n\t<meta property=\"og:image:width\" content=\"1000\" \/>\n\t<meta property=\"og:image:height\" content=\"563\" \/>\n\t<meta property=\"og:image:type\" content=\"image\/jpeg\" \/>\n<meta name=\"author\" content=\"Paulina Kubala-Chuchnowska\" \/>\n<meta name=\"twitter:card\" content=\"summary_large_image\" \/>\n<meta name=\"twitter:creator\" content=\"@p_chuchnowska\" \/>\n<meta name=\"twitter:site\" content=\"@presspadapp\" \/>\n<meta name=\"twitter:label1\" content=\"Napisane przez\" \/>\n\t<meta name=\"twitter:data1\" content=\"Paulina Kubala-Chuchnowska\" \/>\n\t<meta name=\"twitter:label2\" content=\"Szacowany czas czytania\" \/>\n\t<meta name=\"twitter:data2\" content=\"11 minut\" \/>\n<script type=\"application\/ld+json\" class=\"yoast-schema-graph\">{\"@context\":\"https:\\\/\\\/schema.org\",\"@graph\":[{\"@type\":\"Article\",\"@id\":\"https:\\\/\\\/presspad.pl\\\/blog\\\/6-korzysci-z-integracji-multimediow-w-publikacji-cyfrowej\\\/#article\",\"isPartOf\":{\"@id\":\"https:\\\/\\\/presspad.pl\\\/blog\\\/6-korzysci-z-integracji-multimediow-w-publikacji-cyfrowej\\\/\"},\"author\":{\"name\":\"Paulina Kubala-Chuchnowska\",\"@id\":\"https:\\\/\\\/presspad.pl\\\/blog\\\/#\\\/schema\\\/person\\\/d6c7995b8875dd268900d7b512623a72\"},\"headline\":\"6 Korzy\u015bci Z Integracji Multimedi\u00f3w W Publikacji Cyfrowej\",\"datePublished\":\"2024-05-03T08:31:23+00:00\",\"dateModified\":\"2025-03-24T12:29:36+00:00\",\"mainEntityOfPage\":{\"@id\":\"https:\\\/\\\/presspad.pl\\\/blog\\\/6-korzysci-z-integracji-multimediow-w-publikacji-cyfrowej\\\/\"},\"wordCount\":1997,\"commentCount\":0,\"publisher\":{\"@id\":\"https:\\\/\\\/presspad.pl\\\/blog\\\/#organization\"},\"image\":{\"@id\":\"https:\\\/\\\/presspad.pl\\\/blog\\\/6-korzysci-z-integracji-multimediow-w-publikacji-cyfrowej\\\/#primaryimage\"},\"thumbnailUrl\":\"https:\\\/\\\/i0.wp.com\\\/presspad.pl\\\/blog\\\/wp-content\\\/uploads\\\/multimedia-in-a-magazine.jpeg?fit=1000%2C563&ssl=1\",\"keywords\":[\"interaktywno\u015b\u0107\",\"magazyn online\",\"multimedia\",\"projekt\",\"publikacja cyfrowa\"],\"articleSection\":[\"Projektowanie czasopism\",\"publikowanie magazyn\u00f3w cyfrowych\",\"Trendy wydawnicze\"],\"inLanguage\":\"pl-PL\",\"potentialAction\":[{\"@type\":\"CommentAction\",\"name\":\"Comment\",\"target\":[\"https:\\\/\\\/presspad.pl\\\/blog\\\/6-korzysci-z-integracji-multimediow-w-publikacji-cyfrowej\\\/#respond\"]}]},{\"@type\":\"WebPage\",\"@id\":\"https:\\\/\\\/presspad.pl\\\/blog\\\/6-korzysci-z-integracji-multimediow-w-publikacji-cyfrowej\\\/\",\"url\":\"https:\\\/\\\/presspad.pl\\\/blog\\\/6-korzysci-z-integracji-multimediow-w-publikacji-cyfrowej\\\/\",\"name\":\"6 korzy\u015bci z integracji multimedi\u00f3w w publikacji cyfrowej\",\"isPartOf\":{\"@id\":\"https:\\\/\\\/presspad.pl\\\/blog\\\/#website\"},\"primaryImageOfPage\":{\"@id\":\"https:\\\/\\\/presspad.pl\\\/blog\\\/6-korzysci-z-integracji-multimediow-w-publikacji-cyfrowej\\\/#primaryimage\"},\"image\":{\"@id\":\"https:\\\/\\\/presspad.pl\\\/blog\\\/6-korzysci-z-integracji-multimediow-w-publikacji-cyfrowej\\\/#primaryimage\"},\"thumbnailUrl\":\"https:\\\/\\\/i0.wp.com\\\/presspad.pl\\\/blog\\\/wp-content\\\/uploads\\\/multimedia-in-a-magazine.jpeg?fit=1000%2C563&ssl=1\",\"datePublished\":\"2024-05-03T08:31:23+00:00\",\"dateModified\":\"2025-03-24T12:29:36+00:00\",\"description\":\"Multimedia maj\u0105 moc, kt\u00f3ra daje magazynom cyfrowym nieograniczone mo\u017cliwo\u015bci przyci\u0105gania czytelnik\u00f3w i anga\u017cowania ich do tego stopnia, \u017ce wracaj\u0105.\",\"breadcrumb\":{\"@id\":\"https:\\\/\\\/presspad.pl\\\/blog\\\/6-korzysci-z-integracji-multimediow-w-publikacji-cyfrowej\\\/#breadcrumb\"},\"inLanguage\":\"pl-PL\",\"potentialAction\":[{\"@type\":\"ReadAction\",\"target\":[\"https:\\\/\\\/presspad.pl\\\/blog\\\/6-korzysci-z-integracji-multimediow-w-publikacji-cyfrowej\\\/\"]}]},{\"@type\":\"ImageObject\",\"inLanguage\":\"pl-PL\",\"@id\":\"https:\\\/\\\/presspad.pl\\\/blog\\\/6-korzysci-z-integracji-multimediow-w-publikacji-cyfrowej\\\/#primaryimage\",\"url\":\"https:\\\/\\\/i0.wp.com\\\/presspad.pl\\\/blog\\\/wp-content\\\/uploads\\\/multimedia-in-a-magazine.jpeg?fit=1000%2C563&ssl=1\",\"contentUrl\":\"https:\\\/\\\/i0.wp.com\\\/presspad.pl\\\/blog\\\/wp-content\\\/uploads\\\/multimedia-in-a-magazine.jpeg?fit=1000%2C563&ssl=1\",\"width\":1000,\"height\":563},{\"@type\":\"BreadcrumbList\",\"@id\":\"https:\\\/\\\/presspad.pl\\\/blog\\\/6-korzysci-z-integracji-multimediow-w-publikacji-cyfrowej\\\/#breadcrumb\",\"itemListElement\":[{\"@type\":\"ListItem\",\"position\":1,\"name\":\"Strona g\u0142\u00f3wna\",\"item\":\"https:\\\/\\\/presspad.pl\\\/blog\\\/\"},{\"@type\":\"ListItem\",\"position\":2,\"name\":\"publikowanie magazyn\u00f3w cyfrowych\",\"item\":\"https:\\\/\\\/presspad.pl\\\/blog\\\/category\\\/publikowanie-magazynow-cyfrowych\\\/\"},{\"@type\":\"ListItem\",\"position\":3,\"name\":\"6 Korzy\u015bci Z Integracji Multimedi\u00f3w W Publikacji Cyfrowej\"}]},{\"@type\":\"WebSite\",\"@id\":\"https:\\\/\\\/presspad.pl\\\/blog\\\/#website\",\"url\":\"https:\\\/\\\/presspad.pl\\\/blog\\\/\",\"name\":\"Blog po\u015bwi\u0119cony publikacjom cyfrowym prowadzony przez PressPad\",\"description\":\"Blog o publikacjach cyfrowych; Aplikacje dla czasopism i porady marketingowe PressPad\",\"publisher\":{\"@id\":\"https:\\\/\\\/presspad.pl\\\/blog\\\/#organization\"},\"potentialAction\":[{\"@type\":\"SearchAction\",\"target\":{\"@type\":\"EntryPoint\",\"urlTemplate\":\"https:\\\/\\\/presspad.pl\\\/blog\\\/?s={search_term_string}\"},\"query-input\":{\"@type\":\"PropertyValueSpecification\",\"valueRequired\":true,\"valueName\":\"search_term_string\"}}],\"inLanguage\":\"pl-PL\"},{\"@type\":\"Organization\",\"@id\":\"https:\\\/\\\/presspad.pl\\\/blog\\\/#organization\",\"name\":\"PressPad\",\"url\":\"https:\\\/\\\/presspad.pl\\\/blog\\\/\",\"logo\":{\"@type\":\"ImageObject\",\"inLanguage\":\"pl-PL\",\"@id\":\"https:\\\/\\\/presspad.pl\\\/blog\\\/#\\\/schema\\\/logo\\\/image\\\/\",\"url\":\"https:\\\/\\\/i0.wp.com\\\/presspad.pl\\\/blog\\\/wp-content\\\/uploads\\\/2013\\\/10\\\/PressPad_LOGO_main_horizontal_gradient.png?fit=800%2C300&ssl=1\",\"contentUrl\":\"https:\\\/\\\/i0.wp.com\\\/presspad.pl\\\/blog\\\/wp-content\\\/uploads\\\/2013\\\/10\\\/PressPad_LOGO_main_horizontal_gradient.png?fit=800%2C300&ssl=1\",\"width\":800,\"height\":300,\"caption\":\"PressPad\"},\"image\":{\"@id\":\"https:\\\/\\\/presspad.pl\\\/blog\\\/#\\\/schema\\\/logo\\\/image\\\/\"},\"sameAs\":[\"https:\\\/\\\/www.facebook.com\\\/presspad\",\"https:\\\/\\\/x.com\\\/presspadapp\",\"https:\\\/\\\/www.instagram.com\\\/presspadapp\\\/\",\"https:\\\/\\\/www.linkedin.com\\\/company\\\/2033158\",\"https:\\\/\\\/www.pinterest.com\\\/presspad\\\/\",\"https:\\\/\\\/www.youtube.com\\\/user\\\/presspad\"]},{\"@type\":\"Person\",\"@id\":\"https:\\\/\\\/presspad.pl\\\/blog\\\/#\\\/schema\\\/person\\\/d6c7995b8875dd268900d7b512623a72\",\"name\":\"Paulina Kubala-Chuchnowska\",\"image\":{\"@type\":\"ImageObject\",\"inLanguage\":\"pl-PL\",\"@id\":\"https:\\\/\\\/secure.gravatar.com\\\/avatar\\\/560ac22b605fd59a297bfc30fdcebb22279a082d1e6dd530ce293a512199f098?s=96&r=g\",\"url\":\"https:\\\/\\\/secure.gravatar.com\\\/avatar\\\/560ac22b605fd59a297bfc30fdcebb22279a082d1e6dd530ce293a512199f098?s=96&r=g\",\"contentUrl\":\"https:\\\/\\\/secure.gravatar.com\\\/avatar\\\/560ac22b605fd59a297bfc30fdcebb22279a082d1e6dd530ce293a512199f098?s=96&r=g\",\"caption\":\"Paulina Kubala-Chuchnowska\"},\"description\":\"www.presspadapp.com\",\"sameAs\":[\"https:\\\/\\\/www.presspadapp.com\\\/blog\",\"https:\\\/\\\/x.com\\\/p_chuchnowska\"],\"url\":\"https:\\\/\\\/presspad.pl\\\/blog\\\/author\\\/paulina\\\/\"}]}<\/script>\n<!-- \/ Yoast SEO plugin. -->","yoast_head_json":{"title":"6 korzy\u015bci z integracji multimedi\u00f3w w publikacji cyfrowej","description":"Multimedia maj\u0105 moc, kt\u00f3ra daje magazynom cyfrowym nieograniczone mo\u017cliwo\u015bci przyci\u0105gania czytelnik\u00f3w i anga\u017cowania ich do tego stopnia, \u017ce wracaj\u0105.","robots":{"index":"index","follow":"follow","max-snippet":"max-snippet:-1","max-image-preview":"max-image-preview:large","max-video-preview":"max-video-preview:-1"},"canonical":"https:\/\/presspad.pl\/blog\/6-korzysci-z-integracji-multimediow-w-publikacji-cyfrowej\/","og_locale":"pl_PL","og_type":"article","og_title":"6 korzy\u015bci z integracji multimedi\u00f3w w publikacji cyfrowej","og_url":"https:\/\/presspad.pl\/blog\/6-korzysci-z-integracji-multimediow-w-publikacji-cyfrowej\/","og_site_name":"Blog po\u015bwi\u0119cony publikacjom cyfrowym prowadzony przez PressPad","article_publisher":"https:\/\/www.facebook.com\/presspad","article_published_time":"2024-05-03T08:31:23+00:00","article_modified_time":"2025-03-24T12:29:36+00:00","og_image":[{"width":1000,"height":563,"url":"https:\/\/i0.wp.com\/presspad.pl\/blog\/wp-content\/uploads\/multimedia-in-a-magazine.jpeg?fit=1000%2C563&ssl=1","type":"image\/jpeg"}],"author":"Paulina Kubala-Chuchnowska","twitter_card":"summary_large_image","twitter_creator":"@p_chuchnowska","twitter_site":"@presspadapp","twitter_misc":{"Napisane przez":"Paulina Kubala-Chuchnowska","Szacowany czas czytania":"11 minut"},"schema":{"@context":"https:\/\/schema.org","@graph":[{"@type":"Article","@id":"https:\/\/presspad.pl\/blog\/6-korzysci-z-integracji-multimediow-w-publikacji-cyfrowej\/#article","isPartOf":{"@id":"https:\/\/presspad.pl\/blog\/6-korzysci-z-integracji-multimediow-w-publikacji-cyfrowej\/"},"author":{"name":"Paulina Kubala-Chuchnowska","@id":"https:\/\/presspad.pl\/blog\/#\/schema\/person\/d6c7995b8875dd268900d7b512623a72"},"headline":"6 Korzy\u015bci Z Integracji Multimedi\u00f3w W Publikacji Cyfrowej","datePublished":"2024-05-03T08:31:23+00:00","dateModified":"2025-03-24T12:29:36+00:00","mainEntityOfPage":{"@id":"https:\/\/presspad.pl\/blog\/6-korzysci-z-integracji-multimediow-w-publikacji-cyfrowej\/"},"wordCount":1997,"commentCount":0,"publisher":{"@id":"https:\/\/presspad.pl\/blog\/#organization"},"image":{"@id":"https:\/\/presspad.pl\/blog\/6-korzysci-z-integracji-multimediow-w-publikacji-cyfrowej\/#primaryimage"},"thumbnailUrl":"https:\/\/i0.wp.com\/presspad.pl\/blog\/wp-content\/uploads\/multimedia-in-a-magazine.jpeg?fit=1000%2C563&ssl=1","keywords":["interaktywno\u015b\u0107","magazyn online","multimedia","projekt","publikacja cyfrowa"],"articleSection":["Projektowanie czasopism","publikowanie magazyn\u00f3w cyfrowych","Trendy wydawnicze"],"inLanguage":"pl-PL","potentialAction":[{"@type":"CommentAction","name":"Comment","target":["https:\/\/presspad.pl\/blog\/6-korzysci-z-integracji-multimediow-w-publikacji-cyfrowej\/#respond"]}]},{"@type":"WebPage","@id":"https:\/\/presspad.pl\/blog\/6-korzysci-z-integracji-multimediow-w-publikacji-cyfrowej\/","url":"https:\/\/presspad.pl\/blog\/6-korzysci-z-integracji-multimediow-w-publikacji-cyfrowej\/","name":"6 korzy\u015bci z integracji multimedi\u00f3w w publikacji cyfrowej","isPartOf":{"@id":"https:\/\/presspad.pl\/blog\/#website"},"primaryImageOfPage":{"@id":"https:\/\/presspad.pl\/blog\/6-korzysci-z-integracji-multimediow-w-publikacji-cyfrowej\/#primaryimage"},"image":{"@id":"https:\/\/presspad.pl\/blog\/6-korzysci-z-integracji-multimediow-w-publikacji-cyfrowej\/#primaryimage"},"thumbnailUrl":"https:\/\/i0.wp.com\/presspad.pl\/blog\/wp-content\/uploads\/multimedia-in-a-magazine.jpeg?fit=1000%2C563&ssl=1","datePublished":"2024-05-03T08:31:23+00:00","dateModified":"2025-03-24T12:29:36+00:00","description":"Multimedia maj\u0105 moc, kt\u00f3ra daje magazynom cyfrowym nieograniczone mo\u017cliwo\u015bci przyci\u0105gania czytelnik\u00f3w i anga\u017cowania ich do tego stopnia, \u017ce wracaj\u0105.","breadcrumb":{"@id":"https:\/\/presspad.pl\/blog\/6-korzysci-z-integracji-multimediow-w-publikacji-cyfrowej\/#breadcrumb"},"inLanguage":"pl-PL","potentialAction":[{"@type":"ReadAction","target":["https:\/\/presspad.pl\/blog\/6-korzysci-z-integracji-multimediow-w-publikacji-cyfrowej\/"]}]},{"@type":"ImageObject","inLanguage":"pl-PL","@id":"https:\/\/presspad.pl\/blog\/6-korzysci-z-integracji-multimediow-w-publikacji-cyfrowej\/#primaryimage","url":"https:\/\/i0.wp.com\/presspad.pl\/blog\/wp-content\/uploads\/multimedia-in-a-magazine.jpeg?fit=1000%2C563&ssl=1","contentUrl":"https:\/\/i0.wp.com\/presspad.pl\/blog\/wp-content\/uploads\/multimedia-in-a-magazine.jpeg?fit=1000%2C563&ssl=1","width":1000,"height":563},{"@type":"BreadcrumbList","@id":"https:\/\/presspad.pl\/blog\/6-korzysci-z-integracji-multimediow-w-publikacji-cyfrowej\/#breadcrumb","itemListElement":[{"@type":"ListItem","position":1,"name":"Strona g\u0142\u00f3wna","item":"https:\/\/presspad.pl\/blog\/"},{"@type":"ListItem","position":2,"name":"publikowanie magazyn\u00f3w cyfrowych","item":"https:\/\/presspad.pl\/blog\/category\/publikowanie-magazynow-cyfrowych\/"},{"@type":"ListItem","position":3,"name":"6 Korzy\u015bci Z Integracji Multimedi\u00f3w W Publikacji Cyfrowej"}]},{"@type":"WebSite","@id":"https:\/\/presspad.pl\/blog\/#website","url":"https:\/\/presspad.pl\/blog\/","name":"Blog po\u015bwi\u0119cony publikacjom cyfrowym prowadzony przez PressPad","description":"Blog o publikacjach cyfrowych; Aplikacje dla czasopism i porady marketingowe PressPad","publisher":{"@id":"https:\/\/presspad.pl\/blog\/#organization"},"potentialAction":[{"@type":"SearchAction","target":{"@type":"EntryPoint","urlTemplate":"https:\/\/presspad.pl\/blog\/?s={search_term_string}"},"query-input":{"@type":"PropertyValueSpecification","valueRequired":true,"valueName":"search_term_string"}}],"inLanguage":"pl-PL"},{"@type":"Organization","@id":"https:\/\/presspad.pl\/blog\/#organization","name":"PressPad","url":"https:\/\/presspad.pl\/blog\/","logo":{"@type":"ImageObject","inLanguage":"pl-PL","@id":"https:\/\/presspad.pl\/blog\/#\/schema\/logo\/image\/","url":"https:\/\/i0.wp.com\/presspad.pl\/blog\/wp-content\/uploads\/2013\/10\/PressPad_LOGO_main_horizontal_gradient.png?fit=800%2C300&ssl=1","contentUrl":"https:\/\/i0.wp.com\/presspad.pl\/blog\/wp-content\/uploads\/2013\/10\/PressPad_LOGO_main_horizontal_gradient.png?fit=800%2C300&ssl=1","width":800,"height":300,"caption":"PressPad"},"image":{"@id":"https:\/\/presspad.pl\/blog\/#\/schema\/logo\/image\/"},"sameAs":["https:\/\/www.facebook.com\/presspad","https:\/\/x.com\/presspadapp","https:\/\/www.instagram.com\/presspadapp\/","https:\/\/www.linkedin.com\/company\/2033158","https:\/\/www.pinterest.com\/presspad\/","https:\/\/www.youtube.com\/user\/presspad"]},{"@type":"Person","@id":"https:\/\/presspad.pl\/blog\/#\/schema\/person\/d6c7995b8875dd268900d7b512623a72","name":"Paulina Kubala-Chuchnowska","image":{"@type":"ImageObject","inLanguage":"pl-PL","@id":"https:\/\/secure.gravatar.com\/avatar\/560ac22b605fd59a297bfc30fdcebb22279a082d1e6dd530ce293a512199f098?s=96&r=g","url":"https:\/\/secure.gravatar.com\/avatar\/560ac22b605fd59a297bfc30fdcebb22279a082d1e6dd530ce293a512199f098?s=96&r=g","contentUrl":"https:\/\/secure.gravatar.com\/avatar\/560ac22b605fd59a297bfc30fdcebb22279a082d1e6dd530ce293a512199f098?s=96&r=g","caption":"Paulina Kubala-Chuchnowska"},"description":"www.presspadapp.com","sameAs":["https:\/\/www.presspadapp.com\/blog","https:\/\/x.com\/p_chuchnowska"],"url":"https:\/\/presspad.pl\/blog\/author\/paulina\/"}]}},"jetpack_featured_media_url":"https:\/\/i0.wp.com\/presspad.pl\/blog\/wp-content\/uploads\/multimedia-in-a-magazine.jpeg?fit=1000%2C563&ssl=1","jetpack_sharing_enabled":true,"jetpack_shortlink":"https:\/\/wp.me\/pbs6e8-2un","jetpack-related-posts":[{"id":9484,"url":"https:\/\/presspad.pl\/blog\/aplikacja-na-androida-wiekszy-zespol-chicago-techweek-2013-i-nie-tylko\/","url_meta":{"origin":9571,"position":0},"title":"Aplikacja Na Androida, Wi\u0119kszy Zesp\u00f3\u0142, Chicago TechWeek 2013 I Nie Tylko","author":"Sylvia","date":"5 czerwca, 2013","format":false,"excerpt":"Nadszed\u0142 czas, aby powiedzie\u0107, co si\u0119 z nami dzieje. A dzieje si\u0119 wiele. Rozwijamy si\u0119 i robimy to dla Was. Aktualizacje produkt\u00f3w","rel":"","context":"W &quot;Publikacja cyfrowa&quot;","block_context":{"text":"Publikacja cyfrowa","link":"https:\/\/presspad.pl\/blog\/category\/publikacja-cyfrowa\/"},"img":{"alt_text":"Online-Publishing-Tool-Team","src":"https:\/\/i0.wp.com\/www.presspadapp.com\/blog\/wp-content\/uploads\/2013\/06\/Recently-Updated-e1370427520614.png?resize=350%2C200&ssl=1","width":350,"height":200},"classes":[]},{"id":9624,"url":"https:\/\/presspad.pl\/blog\/10-sposobow-na-zwiekszenie-ruchu-na-blogu-i-liczby-czytelnikow\/","url_meta":{"origin":9571,"position":1},"title":"10 Sposob\u00f3w Na Zwi\u0119kszenie Ruchu Na Blogu I Liczby Czytelnik\u00f3w","author":"Paulina Kubala-Chuchnowska","date":"20 lutego, 2018","format":false,"excerpt":"Rozw\u00f3j nowych technologii umo\u017cliwi\u0142 udost\u0119pnianie tre\u015bci i informacji na ogromn\u0105 skal\u0119. Ch\u0119\u0107 dzielenia si\u0119 mo\u017ce zwi\u0119kszy\u0107 ruch na blogu, je\u015bli zostanie dobrze zaimplementowana. Dzi\u015b mo\u017cemy publikowa\u0107 wiadomo\u015bci i informacje widoczne dla tysi\u0119cy czytelnik\u00f3w w bardzo kr\u00f3tkim czasie. Jest to mo\u017cliwe, poniewa\u017c liczba kana\u0142\u00f3w medialnych i r\u00f3\u017cnych technologii, kt\u00f3re pomagaj\u0105 zwi\u0119kszy\u0107\u2026","rel":"","context":"W &quot;publikowanie magazyn\u00f3w cyfrowych&quot;","block_context":{"text":"publikowanie magazyn\u00f3w cyfrowych","link":"https:\/\/presspad.pl\/blog\/category\/publikowanie-magazynow-cyfrowych\/"},"img":{"alt_text":"","src":"https:\/\/i0.wp.com\/presspad.pl\/blog\/wp-content\/uploads\/increase-blog-traffic-readership.jpg?fit=1024%2C682&ssl=1&resize=350%2C200","width":350,"height":200,"srcset":"https:\/\/i0.wp.com\/presspad.pl\/blog\/wp-content\/uploads\/increase-blog-traffic-readership.jpg?fit=1024%2C682&ssl=1&resize=350%2C200 1x, https:\/\/i0.wp.com\/presspad.pl\/blog\/wp-content\/uploads\/increase-blog-traffic-readership.jpg?fit=1024%2C682&ssl=1&resize=525%2C300 1.5x, https:\/\/i0.wp.com\/presspad.pl\/blog\/wp-content\/uploads\/increase-blog-traffic-readership.jpg?fit=1024%2C682&ssl=1&resize=700%2C400 2x"},"classes":[]},{"id":9481,"url":"https:\/\/presspad.pl\/blog\/istnieje-wiele-swietnie-sprzedajacych-sie-okladek-upewnij-sie-ze-twoja-jest-jedna-z-nich\/","url_meta":{"origin":9571,"position":2},"title":"Istnieje Wiele \u015bwietnie Sprzedaj\u0105cych Si\u0119 Ok\u0142adek&#8230; Upewnij Si\u0119, \u017ce Twoja Jest Jedn\u0105 Z Nich!","author":"Paul Nowak","date":"15 sierpnia, 2013","format":false,"excerpt":"Aby pom\u00f3c naszym wydawcom sprzedawa\u0107 wi\u0119cej, wprowadzamy dzi\u015b do naszej oferty do\u015b\u0107 zaskakuj\u0105c\u0105 pozycj\u0119: obecnym klientom oferujemy \"tuning\" ok\u0142adek ich magazyn\u00f3w. Brzmi nietypowo? Czytaj dalej, aby pozna\u0107 szczeg\u00f3\u0142y.Sami nie spodziewali\u015bmy si\u0119, \u017ce taka us\u0142uga mo\u017ce przyci\u0105gn\u0105\u0107 klient\u00f3w. Do czasu, gdy podczas rozmowy z jedn\u0105 z klientek zaproponowali\u015bmy jej kilka zmian\u2026","rel":"","context":"W &quot;Marketing aplikacji&quot;","block_context":{"text":"Marketing aplikacji","link":"https:\/\/presspad.pl\/blog\/category\/marketing-aplikacji\/"},"img":{"alt_text":"","src":"https:\/\/i0.wp.com\/presspad.pl\/blog\/wp-content\/uploads\/2013\/08\/redesign-your-magazine-cover-with-presspad.png?fit=1200%2C653&ssl=1&resize=350%2C200","width":350,"height":200,"srcset":"https:\/\/i0.wp.com\/presspad.pl\/blog\/wp-content\/uploads\/2013\/08\/redesign-your-magazine-cover-with-presspad.png?fit=1200%2C653&ssl=1&resize=350%2C200 1x, https:\/\/i0.wp.com\/presspad.pl\/blog\/wp-content\/uploads\/2013\/08\/redesign-your-magazine-cover-with-presspad.png?fit=1200%2C653&ssl=1&resize=525%2C300 1.5x, https:\/\/i0.wp.com\/presspad.pl\/blog\/wp-content\/uploads\/2013\/08\/redesign-your-magazine-cover-with-presspad.png?fit=1200%2C653&ssl=1&resize=700%2C400 2x, https:\/\/i0.wp.com\/presspad.pl\/blog\/wp-content\/uploads\/2013\/08\/redesign-your-magazine-cover-with-presspad.png?fit=1200%2C653&ssl=1&resize=1050%2C600 3x"},"classes":[]},{"id":9608,"url":"https:\/\/presspad.pl\/blog\/jak-handel-elektroniczny-podbil-swiat-publikacji-cyfrowych-i-co-z-tego-wyniklo\/","url_meta":{"origin":9571,"position":3},"title":"Jak Handel Elektroniczny Podbi\u0142 \u015bwiat Publikacji Cyfrowych I Co Z Tego Wynik\u0142o?","author":"Paulina Kubala-Chuchnowska","date":"3 stycznia, 2022","format":false,"excerpt":"Do\u015bwiadczeni wydawcy, prowadz\u0105cy sw\u00f3j biznes od lat, maj\u0105 dobrze skonstruowane i \u015bwietnie dzia\u0142aj\u0105ce lejki sprzeda\u017cowe. Dywersyfikuj\u0105 wi\u0119c tre\u015bci dostosowane do zdefiniowanych grup docelowych odpowiednio do r\u00f3\u017cnych etap\u00f3w zakupowych. W efekcie ich sprzeda\u017c ro\u015bnie. A co je\u015bli chc\u0105 jeszcze bardziej rozwin\u0105\u0107 swoj\u0105 cyfrow\u0105 firm\u0119 wydawnicz\u0105? Jest na to spos\u00f3b; co\u015b, co\u2026","rel":"","context":"W &quot;Publikacja cyfrowa&quot;","block_context":{"text":"Publikacja cyfrowa","link":"https:\/\/presspad.pl\/blog\/category\/publikacja-cyfrowa\/"},"img":{"alt_text":"","src":"https:\/\/i0.wp.com\/presspad.pl\/blog\/wp-content\/uploads\/ecommerce-and-publishing-1.jpeg?fit=986%2C571&ssl=1&resize=350%2C200","width":350,"height":200,"srcset":"https:\/\/i0.wp.com\/presspad.pl\/blog\/wp-content\/uploads\/ecommerce-and-publishing-1.jpeg?fit=986%2C571&ssl=1&resize=350%2C200 1x, https:\/\/i0.wp.com\/presspad.pl\/blog\/wp-content\/uploads\/ecommerce-and-publishing-1.jpeg?fit=986%2C571&ssl=1&resize=525%2C300 1.5x, https:\/\/i0.wp.com\/presspad.pl\/blog\/wp-content\/uploads\/ecommerce-and-publishing-1.jpeg?fit=986%2C571&ssl=1&resize=700%2C400 2x"},"classes":[]},{"id":9641,"url":"https:\/\/presspad.pl\/blog\/znaczenie-cyfrowej-transformacji-dla-wydawcow-czasopism-w-2023-r\/","url_meta":{"origin":9571,"position":4},"title":"Znaczenie Cyfrowej Transformacji Dla Wydawc\u00f3w Czasopism W 2023 R.","author":"Paulina Kubala-Chuchnowska","date":"19 czerwca, 2023","format":false,"excerpt":"\u017byjemy w niesamowitym wieku, wieku cyfrowej transformacji. Jeste\u015bmy \u015bwiadkami ogromnych, a zarazem fascynuj\u0105cych zmian, kt\u00f3re dotykaj\u0105 niemal ka\u017cdej bran\u017cy na \u015bwiecie. Nie inaczej jest z bran\u017c\u0105 wydawnicz\u0105. Wydawnictwa magazynowe znajduj\u0105 si\u0119 w samym \u015brodku procesu cyfrowej rewolucji, a ten rok wydaje si\u0119 by\u0107 dla nich kluczowym momentem. To, co obecnie\u2026","rel":"","context":"W &quot;Oprogramowanie do publikacji cyfrowych&quot;","block_context":{"text":"Oprogramowanie do publikacji cyfrowych","link":"https:\/\/presspad.pl\/blog\/category\/oprogramowanie-do-publikacji-cyfrowych\/"},"img":{"alt_text":"","src":"https:\/\/i0.wp.com\/presspad.pl\/blog\/wp-content\/uploads\/digital_transformation-.jpeg?fit=1000%2C556&ssl=1&resize=350%2C200","width":350,"height":200,"srcset":"https:\/\/i0.wp.com\/presspad.pl\/blog\/wp-content\/uploads\/digital_transformation-.jpeg?fit=1000%2C556&ssl=1&resize=350%2C200 1x, https:\/\/i0.wp.com\/presspad.pl\/blog\/wp-content\/uploads\/digital_transformation-.jpeg?fit=1000%2C556&ssl=1&resize=525%2C300 1.5x, https:\/\/i0.wp.com\/presspad.pl\/blog\/wp-content\/uploads\/digital_transformation-.jpeg?fit=1000%2C556&ssl=1&resize=700%2C400 2x"},"classes":[]},{"id":9622,"url":"https:\/\/presspad.pl\/blog\/motywy-aplikacji-informacyjnych-dla-wydawcow-czasopism-od-presspad\/","url_meta":{"origin":9571,"position":5},"title":"Motywy Aplikacji Informacyjnych Dla Wydawc\u00f3w Czasopism Od PressPad","author":"Paulina Kubala-Chuchnowska","date":"5 czerwca, 2019","format":false,"excerpt":"W odpowiedzi na rosn\u0105ce potrzeby i oczekiwania wydawc\u00f3w cyfrowych w obszarze designu mobilnego, PressPad rozszerzy\u0142 ofert\u0119 motyw\u00f3w aplikacji. Stawk\u0105 jest podkre\u015blenie jako\u015bci tre\u015bci wiadomo\u015bci w \u015bwietnym stylu pasuj\u0105cym do linii magazynu. Gdyby kto\u015b powiedzia\u0142 nam, \u017ce stworzenie udanej aplikacji informacyjnej opiera si\u0119 wy\u0142\u0105cznie na \u015bwietnych tre\u015bciach, dodaliby\u015bmy, \u017ce to tylko\u2026","rel":"","context":"W &quot;Marketing aplikacji&quot;","block_context":{"text":"Marketing aplikacji","link":"https:\/\/presspad.pl\/blog\/category\/marketing-aplikacji\/"},"img":{"alt_text":"","src":"https:\/\/i0.wp.com\/presspad.pl\/blog\/wp-content\/uploads\/PressPad-themes-for-app.png?fit=1200%2C631&ssl=1&resize=350%2C200","width":350,"height":200,"srcset":"https:\/\/i0.wp.com\/presspad.pl\/blog\/wp-content\/uploads\/PressPad-themes-for-app.png?fit=1200%2C631&ssl=1&resize=350%2C200 1x, https:\/\/i0.wp.com\/presspad.pl\/blog\/wp-content\/uploads\/PressPad-themes-for-app.png?fit=1200%2C631&ssl=1&resize=525%2C300 1.5x, https:\/\/i0.wp.com\/presspad.pl\/blog\/wp-content\/uploads\/PressPad-themes-for-app.png?fit=1200%2C631&ssl=1&resize=700%2C400 2x, https:\/\/i0.wp.com\/presspad.pl\/blog\/wp-content\/uploads\/PressPad-themes-for-app.png?fit=1200%2C631&ssl=1&resize=1050%2C600 3x"},"classes":[]}],"amp_enabled":true,"_links":{"self":[{"href":"https:\/\/presspad.pl\/blog\/wp-json\/wp\/v2\/posts\/9571","targetHints":{"allow":["GET"]}}],"collection":[{"href":"https:\/\/presspad.pl\/blog\/wp-json\/wp\/v2\/posts"}],"about":[{"href":"https:\/\/presspad.pl\/blog\/wp-json\/wp\/v2\/types\/post"}],"author":[{"embeddable":true,"href":"https:\/\/presspad.pl\/blog\/wp-json\/wp\/v2\/users\/11"}],"replies":[{"embeddable":true,"href":"https:\/\/presspad.pl\/blog\/wp-json\/wp\/v2\/comments?post=9571"}],"version-history":[{"count":2,"href":"https:\/\/presspad.pl\/blog\/wp-json\/wp\/v2\/posts\/9571\/revisions"}],"predecessor-version":[{"id":9674,"href":"https:\/\/presspad.pl\/blog\/wp-json\/wp\/v2\/posts\/9571\/revisions\/9674"}],"wp:featuredmedia":[{"embeddable":true,"href":"https:\/\/presspad.pl\/blog\/wp-json\/wp\/v2\/media\/9409"}],"wp:attachment":[{"href":"https:\/\/presspad.pl\/blog\/wp-json\/wp\/v2\/media?parent=9571"}],"wp:term":[{"taxonomy":"category","embeddable":true,"href":"https:\/\/presspad.pl\/blog\/wp-json\/wp\/v2\/categories?post=9571"},{"taxonomy":"post_tag","embeddable":true,"href":"https:\/\/presspad.pl\/blog\/wp-json\/wp\/v2\/tags?post=9571"}],"curies":[{"name":"wp","href":"https:\/\/api.w.org\/{rel}","templated":true}]}}