{"id":9584,"date":"2020-03-30T18:05:30","date_gmt":"2020-03-30T16:05:30","guid":{"rendered":"https:\/\/www.presspadapp.com\/blog\/bezprecedensowe-czasy-dla-wydawcow\/"},"modified":"2025-03-24T14:29:46","modified_gmt":"2025-03-24T12:29:46","slug":"bezprecedensowe-czasy-dla-wydawcow","status":"publish","type":"post","link":"https:\/\/presspad.pl\/blog\/bezprecedensowe-czasy-dla-wydawcow\/","title":{"rendered":"Bezprecedensowe Czasy Dla Wydawc\u00f3w"},"content":{"rendered":"\n<p>Cze\u015b\u0107, w zwi\u0105zku z obecn\u0105 sytuacj\u0105 ekonomiczn\u0105 na \u015bwiecie, PressPad postanowi\u0142 stworzy\u0107 specjaln\u0105 ofert\u0119 dystrybucji cyfrowej dla wydawc\u00f3w dotkni\u0119tych kryzysem. Je\u015bli znacie kogo\u015b, kto skorzysta\u0142by na obni\u017ceniu sta\u0142ych koszt\u00f3w fizycznej dystrybucji, podzielcie si\u0119 z nim t\u0105 ofert\u0105. <\/p>\n\n<p>Chodzi o to, \u017ce PressPad nie wymaga \u017cadnych d\u0142ugoterminowych zobowi\u0105za\u0144, wi\u0119c gdy sytuacja wr\u00f3ci do normy, mo\u017cna \u0142atwo wznowi\u0107 drukowanie, jednocze\u015bnie zatrzymuj\u0105c us\u0142ug\u0119 cyfrow\u0105.<\/p>\n\n<p>&#8211; Ale zaraz! Czy inwestowanie w czasie spowolnienia globalnej gospodarki jest w porz\u0105dku? &#8211; Mo\u017cna zapyta\u0107.  <\/p>\n\n<!--more-->\n\n<p>Ujm\u0119 to w ten spos\u00f3b.<\/p>\n\n<p>Najnowsze wideo Simona Sinka zawiera wszystko, czego potrzeba, aby postawi\u0107 si\u0119 w sytuacji wydawc\u00f3w. I by\u0107 mo\u017ce mam doskona\u0142y przyk\u0142ad tego, o czym m\u00f3wi Simon. Zapraszam do obejrzenia tego 6-minutowego wideo przed dalsz\u0105 lektur\u0105.  <\/p>\n\n<figure class=\"wp-block-embed-youtube wp-block-embed is-type-video is-provider-youtube wp-embed-aspect-16-9 wp-has-aspect-ratio\"><div class=\"wp-block-embed__wrapper\">\n<iframe loading=\"lazy\" title=\"These Are Not Unprecedented Times | Simon Sinek\" width=\"500\" height=\"281\" src=\"https:\/\/www.youtube.com\/embed\/6spNnsD-XOY?feature=oembed\" frameborder=\"0\" allow=\"accelerometer; autoplay; clipboard-write; encrypted-media; gyroscope; picture-in-picture; web-share\" referrerpolicy=\"strict-origin-when-cross-origin\" allowfullscreen><\/iframe>\n<\/div><figcaption>Let&#8217;s Reinvent autorstwa Simona Sinka<\/figcaption><\/figure>\n\n<p>Jednym z moich obowi\u0105zk\u00f3w w PressPad jest sprzeda\u017c naszych produkt\u00f3w wydawcom czasopism. Kilku z moich potencjalnych klient\u00f3w, kt\u00f3rych mia\u0142em w pipeline, powiedzia\u0142o mi ostatnio, \u017ce rezygnuj\u0105, poniewa\u017c chc\u0105 zainwestowa\u0107 w publikacj\u0119 cyfrow\u0105 po zako\u0144czeniu sytuacji zwi\u0105zanej z COVID-19. <\/p>\n\n<p><strong>To by\u0142 wyzwalacz.<\/strong><\/p>\n\n<p>Zacz\u0105\u0142em analizowa\u0107, co obecna sytuacja naprawd\u0119 przynosi spo\u0142eczno\u015bci wydawniczej.<\/p>\n\n<p><strong>Zaczynamy:<\/strong><\/p>\n\n<h3 class=\"wp-block-heading\">CZYNNIKI WEWN\u0118TRZNE<\/h3>\n\n<ul class=\"wp-block-list\"><li>Dystrybucja drukowana zanika w czasie pandemii<\/li><li>Reklamodawcy trac\u0105cy zaufanie do dystrybucji drukowanej z powodu powy\u017cszego<\/li><li>Zyski z tradycyjnej dystrybucji topniej\u0105<\/li><li>Koszty pozostaj\u0105 takie same<\/li><\/ul>\n\n<h3 class=\"wp-block-heading\">CZYNNIKI ZEWN\u0118TRZNE<\/h3>\n\n<ul class=\"wp-block-list\"><li>Technologia publikacji cyfrowych jest dobrze rozwini\u0119ta<\/li><li>Ludzie s\u0105 przyzwyczajeni do kupowania towar\u00f3w cyfrowych online<\/li><li>Ludzie s\u0105 zamkni\u0119ci w swoich domach<\/li><\/ul>\n\n<p><strong>M\u00f3j wniosek jest prosty.<\/strong><\/p>\n\n<p>Prawdopodobnie nie by\u0142o lepszego momentu w historii wydawania czasopism, aby wskoczy\u0107 do przestrzeni cyfrowej, poniewa\u017c inwestycja podj\u0119ta dzi\u015b w celu przeniesienia czytelnik\u00f3w z wydania drukowanego do wydania cyfrowego ma du\u017cy potencja\u0142 zwrotu ze znacznie wy\u017cszym mno\u017cnikiem ni\u017c zwykle.<\/p>\n\n<p>PressPad ma gotowe rozwi\u0105zania do wdra\u017cania czytelnik\u00f3w drukowanych do cyfrowych. Bezpo\u015bredni\u0105 zalet\u0105 przebudowy dystrybucji czasopism do przestrzeni cyfrowej jest <strong>optymalizacja koszt\u00f3w logistycznych<\/strong>.   <\/p>\n\n<p>&#8211; Czy druk umar\u0142? O Bo\u017ce, nie!   <\/p>\n\n<p>Jednak dystrybucja cyfrowa w wyj\u0105tkowym czasie kwarantanny narod\u00f3w ma swoje zalety, jest \u0142atwa do przyj\u0119cia i op\u0142acalna.<\/p>\n\n<h4 class=\"wp-block-heading\">Postanowili\u015bmy podj\u0105\u0107 dzia\u0142ania w celu zmniejszenia czynnika strachu.<\/h4>\n\n<h2 class=\"wp-block-heading\">Specjalna oferta PressPad w wyj\u0105tkowym czasie.<\/h2>\n\n<p>PressPad uruchamia specjaln\u0105 us\u0142ug\u0119 wspieraj\u0105c\u0105 wydawc\u00f3w czasopism dotkni\u0119tych COVID-19. Zachowaj sw\u00f3j strumie\u0144 przychod\u00f3w, <a href=\"https:\/\/www.presspadapp.com\/online-store\/tour?utm_campaign=covid19&amp;utm_medium=blog-post-link&amp;utm_source=blog\">przenosz\u0105c czytelnik\u00f3w do wydania cyfrowego!<\/a> <a rel=\"noreferrer noopener\" target=\"_blank\" href=\"http:\/\/#\">&#8222;<\/a> <\/p>\n\n<div class=\"wp-block-image\"><figure class=\"aligncenter size-large is-resized\"><a href=\"https:\/\/www.presspadapp.com\/online-store\/tour?utm_campaign=covid19&amp;utm_medium=blog-post-img&amp;utm_source=blog\"><img data-recalc-dims=\"1\" loading=\"lazy\" decoding=\"async\" src=\"https:\/\/i0.wp.com\/www.presspadapp.com\/blog\/wp-content\/uploads\/transfer-readers-sale-digital-magazines.png?resize=362%2C272&#038;ssl=1\" alt=\"\" class=\"wp-image-5637\" width=\"362\" height=\"272\" srcset=\"https:\/\/i0.wp.com\/presspad.pl\/blog\/wp-content\/uploads\/transfer-readers-sale-digital-magazines.png?w=1024&amp;ssl=1 1024w, https:\/\/i0.wp.com\/presspad.pl\/blog\/wp-content\/uploads\/transfer-readers-sale-digital-magazines.png?resize=300%2C225&amp;ssl=1 300w, https:\/\/i0.wp.com\/presspad.pl\/blog\/wp-content\/uploads\/transfer-readers-sale-digital-magazines.png?resize=150%2C113&amp;ssl=1 150w\" sizes=\"auto, (max-width: 362px) 100vw, 362px\" \/><\/a><\/figure><\/div>\n\n<p>Przekszta\u0142\u0107 z nami swoj\u0105 drukowan\u0105 publikacj\u0119 w publikacj\u0119 cyfrow\u0105 w ci\u0105gu jednego dnia.<\/p>\n\n<p><strong>Otrzymasz:<\/strong><br\/><\/p>\n\n<ul class=\"wp-block-list\"><li>Dedykowana strona internetowa e-Kiosk.<\/li><li>Wdra\u017canie obecnych czytelnik\u00f3w.<\/li><li>Dedykowana osoba pomagaj\u0105ca uruchomi\u0107 cyfrowy kiosk (nie s\u0105 wymagane umiej\u0119tno\u015bci programistyczne).<\/li><li><strong>BEZP\u0141ATNE<\/strong> wsparcie bez op\u0142aty instalacyjnej.<\/li><li><strong>BRAK op\u0142at<\/strong>, dop\u00f3ki nie b\u0119dziesz gotowy do uruchomienia.<\/li><li><strong>25% zni\u017cki<\/strong> do\u017cywotnio w zale\u017cno\u015bci od <a href=\"https:\/\/www.presspadapp.com\/online-store\/pricing?utm_campaign=covid19&amp;utm_medium=blog-post-link&amp;utm_source=blog\">planu cenowego<\/a> 37 USD\/miesi\u0105c lub 74 USD\/miesi\u0105c.<\/li><li>Mo\u017cliwo\u015b\u0107 sprzeda\u017cy subskrypcji i pojedynczych wyda\u0144.<\/li><li><strong>BRAK<\/strong> d\u0142ugoterminowych zobowi\u0105za\u0144.  <\/li><\/ul>\n\n<p>Zmniejsz koszty sta\u0142e fizycznej dystrybucji. Nie by\u0142o lepszego momentu w historii na rozpocz\u0119cie cyfrowej podr\u00f3\u017cy. <\/p>\n\n<p><strong><br\/>Powy\u017csza oferta jest wa\u017cna do 1 maja 2020 r.<\/strong><\/p>\n\n<p>Daj nam zna\u0107, co my\u015blisz o tej ofercie w komentarzach poni\u017cej lub kontaktuj\u0105c si\u0119 z nami bezpo\u015brednio za po\u015brednictwem naszej strony internetowej.<\/p>\n\n<p>Je\u015bli jest co\u015b, co PressPad mo\u017ce dla Ciebie zrobi\u0107, aby pom\u00f3c Ci nie tylko przetrwa\u0107 t\u0119 globaln\u0105 sytuacj\u0119, ale tak\u017ce rozwija\u0107 si\u0119, daj nam zna\u0107.<\/p>\n\n<p>Jeste\u015bmy tutaj, aby pom\u00f3c.<\/p>\n\n<hr class=\"wp-block-separator\"\/>\n\n<p>Wyr\u00f3\u017cniony obraz dzi\u0119ki uprzejmo\u015bci <a href=\"https:\/\/bluehouseskis.com\/\" target=\"_blank\" rel=\"noreferrer noopener sponsored nofollow\">bluehouseskis.com<\/a> <\/p>\n","protected":false},"excerpt":{"rendered":"<p>Cze\u015b\u0107, w zwi\u0105zku z obecn\u0105 sytuacj\u0105 ekonomiczn\u0105 na \u015bwiecie, PressPad postanowi\u0142 stworzy\u0107 specjaln\u0105 ofert\u0119 dystrybucji cyfrowej dla wydawc\u00f3w dotkni\u0119tych kryzysem. Je\u015bli znacie kogo\u015b, kto skorzysta\u0142by na obni\u017ceniu sta\u0142ych koszt\u00f3w fizycznej dystrybucji, podzielcie si\u0119 z nim t\u0105 ofert\u0105. Chodzi o to, \u017ce PressPad nie wymaga \u017cadnych d\u0142ugoterminowych zobowi\u0105za\u0144, wi\u0119c gdy sytuacja wr\u00f3ci do normy, mo\u017cna \u0142atwo wznowi\u0107 drukowanie, jednocze\u015bnie zatrzymuj\u0105c us\u0142ug\u0119 cyfrow\u0105. &#8211; Ale zaraz! Czy inwestowanie w czasie spowolnienia globalnej gospodarki jest w porz\u0105dku? &#8211; Mo\u017cna zapyta\u0107.<\/p>\n","protected":false},"author":7,"featured_media":9169,"comment_status":"open","ping_status":"open","sticky":false,"template":"","format":"standard","meta":{"rop_custom_images_group":[],"rop_custom_messages_group":[],"rop_publish_now":"initial","rop_publish_now_accounts":{"twitter_333942694_333942694":"","facebook_10225713837976523_125907484158583":""},"rop_publish_now_history":[],"rop_publish_now_status":"pending","_jetpack_newsletter_access":"","_jetpack_dont_email_post_to_subs":false,"_jetpack_newsletter_tier_id":0,"_jetpack_memberships_contains_paywalled_content":false,"_jetpack_memberships_contains_paid_content":false,"footnotes":""},"categories":[283,295],"tags":[443,444,445,343,300],"class_list":["post-9584","post","type-post","status-publish","format-standard","has-post-thumbnail","hentry","category-nowosci-wydawnicze","category-publikowanie-magazynow-cyfrowych","tag-covid19-pl","tag-koronawirus","tag-oferta","tag-promocja","tag-publikowanie","entry"],"yoast_head":"<!-- This site is optimized with the Yoast SEO plugin v27.5 - https:\/\/yoast.com\/product\/yoast-seo-wordpress\/ -->\n<title>Bezprecedensowe Czasy Dla Wydawc\u00f3w<\/title>\n<meta name=\"robots\" content=\"index, follow, max-snippet:-1, max-image-preview:large, max-video-preview:-1\" \/>\n<link rel=\"canonical\" href=\"https:\/\/presspad.pl\/blog\/bezprecedensowe-czasy-dla-wydawcow\/\" \/>\n<meta property=\"og:locale\" content=\"pl_PL\" \/>\n<meta property=\"og:type\" content=\"article\" \/>\n<meta property=\"og:title\" content=\"Bezprecedensowe Czasy Dla Wydawc\u00f3w\" \/>\n<meta property=\"og:url\" content=\"https:\/\/presspad.pl\/blog\/bezprecedensowe-czasy-dla-wydawcow\/\" \/>\n<meta property=\"og:site_name\" content=\"Blog po\u015bwi\u0119cony publikacjom cyfrowym prowadzony przez PressPad\" \/>\n<meta property=\"article:publisher\" content=\"https:\/\/www.facebook.com\/presspad\" \/>\n<meta property=\"article:published_time\" content=\"2020-03-30T16:05:30+00:00\" \/>\n<meta property=\"article:modified_time\" content=\"2025-03-24T12:29:46+00:00\" \/>\n<meta property=\"og:image\" content=\"https:\/\/i0.wp.com\/presspad.pl\/blog\/wp-content\/uploads\/covid19-publishing-changes-presspad-offer.jpg?fit=1024%2C576&ssl=1\" \/>\n\t<meta property=\"og:image:width\" content=\"1024\" \/>\n\t<meta property=\"og:image:height\" content=\"576\" \/>\n\t<meta property=\"og:image:type\" content=\"image\/jpeg\" \/>\n<meta name=\"author\" content=\"Wojtek Szywalski\" \/>\n<meta name=\"twitter:card\" content=\"summary_large_image\" \/>\n<meta name=\"twitter:creator\" content=\"@wojteksz\" \/>\n<meta name=\"twitter:site\" content=\"@presspadapp\" \/>\n<meta name=\"twitter:label1\" content=\"Napisane przez\" \/>\n\t<meta name=\"twitter:data1\" content=\"Wojtek Szywalski\" \/>\n\t<meta name=\"twitter:label2\" content=\"Szacowany czas czytania\" \/>\n\t<meta name=\"twitter:data2\" content=\"3 minuty\" \/>\n<script type=\"application\/ld+json\" class=\"yoast-schema-graph\">{\"@context\":\"https:\\\/\\\/schema.org\",\"@graph\":[{\"@type\":\"Article\",\"@id\":\"https:\\\/\\\/presspad.pl\\\/blog\\\/bezprecedensowe-czasy-dla-wydawcow\\\/#article\",\"isPartOf\":{\"@id\":\"https:\\\/\\\/presspad.pl\\\/blog\\\/bezprecedensowe-czasy-dla-wydawcow\\\/\"},\"author\":{\"name\":\"Wojtek Szywalski\",\"@id\":\"https:\\\/\\\/presspad.pl\\\/blog\\\/#\\\/schema\\\/person\\\/ab0767f11ba6f5dc9411d77cbffeb16c\"},\"headline\":\"Bezprecedensowe Czasy Dla Wydawc\u00f3w\",\"datePublished\":\"2020-03-30T16:05:30+00:00\",\"dateModified\":\"2025-03-24T12:29:46+00:00\",\"mainEntityOfPage\":{\"@id\":\"https:\\\/\\\/presspad.pl\\\/blog\\\/bezprecedensowe-czasy-dla-wydawcow\\\/\"},\"wordCount\":607,\"commentCount\":0,\"publisher\":{\"@id\":\"https:\\\/\\\/presspad.pl\\\/blog\\\/#organization\"},\"image\":{\"@id\":\"https:\\\/\\\/presspad.pl\\\/blog\\\/bezprecedensowe-czasy-dla-wydawcow\\\/#primaryimage\"},\"thumbnailUrl\":\"https:\\\/\\\/i0.wp.com\\\/presspad.pl\\\/blog\\\/wp-content\\\/uploads\\\/covid19-publishing-changes-presspad-offer.jpg?fit=1024%2C576&ssl=1\",\"keywords\":[\"covid19\",\"koronawirus\",\"oferta\",\"promocja\",\"publikowanie\"],\"articleSection\":[\"Nowo\u015bci wydawnicze\",\"publikowanie magazyn\u00f3w cyfrowych\"],\"inLanguage\":\"pl-PL\",\"potentialAction\":[{\"@type\":\"CommentAction\",\"name\":\"Comment\",\"target\":[\"https:\\\/\\\/presspad.pl\\\/blog\\\/bezprecedensowe-czasy-dla-wydawcow\\\/#respond\"]}]},{\"@type\":\"WebPage\",\"@id\":\"https:\\\/\\\/presspad.pl\\\/blog\\\/bezprecedensowe-czasy-dla-wydawcow\\\/\",\"url\":\"https:\\\/\\\/presspad.pl\\\/blog\\\/bezprecedensowe-czasy-dla-wydawcow\\\/\",\"name\":\"Bezprecedensowe Czasy Dla Wydawc\u00f3w\",\"isPartOf\":{\"@id\":\"https:\\\/\\\/presspad.pl\\\/blog\\\/#website\"},\"primaryImageOfPage\":{\"@id\":\"https:\\\/\\\/presspad.pl\\\/blog\\\/bezprecedensowe-czasy-dla-wydawcow\\\/#primaryimage\"},\"image\":{\"@id\":\"https:\\\/\\\/presspad.pl\\\/blog\\\/bezprecedensowe-czasy-dla-wydawcow\\\/#primaryimage\"},\"thumbnailUrl\":\"https:\\\/\\\/i0.wp.com\\\/presspad.pl\\\/blog\\\/wp-content\\\/uploads\\\/covid19-publishing-changes-presspad-offer.jpg?fit=1024%2C576&ssl=1\",\"datePublished\":\"2020-03-30T16:05:30+00:00\",\"dateModified\":\"2025-03-24T12:29:46+00:00\",\"breadcrumb\":{\"@id\":\"https:\\\/\\\/presspad.pl\\\/blog\\\/bezprecedensowe-czasy-dla-wydawcow\\\/#breadcrumb\"},\"inLanguage\":\"pl-PL\",\"potentialAction\":[{\"@type\":\"ReadAction\",\"target\":[\"https:\\\/\\\/presspad.pl\\\/blog\\\/bezprecedensowe-czasy-dla-wydawcow\\\/\"]}]},{\"@type\":\"ImageObject\",\"inLanguage\":\"pl-PL\",\"@id\":\"https:\\\/\\\/presspad.pl\\\/blog\\\/bezprecedensowe-czasy-dla-wydawcow\\\/#primaryimage\",\"url\":\"https:\\\/\\\/i0.wp.com\\\/presspad.pl\\\/blog\\\/wp-content\\\/uploads\\\/covid19-publishing-changes-presspad-offer.jpg?fit=1024%2C576&ssl=1\",\"contentUrl\":\"https:\\\/\\\/i0.wp.com\\\/presspad.pl\\\/blog\\\/wp-content\\\/uploads\\\/covid19-publishing-changes-presspad-offer.jpg?fit=1024%2C576&ssl=1\",\"width\":1024,\"height\":576},{\"@type\":\"BreadcrumbList\",\"@id\":\"https:\\\/\\\/presspad.pl\\\/blog\\\/bezprecedensowe-czasy-dla-wydawcow\\\/#breadcrumb\",\"itemListElement\":[{\"@type\":\"ListItem\",\"position\":1,\"name\":\"Strona g\u0142\u00f3wna\",\"item\":\"https:\\\/\\\/presspad.pl\\\/blog\\\/\"},{\"@type\":\"ListItem\",\"position\":2,\"name\":\"Nowo\u015bci wydawnicze\",\"item\":\"https:\\\/\\\/presspad.pl\\\/blog\\\/category\\\/nowosci-wydawnicze\\\/\"},{\"@type\":\"ListItem\",\"position\":3,\"name\":\"Bezprecedensowe Czasy Dla Wydawc\u00f3w\"}]},{\"@type\":\"WebSite\",\"@id\":\"https:\\\/\\\/presspad.pl\\\/blog\\\/#website\",\"url\":\"https:\\\/\\\/presspad.pl\\\/blog\\\/\",\"name\":\"Blog po\u015bwi\u0119cony publikacjom cyfrowym prowadzony przez PressPad\",\"description\":\"Blog o publikacjach cyfrowych; Aplikacje dla czasopism i porady marketingowe PressPad\",\"publisher\":{\"@id\":\"https:\\\/\\\/presspad.pl\\\/blog\\\/#organization\"},\"potentialAction\":[{\"@type\":\"SearchAction\",\"target\":{\"@type\":\"EntryPoint\",\"urlTemplate\":\"https:\\\/\\\/presspad.pl\\\/blog\\\/?s={search_term_string}\"},\"query-input\":{\"@type\":\"PropertyValueSpecification\",\"valueRequired\":true,\"valueName\":\"search_term_string\"}}],\"inLanguage\":\"pl-PL\"},{\"@type\":\"Organization\",\"@id\":\"https:\\\/\\\/presspad.pl\\\/blog\\\/#organization\",\"name\":\"PressPad\",\"url\":\"https:\\\/\\\/presspad.pl\\\/blog\\\/\",\"logo\":{\"@type\":\"ImageObject\",\"inLanguage\":\"pl-PL\",\"@id\":\"https:\\\/\\\/presspad.pl\\\/blog\\\/#\\\/schema\\\/logo\\\/image\\\/\",\"url\":\"https:\\\/\\\/i0.wp.com\\\/presspad.pl\\\/blog\\\/wp-content\\\/uploads\\\/2013\\\/10\\\/PressPad_LOGO_main_horizontal_gradient.png?fit=800%2C300&ssl=1\",\"contentUrl\":\"https:\\\/\\\/i0.wp.com\\\/presspad.pl\\\/blog\\\/wp-content\\\/uploads\\\/2013\\\/10\\\/PressPad_LOGO_main_horizontal_gradient.png?fit=800%2C300&ssl=1\",\"width\":800,\"height\":300,\"caption\":\"PressPad\"},\"image\":{\"@id\":\"https:\\\/\\\/presspad.pl\\\/blog\\\/#\\\/schema\\\/logo\\\/image\\\/\"},\"sameAs\":[\"https:\\\/\\\/www.facebook.com\\\/presspad\",\"https:\\\/\\\/x.com\\\/presspadapp\",\"https:\\\/\\\/www.instagram.com\\\/presspadapp\\\/\",\"https:\\\/\\\/www.linkedin.com\\\/company\\\/2033158\",\"https:\\\/\\\/www.pinterest.com\\\/presspad\\\/\",\"https:\\\/\\\/www.youtube.com\\\/user\\\/presspad\"]},{\"@type\":\"Person\",\"@id\":\"https:\\\/\\\/presspad.pl\\\/blog\\\/#\\\/schema\\\/person\\\/ab0767f11ba6f5dc9411d77cbffeb16c\",\"name\":\"Wojtek Szywalski\",\"image\":{\"@type\":\"ImageObject\",\"inLanguage\":\"pl-PL\",\"@id\":\"https:\\\/\\\/secure.gravatar.com\\\/avatar\\\/d346f526a50e57221d2e8dbf3557bfbac8be1bbb33f527b993a67772ded6d6a3?s=96&r=g\",\"url\":\"https:\\\/\\\/secure.gravatar.com\\\/avatar\\\/d346f526a50e57221d2e8dbf3557bfbac8be1bbb33f527b993a67772ded6d6a3?s=96&r=g\",\"contentUrl\":\"https:\\\/\\\/secure.gravatar.com\\\/avatar\\\/d346f526a50e57221d2e8dbf3557bfbac8be1bbb33f527b993a67772ded6d6a3?s=96&r=g\",\"caption\":\"Wojtek Szywalski\"},\"description\":\"Wojtek Szywalski is a Content Marketing Manager at PressPad and co-editor of Digital Publishing Guide Magazine. If you like his post please share it among circle of your friends and followers. You can follow him on Twitter @wojteksz as well.\",\"sameAs\":[\"http:\\\/\\\/www.presspadapp.com\",\"https:\\\/\\\/x.com\\\/wojteksz\"],\"url\":\"https:\\\/\\\/presspad.pl\\\/blog\\\/author\\\/wojtekpresspadapp-com\\\/\"}]}<\/script>\n<!-- \/ Yoast SEO plugin. -->","yoast_head_json":{"title":"Bezprecedensowe Czasy Dla Wydawc\u00f3w","robots":{"index":"index","follow":"follow","max-snippet":"max-snippet:-1","max-image-preview":"max-image-preview:large","max-video-preview":"max-video-preview:-1"},"canonical":"https:\/\/presspad.pl\/blog\/bezprecedensowe-czasy-dla-wydawcow\/","og_locale":"pl_PL","og_type":"article","og_title":"Bezprecedensowe Czasy Dla Wydawc\u00f3w","og_url":"https:\/\/presspad.pl\/blog\/bezprecedensowe-czasy-dla-wydawcow\/","og_site_name":"Blog po\u015bwi\u0119cony publikacjom cyfrowym prowadzony przez PressPad","article_publisher":"https:\/\/www.facebook.com\/presspad","article_published_time":"2020-03-30T16:05:30+00:00","article_modified_time":"2025-03-24T12:29:46+00:00","og_image":[{"width":1024,"height":576,"url":"https:\/\/i0.wp.com\/presspad.pl\/blog\/wp-content\/uploads\/covid19-publishing-changes-presspad-offer.jpg?fit=1024%2C576&ssl=1","type":"image\/jpeg"}],"author":"Wojtek Szywalski","twitter_card":"summary_large_image","twitter_creator":"@wojteksz","twitter_site":"@presspadapp","twitter_misc":{"Napisane przez":"Wojtek Szywalski","Szacowany czas czytania":"3 minuty"},"schema":{"@context":"https:\/\/schema.org","@graph":[{"@type":"Article","@id":"https:\/\/presspad.pl\/blog\/bezprecedensowe-czasy-dla-wydawcow\/#article","isPartOf":{"@id":"https:\/\/presspad.pl\/blog\/bezprecedensowe-czasy-dla-wydawcow\/"},"author":{"name":"Wojtek Szywalski","@id":"https:\/\/presspad.pl\/blog\/#\/schema\/person\/ab0767f11ba6f5dc9411d77cbffeb16c"},"headline":"Bezprecedensowe Czasy Dla Wydawc\u00f3w","datePublished":"2020-03-30T16:05:30+00:00","dateModified":"2025-03-24T12:29:46+00:00","mainEntityOfPage":{"@id":"https:\/\/presspad.pl\/blog\/bezprecedensowe-czasy-dla-wydawcow\/"},"wordCount":607,"commentCount":0,"publisher":{"@id":"https:\/\/presspad.pl\/blog\/#organization"},"image":{"@id":"https:\/\/presspad.pl\/blog\/bezprecedensowe-czasy-dla-wydawcow\/#primaryimage"},"thumbnailUrl":"https:\/\/i0.wp.com\/presspad.pl\/blog\/wp-content\/uploads\/covid19-publishing-changes-presspad-offer.jpg?fit=1024%2C576&ssl=1","keywords":["covid19","koronawirus","oferta","promocja","publikowanie"],"articleSection":["Nowo\u015bci wydawnicze","publikowanie magazyn\u00f3w cyfrowych"],"inLanguage":"pl-PL","potentialAction":[{"@type":"CommentAction","name":"Comment","target":["https:\/\/presspad.pl\/blog\/bezprecedensowe-czasy-dla-wydawcow\/#respond"]}]},{"@type":"WebPage","@id":"https:\/\/presspad.pl\/blog\/bezprecedensowe-czasy-dla-wydawcow\/","url":"https:\/\/presspad.pl\/blog\/bezprecedensowe-czasy-dla-wydawcow\/","name":"Bezprecedensowe Czasy Dla Wydawc\u00f3w","isPartOf":{"@id":"https:\/\/presspad.pl\/blog\/#website"},"primaryImageOfPage":{"@id":"https:\/\/presspad.pl\/blog\/bezprecedensowe-czasy-dla-wydawcow\/#primaryimage"},"image":{"@id":"https:\/\/presspad.pl\/blog\/bezprecedensowe-czasy-dla-wydawcow\/#primaryimage"},"thumbnailUrl":"https:\/\/i0.wp.com\/presspad.pl\/blog\/wp-content\/uploads\/covid19-publishing-changes-presspad-offer.jpg?fit=1024%2C576&ssl=1","datePublished":"2020-03-30T16:05:30+00:00","dateModified":"2025-03-24T12:29:46+00:00","breadcrumb":{"@id":"https:\/\/presspad.pl\/blog\/bezprecedensowe-czasy-dla-wydawcow\/#breadcrumb"},"inLanguage":"pl-PL","potentialAction":[{"@type":"ReadAction","target":["https:\/\/presspad.pl\/blog\/bezprecedensowe-czasy-dla-wydawcow\/"]}]},{"@type":"ImageObject","inLanguage":"pl-PL","@id":"https:\/\/presspad.pl\/blog\/bezprecedensowe-czasy-dla-wydawcow\/#primaryimage","url":"https:\/\/i0.wp.com\/presspad.pl\/blog\/wp-content\/uploads\/covid19-publishing-changes-presspad-offer.jpg?fit=1024%2C576&ssl=1","contentUrl":"https:\/\/i0.wp.com\/presspad.pl\/blog\/wp-content\/uploads\/covid19-publishing-changes-presspad-offer.jpg?fit=1024%2C576&ssl=1","width":1024,"height":576},{"@type":"BreadcrumbList","@id":"https:\/\/presspad.pl\/blog\/bezprecedensowe-czasy-dla-wydawcow\/#breadcrumb","itemListElement":[{"@type":"ListItem","position":1,"name":"Strona g\u0142\u00f3wna","item":"https:\/\/presspad.pl\/blog\/"},{"@type":"ListItem","position":2,"name":"Nowo\u015bci wydawnicze","item":"https:\/\/presspad.pl\/blog\/category\/nowosci-wydawnicze\/"},{"@type":"ListItem","position":3,"name":"Bezprecedensowe Czasy Dla Wydawc\u00f3w"}]},{"@type":"WebSite","@id":"https:\/\/presspad.pl\/blog\/#website","url":"https:\/\/presspad.pl\/blog\/","name":"Blog po\u015bwi\u0119cony publikacjom cyfrowym prowadzony przez PressPad","description":"Blog o publikacjach cyfrowych; Aplikacje dla czasopism i porady marketingowe PressPad","publisher":{"@id":"https:\/\/presspad.pl\/blog\/#organization"},"potentialAction":[{"@type":"SearchAction","target":{"@type":"EntryPoint","urlTemplate":"https:\/\/presspad.pl\/blog\/?s={search_term_string}"},"query-input":{"@type":"PropertyValueSpecification","valueRequired":true,"valueName":"search_term_string"}}],"inLanguage":"pl-PL"},{"@type":"Organization","@id":"https:\/\/presspad.pl\/blog\/#organization","name":"PressPad","url":"https:\/\/presspad.pl\/blog\/","logo":{"@type":"ImageObject","inLanguage":"pl-PL","@id":"https:\/\/presspad.pl\/blog\/#\/schema\/logo\/image\/","url":"https:\/\/i0.wp.com\/presspad.pl\/blog\/wp-content\/uploads\/2013\/10\/PressPad_LOGO_main_horizontal_gradient.png?fit=800%2C300&ssl=1","contentUrl":"https:\/\/i0.wp.com\/presspad.pl\/blog\/wp-content\/uploads\/2013\/10\/PressPad_LOGO_main_horizontal_gradient.png?fit=800%2C300&ssl=1","width":800,"height":300,"caption":"PressPad"},"image":{"@id":"https:\/\/presspad.pl\/blog\/#\/schema\/logo\/image\/"},"sameAs":["https:\/\/www.facebook.com\/presspad","https:\/\/x.com\/presspadapp","https:\/\/www.instagram.com\/presspadapp\/","https:\/\/www.linkedin.com\/company\/2033158","https:\/\/www.pinterest.com\/presspad\/","https:\/\/www.youtube.com\/user\/presspad"]},{"@type":"Person","@id":"https:\/\/presspad.pl\/blog\/#\/schema\/person\/ab0767f11ba6f5dc9411d77cbffeb16c","name":"Wojtek Szywalski","image":{"@type":"ImageObject","inLanguage":"pl-PL","@id":"https:\/\/secure.gravatar.com\/avatar\/d346f526a50e57221d2e8dbf3557bfbac8be1bbb33f527b993a67772ded6d6a3?s=96&r=g","url":"https:\/\/secure.gravatar.com\/avatar\/d346f526a50e57221d2e8dbf3557bfbac8be1bbb33f527b993a67772ded6d6a3?s=96&r=g","contentUrl":"https:\/\/secure.gravatar.com\/avatar\/d346f526a50e57221d2e8dbf3557bfbac8be1bbb33f527b993a67772ded6d6a3?s=96&r=g","caption":"Wojtek Szywalski"},"description":"Wojtek Szywalski is a Content Marketing Manager at PressPad and co-editor of Digital Publishing Guide Magazine. If you like his post please share it among circle of your friends and followers. You can follow him on Twitter @wojteksz as well.","sameAs":["http:\/\/www.presspadapp.com","https:\/\/x.com\/wojteksz"],"url":"https:\/\/presspad.pl\/blog\/author\/wojtekpresspadapp-com\/"}]}},"jetpack_featured_media_url":"https:\/\/i0.wp.com\/presspad.pl\/blog\/wp-content\/uploads\/covid19-publishing-changes-presspad-offer.jpg?fit=1024%2C576&ssl=1","jetpack_sharing_enabled":true,"jetpack_shortlink":"https:\/\/wp.me\/pbs6e8-2uA","jetpack-related-posts":[{"id":9618,"url":"https:\/\/presspad.pl\/blog\/facebook-inwestuje-dodatkowe-miliony-we-wsparcie-branzy-informacyjnej\/","url_meta":{"origin":9584,"position":0},"title":"Facebook Inwestuje Dodatkowe Miliony We Wsparcie Bran\u017cy Informacyjnej","author":"Wojtek Szywalski","date":"1 kwietnia, 2020","format":false,"excerpt":"Kryzys zwi\u0105zany z koronawirusem wp\u0142ywa na bran\u017c\u0119 informacyjn\u0105. Ludzie domagaj\u0105 si\u0119 dok\u0142adnych informacji. Rosn\u0105ce znaczenie dziennikarstwa lokalnego jest faktem. Ale w jaki spos\u00f3b wydawcy wiadomo\u015bci mog\u0105 zbli\u017cy\u0107 si\u0119 do czytelnik\u00f3w z dok\u0142adnymi informacjami? Zgodnie z komunikatem na Facebooku, bran\u017ca informacyjna pracuje w nadzwyczajnych warunkach, aby informowa\u0107 ludzi podczas pandemii COVID-19.\u2026","rel":"","context":"W &quot;Nowo\u015bci wydawnicze&quot;","block_context":{"text":"Nowo\u015bci wydawnicze","link":"https:\/\/presspad.pl\/blog\/category\/nowosci-wydawnicze\/"},"img":{"alt_text":"","src":"https:\/\/i0.wp.com\/presspad.pl\/blog\/wp-content\/uploads\/coronavirus-update-news-industry-support.jpg?fit=1024%2C576&ssl=1&resize=350%2C200","width":350,"height":200,"srcset":"https:\/\/i0.wp.com\/presspad.pl\/blog\/wp-content\/uploads\/coronavirus-update-news-industry-support.jpg?fit=1024%2C576&ssl=1&resize=350%2C200 1x, https:\/\/i0.wp.com\/presspad.pl\/blog\/wp-content\/uploads\/coronavirus-update-news-industry-support.jpg?fit=1024%2C576&ssl=1&resize=525%2C300 1.5x, https:\/\/i0.wp.com\/presspad.pl\/blog\/wp-content\/uploads\/coronavirus-update-news-industry-support.jpg?fit=1024%2C576&ssl=1&resize=700%2C400 2x"},"classes":[]},{"id":9625,"url":"https:\/\/presspad.pl\/blog\/nadchodzi-specjalny-czas-dla-wydawcow-i-presspada\/","url_meta":{"origin":9584,"position":1},"title":"Nadchodzi Specjalny Czas Dla Wydawc\u00f3w I PressPada","author":"Paulina Kubala-Chuchnowska","date":"15 grudnia, 2020","format":false,"excerpt":"Mijaj\u0105cy rok wraz z globaln\u0105 pandemi\u0105 i \u015bwiatow\u0105 blokad\u0105 zmusi\u0142 wydawc\u00f3w do podj\u0119cia odwa\u017cnych krok\u00f3w w prowadzeniu dzia\u0142alno\u015bci, aby utrzyma\u0107 si\u0119 na powierzchni. By\u0142y to przede wszystkim radykalne przyspieszenie przej\u015bcia z druku na cyfrow\u0105 dystrybucj\u0119 wszelkiego rodzaju publikacji oraz przekierowanie dzia\u0142a\u0144 monetyzacyjnych z reklam na model subskrypcyjny. Obie te transformacje\u2026","rel":"","context":"W &quot;Historia PressPada&quot;","block_context":{"text":"Historia PressPada","link":"https:\/\/presspad.pl\/blog\/category\/historia-presspada\/"},"img":{"alt_text":"","src":"https:\/\/i0.wp.com\/presspad.pl\/blog\/wp-content\/uploads\/presspad-anniversary-2021.jpg?fit=1200%2C662&ssl=1&resize=350%2C200","width":350,"height":200,"srcset":"https:\/\/i0.wp.com\/presspad.pl\/blog\/wp-content\/uploads\/presspad-anniversary-2021.jpg?fit=1200%2C662&ssl=1&resize=350%2C200 1x, https:\/\/i0.wp.com\/presspad.pl\/blog\/wp-content\/uploads\/presspad-anniversary-2021.jpg?fit=1200%2C662&ssl=1&resize=525%2C300 1.5x, https:\/\/i0.wp.com\/presspad.pl\/blog\/wp-content\/uploads\/presspad-anniversary-2021.jpg?fit=1200%2C662&ssl=1&resize=700%2C400 2x, https:\/\/i0.wp.com\/presspad.pl\/blog\/wp-content\/uploads\/presspad-anniversary-2021.jpg?fit=1200%2C662&ssl=1&resize=1050%2C600 3x"},"classes":[]},{"id":9630,"url":"https:\/\/presspad.pl\/blog\/10-lat-presspad-opowiesc-o-tym-jak-zmienic-swiat-czasopism-dzieki-cyfrowym-platformom-wydawniczym\/","url_meta":{"origin":9584,"position":2},"title":"10 Lat PressPad &#8211; Opowie\u015b\u0107 O Tym, Jak Zmieni\u0107 \u015bwiat Czasopism Dzi\u0119ki Cyfrowym Platformom Wydawniczym","author":"Paulina Kubala-Chuchnowska","date":"2 marca, 2021","format":false,"excerpt":"PressPad obchodzi w tym roku 10. urodziny. Jest to okazja, by wybra\u0107 si\u0119 na wycieczk\u0119 w przesz\u0142o\u015b\u0107: podsumowa\u0107 nasze osi\u0105gni\u0119cia, wspomnie\u0107 kluczowe momenty, kt\u00f3re prze\u017cyli\u015bmy, opowiedzie\u0107 o wyzwaniach, kt\u00f3rym musieli\u015bmy stawi\u0107 czo\u0142a. Dlatego zapraszamy do lektury tego artyku\u0142u, kt\u00f3ry pozwoli Wam lepiej pozna\u0107 nasz\u0105 histori\u0119, dowiedzie\u0107 si\u0119, co nas motywuje\u2026","rel":"","context":"W &quot;Historia PressPada&quot;","block_context":{"text":"Historia PressPada","link":"https:\/\/presspad.pl\/blog\/category\/historia-presspada\/"},"img":{"alt_text":"","src":"https:\/\/i0.wp.com\/presspad.pl\/blog\/wp-content\/uploads\/10-years-of-presspad.jpg?fit=900%2C489&ssl=1&resize=350%2C200","width":350,"height":200,"srcset":"https:\/\/i0.wp.com\/presspad.pl\/blog\/wp-content\/uploads\/10-years-of-presspad.jpg?fit=900%2C489&ssl=1&resize=350%2C200 1x, https:\/\/i0.wp.com\/presspad.pl\/blog\/wp-content\/uploads\/10-years-of-presspad.jpg?fit=900%2C489&ssl=1&resize=525%2C300 1.5x, https:\/\/i0.wp.com\/presspad.pl\/blog\/wp-content\/uploads\/10-years-of-presspad.jpg?fit=900%2C489&ssl=1&resize=700%2C400 2x"},"classes":[]},{"id":9560,"url":"https:\/\/presspad.pl\/blog\/odnies-sukces-badz-cyfrowy-wyzwania-wydawnicze-a-nasze-rozwiazania-presspad\/","url_meta":{"origin":9584,"position":3},"title":"Odnie\u015b Sukces, B\u0105d\u017a Cyfrowy. Wyzwania Wydawnicze a Nasze Rozwi\u0105zania PressPad","author":"Paulina Kubala-Chuchnowska","date":"13 czerwca, 2018","format":false,"excerpt":"Wielu wydawc\u00f3w zastanawia si\u0119, czy warto mie\u0107 aplikacj\u0119 mobiln\u0105 zamiast strony internetowej, jaki jest najlepszy spos\u00f3b na sprzeda\u017c magazynu online i jakie korzy\u015bci mo\u017ce przynie\u015b\u0107 publikacja cyfrowa. C\u00f3\u017c, jedn\u0105 z oczywistych odpowiedzi by\u0142oby oszcz\u0119dzanie du\u017cej ilo\u015bci drzew. A teraz bardziej powa\u017cnie. Jest jedna podstawowa rzecz dotycz\u0105ca publikowania czasopism online, a\u2026","rel":"","context":"W &quot;Publikacja cyfrowa&quot;","block_context":{"text":"Publikacja cyfrowa","link":"https:\/\/presspad.pl\/blog\/category\/publikacja-cyfrowa\/"},"img":{"alt_text":"","src":"https:\/\/i0.wp.com\/presspad.pl\/blog\/wp-content\/uploads\/digital-publishing-challenges-solutions.png?fit=1200%2C764&ssl=1&resize=350%2C200","width":350,"height":200,"srcset":"https:\/\/i0.wp.com\/presspad.pl\/blog\/wp-content\/uploads\/digital-publishing-challenges-solutions.png?fit=1200%2C764&ssl=1&resize=350%2C200 1x, https:\/\/i0.wp.com\/presspad.pl\/blog\/wp-content\/uploads\/digital-publishing-challenges-solutions.png?fit=1200%2C764&ssl=1&resize=525%2C300 1.5x, https:\/\/i0.wp.com\/presspad.pl\/blog\/wp-content\/uploads\/digital-publishing-challenges-solutions.png?fit=1200%2C764&ssl=1&resize=700%2C400 2x, https:\/\/i0.wp.com\/presspad.pl\/blog\/wp-content\/uploads\/digital-publishing-challenges-solutions.png?fit=1200%2C764&ssl=1&resize=1050%2C600 3x"},"classes":[]},{"id":9594,"url":"https:\/\/presspad.pl\/blog\/co-oznacza-koniec-adobe-flash-dla-wydawcow-cyfrowych\/","url_meta":{"origin":9584,"position":4},"title":"Co Oznacza Koniec Adobe Flash Dla Wydawc\u00f3w Cyfrowych?","author":"Paulina Kubala-Chuchnowska","date":"12 pa\u017adziernika, 2020","format":false,"excerpt":"Niekt\u00f3rzy my\u015bl\u0105 o tym z \u0142ezk\u0105 w oku; inni twierdz\u0105 z ulg\u0105, \u017ce to naturalna konieczno\u015b\u0107, kt\u00f3ra musia\u0142a kiedy\u015b nadej\u015b\u0107; pozostali czuj\u0105 ekscytacj\u0119 zwi\u0105zan\u0105 z poszukiwaniem nowych rozwi\u0105za\u0144. Koniec Adobe Flash Player planowany na 31 grudnia 2020 roku jest ju\u017c pewny. Przyniesie to wydawcom cyfrowym nowe, ekscytuj\u0105ce wyzwania w ich\u2026","rel":"","context":"W &quot;Publikacja cyfrowa&quot;","block_context":{"text":"Publikacja cyfrowa","link":"https:\/\/presspad.pl\/blog\/category\/publikacja-cyfrowa\/"},"img":{"alt_text":"","src":"https:\/\/i0.wp.com\/presspad.pl\/blog\/wp-content\/uploads\/the-end-of-flash.jpg?fit=1200%2C658&ssl=1&resize=350%2C200","width":350,"height":200,"srcset":"https:\/\/i0.wp.com\/presspad.pl\/blog\/wp-content\/uploads\/the-end-of-flash.jpg?fit=1200%2C658&ssl=1&resize=350%2C200 1x, https:\/\/i0.wp.com\/presspad.pl\/blog\/wp-content\/uploads\/the-end-of-flash.jpg?fit=1200%2C658&ssl=1&resize=525%2C300 1.5x, https:\/\/i0.wp.com\/presspad.pl\/blog\/wp-content\/uploads\/the-end-of-flash.jpg?fit=1200%2C658&ssl=1&resize=700%2C400 2x, https:\/\/i0.wp.com\/presspad.pl\/blog\/wp-content\/uploads\/the-end-of-flash.jpg?fit=1200%2C658&ssl=1&resize=1050%2C600 3x"},"classes":[]},{"id":9599,"url":"https:\/\/presspad.pl\/blog\/porownanie-platformy-czasopism-cyfrowych-miedzy-aplikacjami-mobilnymi-a-flipbookami-e-kiosk\/","url_meta":{"origin":9584,"position":5},"title":"Por\u00f3wnanie Platformy Czasopism Cyfrowych Mi\u0119dzy Aplikacjami Mobilnymi a Flipbookami E-kiosk","author":"Paulina Kubala-Chuchnowska","date":"28 kwietnia, 2021","format":false,"excerpt":"Cyfrowe wydawanie czasopism to sztuka dostosowywania rodzaju tre\u015bci i platformy dystrybucji do zmieniaj\u0105cych si\u0119 wymaga\u0144 czytelnik\u00f3w i rozwoju technologicznego. Niezale\u017cnie od rodzaju i wielko\u015bci wydawnictwa, znalezienie odpowiednich kana\u0142\u00f3w dystrybucji jest integraln\u0105 cz\u0119\u015bci\u0105 strategii marketingu tre\u015bci. Dobrze dobrana platforma skupia specjalnych, sprofilowanych czytelnik\u00f3w, kt\u00f3rzy s\u0105 aktywnie zainteresowani Twoj\u0105 mark\u0105 i s\u0105\u2026","rel":"","context":"W &quot;publikowanie magazyn\u00f3w cyfrowych&quot;","block_context":{"text":"publikowanie magazyn\u00f3w cyfrowych","link":"https:\/\/presspad.pl\/blog\/category\/publikowanie-magazynow-cyfrowych\/"},"img":{"alt_text":"","src":"https:\/\/i0.wp.com\/presspad.pl\/blog\/wp-content\/uploads\/mobile-apps-vs-kiosks.jpeg?fit=1147%2C696&ssl=1&resize=350%2C200","width":350,"height":200,"srcset":"https:\/\/i0.wp.com\/presspad.pl\/blog\/wp-content\/uploads\/mobile-apps-vs-kiosks.jpeg?fit=1147%2C696&ssl=1&resize=350%2C200 1x, https:\/\/i0.wp.com\/presspad.pl\/blog\/wp-content\/uploads\/mobile-apps-vs-kiosks.jpeg?fit=1147%2C696&ssl=1&resize=525%2C300 1.5x, https:\/\/i0.wp.com\/presspad.pl\/blog\/wp-content\/uploads\/mobile-apps-vs-kiosks.jpeg?fit=1147%2C696&ssl=1&resize=700%2C400 2x, https:\/\/i0.wp.com\/presspad.pl\/blog\/wp-content\/uploads\/mobile-apps-vs-kiosks.jpeg?fit=1147%2C696&ssl=1&resize=1050%2C600 3x"},"classes":[]}],"amp_enabled":true,"_links":{"self":[{"href":"https:\/\/presspad.pl\/blog\/wp-json\/wp\/v2\/posts\/9584","targetHints":{"allow":["GET"]}}],"collection":[{"href":"https:\/\/presspad.pl\/blog\/wp-json\/wp\/v2\/posts"}],"about":[{"href":"https:\/\/presspad.pl\/blog\/wp-json\/wp\/v2\/types\/post"}],"author":[{"embeddable":true,"href":"https:\/\/presspad.pl\/blog\/wp-json\/wp\/v2\/users\/7"}],"replies":[{"embeddable":true,"href":"https:\/\/presspad.pl\/blog\/wp-json\/wp\/v2\/comments?post=9584"}],"version-history":[{"count":1,"href":"https:\/\/presspad.pl\/blog\/wp-json\/wp\/v2\/posts\/9584\/revisions"}],"predecessor-version":[{"id":9587,"href":"https:\/\/presspad.pl\/blog\/wp-json\/wp\/v2\/posts\/9584\/revisions\/9587"}],"wp:featuredmedia":[{"embeddable":true,"href":"https:\/\/presspad.pl\/blog\/wp-json\/wp\/v2\/media\/9169"}],"wp:attachment":[{"href":"https:\/\/presspad.pl\/blog\/wp-json\/wp\/v2\/media?parent=9584"}],"wp:term":[{"taxonomy":"category","embeddable":true,"href":"https:\/\/presspad.pl\/blog\/wp-json\/wp\/v2\/categories?post=9584"},{"taxonomy":"post_tag","embeddable":true,"href":"https:\/\/presspad.pl\/blog\/wp-json\/wp\/v2\/tags?post=9584"}],"curies":[{"name":"wp","href":"https:\/\/api.w.org\/{rel}","templated":true}]}}