{"id":9589,"date":"2019-10-16T10:47:01","date_gmt":"2019-10-16T08:47:01","guid":{"rendered":"https:\/\/www.presspadapp.com\/blog\/jak-dodac-sekcje-komentarzy-wordpress-do-swojej-witryny\/"},"modified":"2025-03-24T14:29:47","modified_gmt":"2025-03-24T12:29:47","slug":"jak-dodac-sekcje-komentarzy-wordpress-do-swojej-witryny","status":"publish","type":"post","link":"https:\/\/presspad.pl\/blog\/jak-dodac-sekcje-komentarzy-wordpress-do-swojej-witryny\/","title":{"rendered":"Jak Doda\u0107 Sekcj\u0119 Komentarzy WordPress Do Swojej Witryny?"},"content":{"rendered":"<h2>Generowanie przychod\u00f3w z publikacji cyfrowych przesz\u0142o od modelu skoncentrowanego na reklamach do strategii monetyzacji opartych na p\u0142atnych subskrypcjach i paywallach. Dla wydawc\u00f3w zmiana ta oznacza konieczno\u015b\u0107 skoncentrowania si\u0119 na budowaniu spo\u0142eczno\u015bci internetowej skupionej wok\u00f3\u0142 ich tre\u015bci. Celem jest przekszta\u0142cenie anga\u017cuj\u0105cych czytelnik\u00f3w w p\u0142ac\u0105cych subskrybent\u00f3w. W\u0142\u0105czenie sekcji komentarzy WordPress, dost\u0119pnej zar\u00f3wno na komputerze, jak i w aplikacji mobilnej, mo\u017ce pom\u00f3c w osi\u0105gni\u0119ciu tego celu.   <\/h2>\n<p>Ka\u017cdy, kto cho\u0107 raz pokusi\u0142 si\u0119 o przeczytanie dyskusji w Internecie pod dowolnym artyku\u0142em, mo\u017ce zrozumie\u0107, dlaczego niekt\u00f3rzy wydawcy decyduj\u0105 si\u0119 na wy\u0142\u0105czenie komentarzy. Powody wydaj\u0105 si\u0119 do\u015b\u0107 oczywiste: obawa przed mow\u0105 nienawi\u015bci, nieuzasadnion\u0105 krytyk\u0105 czy po prostu niegrzecznymi wypowiedziami. Ci\u0105g\u0142y proces moderacji wymaga dodatkowej pracy i nierzadko zatrudnienia nowych pracownik\u00f3w. \u0141atwiej jest zamkn\u0105\u0107 sekcj\u0119 komentarzy lub&#8230; przenie\u015b\u0107 dyskusj\u0119 do kana\u0142\u00f3w spo\u0142eczno\u015bciowych. Druga opcja oznacza dobrowoln\u0105 rezygnacj\u0119 z utrzymywania czytelnik\u00f3w na stronach wydawc\u00f3w i oddanie ich w r\u0119ce technologicznych gigant\u00f3w.    <\/p>\n<p>Mo\u017cliwo\u015b\u0107 pisania (i czytania!) komentarzy to nie tylko udzia\u0142 w dyskusji z autorem czy innymi osobami. To rozszerzenie artyku\u0142u, podniesienie warto\u015bci dziennikarskiej i wreszcie przekszta\u0142cenie biernych czytelnik\u00f3w w aktywnych, co ma ogromny wp\u0142yw na budowanie poczucia przynale\u017cno\u015bci do grupy. St\u0105d ju\u017c bardzo kr\u00f3tka droga do zaufania marce i pozostania z tre\u015bciami na d\u0142u\u017cej, co zaowocuje subskrypcj\u0105 i p\u0142atno\u015bciami. W zwi\u0105zku z tym, jako wydawcy, dziennikarze i autorzy stoicie dzi\u015b przed wyzwaniem bycia organizatorami spo\u0142eczno\u015bci.   <\/p>\n<p>Od czego powiniene\u015b zacz\u0105\u0107? Od umo\u017cliwienia ludziom wyra\u017cania swoich my\u015bli pod artyku\u0142ami, korzystaj\u0105c z r\u00f3\u017cnych urz\u0105dze\u0144, na kt\u00f3rych czytaj\u0105. Mo\u017cesz to zrobi\u0107 dzi\u0119ki narz\u0119dziom takim jak <strong>Disqus<\/strong> czy <strong>Facebook Comments<\/strong>.  <\/p>\n<p><strong>Dowiedz si\u0119, jak zainstalowa\u0107 sekcj\u0119 komentarzy WordPress, aby zacz\u0105\u0107 budowa\u0107 kr\u0105g swoich zwolennik\u00f3w.<\/strong><\/p>\n<p><!--more--><\/p>\n<h2>Czy komentarze przyci\u0105gaj\u0105 czytelnik\u00f3w?<\/h2>\n<p>Powiedzenie po prostu &#8222;tak&#8221; by\u0142oby du\u017cym niedopowiedzeniem. Dlatego chcieliby\u015bmy pokaza\u0107, jak dyskusja funkcjonuje w prawdziwym cyfrowym \u017cyciu wydawniczym. <\/p>\n<p><a href=\"\/\/www.grandprix247.com%22\" target=\"_blank\" rel=\"nofollow noopener noreferrer\">&#8222;Grand Prix 247&#8221;<\/a> to niezale\u017cny projekt oparty na dostarczaniu non-stop relacji z Formu\u0142y 1. Ich tre\u015bci s\u0105 dostarczane za po\u015brednictwem strony internetowej i aplikacji mobilnej. W obu przypadkach sekcja komentarzy jest w\u0142\u0105czona i obs\u0142ugiwana przez Disqus.  <\/p>\n<p>Oto, jak dog\u0142\u0119bne s\u0105 dyskusje pod ich artyku\u0142ami i jak zaanga\u017cowana spo\u0142eczno\u015b\u0107 gromadzi si\u0119 wok\u00f3\u0142 ich tre\u015bci.<\/p>\n<figure id=\"attachment_5498\" aria-describedby=\"caption-attachment-5498\" style=\"width: 1184px\" class=\"wp-caption aligncenter\"><img data-recalc-dims=\"1\" loading=\"lazy\" decoding=\"async\" class=\"wp-image-5498 size-full\" src=\"https:\/\/i0.wp.com\/www.presspadapp.com\/blog\/wp-content\/uploads\/GrandPrix247-comments.png?resize=1184%2C719&#038;ssl=1\" alt=\"Sekcja komentarzy Disqus na stronie internetowej\" width=\"1184\" height=\"719\" srcset=\"https:\/\/i0.wp.com\/presspad.pl\/blog\/wp-content\/uploads\/GrandPrix247-comments.png?w=1184&amp;ssl=1 1184w, https:\/\/i0.wp.com\/presspad.pl\/blog\/wp-content\/uploads\/GrandPrix247-comments.png?resize=150%2C91&amp;ssl=1 150w, https:\/\/i0.wp.com\/presspad.pl\/blog\/wp-content\/uploads\/GrandPrix247-comments.png?resize=300%2C182&amp;ssl=1 300w, https:\/\/i0.wp.com\/presspad.pl\/blog\/wp-content\/uploads\/GrandPrix247-comments.png?resize=1024%2C622&amp;ssl=1 1024w\" sizes=\"auto, (max-width: 1000px) 100vw, 1000px\" \/><figcaption id=\"caption-attachment-5498\" class=\"wp-caption-text\"><a href=\"https:\/\/www.grandprix247.com\/2019\/10\/03\/montezemolo-i-would-have-a-words-with-leclerc\/\" target=\"_blank\" rel=\"nofollow noopener noreferrer\">Sekcja komentarzy na stronie GrandPrix247<\/a><\/figcaption><\/figure>\n<p><a href=\"https:\/\/www.grandprix247.com\/2017\/03\/20\/letter-from-the-editor-keeping-the-comments-civil\/\" target=\"_blank\" rel=\"nofollow noopener noreferrer\">Co o mo\u017cliwo\u015bci komentowania m\u00f3wi wydawca i redaktor &#8222;GrandPrix247&#8221; Paul Velasco?<\/a><\/p>\n<blockquote><p>Z biegiem lat wok\u00f3\u0142 strony rozwin\u0119\u0142a si\u0119 spo\u0142eczno\u015b\u0107, a sekcja komentarzy jest miejscem, w kt\u00f3rym nasi czytelnicy zbieraj\u0105 si\u0119, aby strzela\u0107 na wiatr, da\u0107 upust sobie, dyskutowa\u0107, krytykowa\u0107, chwali\u0107, lamentowa\u0107&#8230; (&#8230;) Jako redaktorowi tej strony bardzo podoba mi si\u0119 fakt, \u017ce publikowane przez nas wiadomo\u015bci spotykaj\u0105 si\u0119 z wystarczaj\u0105c\u0105 reakcj\u0105, aby czytelnicy mogli je komentowa\u0107. Chcia\u0142bym, aby tak by\u0142o nadal i mam nadziej\u0119, \u017ce wi\u0119cej os\u00f3b zainspiruje si\u0119 do dzielenia si\u0119 swoimi przemy\u015bleniami. <\/p><\/blockquote>\n<p>Nie ma w\u0105tpliwo\u015bci, \u017ce jego pozytywne podej\u015bcie przyczyni\u0142o si\u0119 do zbudowania ogromnej i aktywnej publiczno\u015bci wok\u00f3\u0142 tre\u015bci i marki. Ale wci\u0105\u017c pozostaje jedno wa\u017cne pytanie bez odpowiedzi. <\/p>\n<h2>Jaka jest rola zaanga\u017cowanej spo\u0142eczno\u015bci w strategii monetyzacji?<\/h2>\n<p>Simon Owens, dziennikarz technologiczny i medialny, <a href=\"https:\/\/whatsnewinpublishing.com\/publishers-that-closed-their-comments-sections-made-a-colossal-mistake\" target=\"_blank\" rel=\"nofollow noopener noreferrer\">w jednym ze swoich artyku\u0142\u00f3w zamieszczonych na stronie &#8222;What&#8217;s new in publishing&#8221;<\/a> wyja\u015bnia to w nast\u0119puj\u0105cy spos\u00f3b: <\/p>\n<blockquote><p>Za\u0142\u00f3\u017cmy, \u017ce tylko 5 procent czytelnik\u00f3w zdecyduje si\u0119 zarejestrowa\u0107 i komentowa\u0107; ci czytelnicy b\u0119d\u0105 znacznie przewy\u017csza\u0107 swoj\u0105 wag\u0119 pod wzgl\u0119dem kierowania ruchu i przychod\u00f3w do Twojej witryny. To s\u0105 twoi g\u0142\u00f3wni ewangeli\u015bci, twoi stali klienci, twoi p\u0142ac\u0105cy subskrybenci. <\/p><\/blockquote>\n<p>Aby lepiej zilustrowa\u0107 sytuacj\u0119, podaje przyk\u0142ad &#8222;The New York Times&#8221;.<\/p>\n<blockquote><p>Obecnie jej cyfrowi subskrybenci stanowi\u0105 jedynie 3,6 procent miesi\u0119cznej widowni internetowej gazety, a jednak te 3,6 procent przynios\u0142o ponad 400 milion\u00f3w dolar\u00f3w przychod\u00f3w z subskrypcji w 2018 roku.<\/p><\/blockquote>\n<p>Pokazuje to, jak ogromna jest si\u0142a czytelnik\u00f3w online i jaka jest przewaga publikacji cyfrowej nad drukowan\u0105. Zatem dbanie o najbardziej zaanga\u017cowanych czytelnik\u00f3w jest warte inwestycji. <\/p>\n<p><strong>Pocz\u0105tkiem jest mo\u017cliwo\u015b\u0107 komentowania.<\/strong><\/p>\n<p>Przedstawiamy kr\u00f3tkie poradniki wyja\u015bniaj\u0105ce instalacj\u0119 komentarzy WordPress na przyk\u0142adzie narz\u0119dzi Disqus i Facebook Comments. Dzi\u0119ki nim Twoi czytelnicy b\u0119d\u0105 mogli w szybki i \u0142atwy spos\u00f3b komentowa\u0107 Twoje artyku\u0142y, a Ty zyskasz sekcj\u0119 dyskusyjn\u0105 o estetycznym wygl\u0105dzie i z opcj\u0105 moderacji. <\/p>\n<h2>System komentarzy Disqus na WordPressie<\/h2>\n<p>Disqus to platforma spo\u0142eczno\u015bciowa wykorzystywana przez r\u00f3\u017cnego rodzaju strony internetowe i blogi, umo\u017cliwiaj\u0105ca czytelnikom komentowanie tre\u015bci. System ten jest uzupe\u0142niony o integracj\u0119 z sieciami spo\u0142eczno\u015bciowymi, zaawansowan\u0105 administracj\u0119 i opcje moderacji. Disqus dzia\u0142a (i wygl\u0105da!) \u015bwietnie na r\u00f3\u017cnych platformach i obs\u0142uguje urz\u0105dzenia od stacjonarnych po mobilne. Dodanie tego narz\u0119dzia do witryny lub aplikacji zwi\u0119ksza bezpo\u015bredni ruch, czas sp\u0119dzony z tre\u015bci\u0105 i liczb\u0119 ods\u0142on na wizyt\u0119.   <\/p>\n<h3>Jak doda\u0107 wtyczk\u0119 Disqus do WordPressa?<\/h3>\n<p><strong>Uwaga:<\/strong> M\u00f3wimy o samodzielnie hostowanych witrynach <a href=\"https:\/\/wordpress.org\/\" target=\"_blank\" rel=\"nofollow noopener noreferrer\">WordPress.org<\/a>. Je\u015bli chcesz zainstalowa\u0107 Disqus na stronach <a href=\"https:\/\/wordpress.com\/\" target=\"_blank\" rel=\"nofollow noopener noreferrer\">WordPress.com<\/a>, <a href=\"https:\/\/help.disqus.com\/en\/articles\/1780359-can-disqus-be-used-on-wordpress-com-sites\" target=\"_blank\" rel=\"nofollow noopener noreferrer\">tutaj<\/a> znajdziesz instrukcje. <\/p>\n<p><strong>Krok 1. Utw\u00f3rz konto Disqus i zarejestruj swoj\u0105 witryn\u0119. <\/strong><\/p>\n<p>Przejd\u017a do strony <a href=\"https:\/\/disqus.com\/\" target=\"_blank\" rel=\"nofollow noopener noreferrer\">disqus.com<\/a> i kliknij &#8222;Rozpocznij&#8221;.<\/p>\n<p>Nast\u0119pnie utw\u00f3rz swoje konto. Wpisz: imi\u0119 i nazwisko, adres e-mail, has\u0142o (mo\u017cesz r\u00f3wnie\u017c zarejestrowa\u0107 si\u0119 za pomoc\u0105 kont w mediach spo\u0142eczno\u015bciowych). <\/p>\n<p>Zostaniesz poproszony o wybranie celu swojego konta: czy chcesz komentowa\u0107 witryny, czy chcesz, aby inni mogli komentowa\u0107 Twoj\u0105 witryn\u0119?<\/p>\n<p>Je\u015bli chcesz doda\u0107 Disqus do swojej witryny WordPress i umo\u017cliwi\u0107 ludziom pisanie komentarzy, wybierz: &#8222;Chc\u0119 zainstalowa\u0107 Disqus na mojej stronie&#8221;.<\/p>\n<p>Nast\u0119pnie wype\u0142nij wymagane pola: nazw\u0119 strony i jej kategori\u0119.<\/p>\n<figure id=\"attachment_4917\" aria-describedby=\"caption-attachment-4917\" style=\"width: 614px\" class=\"wp-caption aligncenter\"><img data-recalc-dims=\"1\" loading=\"lazy\" decoding=\"async\" class=\"aligncenter wp-image-5479 size-full\" src=\"https:\/\/i0.wp.com\/www.presspadapp.com\/blog\/wp-content\/uploads\/Disqus-installation.png?resize=614%2C372&#038;ssl=1\" alt=\"Jak doda\u0107 Disqus do strony internetowej\" width=\"614\" height=\"372\" srcset=\"https:\/\/i0.wp.com\/presspad.pl\/blog\/wp-content\/uploads\/Disqus-installation.png?w=614&amp;ssl=1 614w, https:\/\/i0.wp.com\/presspad.pl\/blog\/wp-content\/uploads\/Disqus-installation.png?resize=150%2C91&amp;ssl=1 150w, https:\/\/i0.wp.com\/presspad.pl\/blog\/wp-content\/uploads\/Disqus-installation.png?resize=300%2C182&amp;ssl=1 300w\" sizes=\"auto, (max-width: 614px) 100vw, 614px\" \/><figcaption id=\"caption-attachment-4917\" class=\"wp-caption-text\">Jeden z etap\u00f3w instalacji Disqus<\/figcaption><\/figure>\n<p>Zwr\u00f3\u0107 uwag\u0119 na nazw\u0119 strony &#8211; zawiera ona dwa elementy: &#8222;your shortname&#8221; + &#8222;disqus.com&#8221;. Twoja kr\u00f3tka nazwa zostanie u\u017cyta p\u00f3\u017aniej (patrz: Ustawienia wtyczek Disqus). <\/p>\n<p>Teraz musisz wybra\u0107 plan najlepiej odpowiadaj\u0105cy Twoim potrzebom: podstawowy, plus, pro, biznesowy.<\/p>\n<p>Po dokonaniu wyboru zobaczysz list\u0119 platform publikacyjnych, na kt\u00f3rych mo\u017cesz zainstalowa\u0107 Disqus. W\u015br\u00f3d nich s\u0105 Blogger, Tumblr, Drupal, Joomla, Weebly, Wix, Hubspot itp. <\/p>\n<p>Naszym celem jest WordPress. Po klikni\u0119ciu zobaczysz instrukcje instalacji. Poni\u017cej wyja\u015bniamy je krok po kroku.  <\/p>\n<p><strong>Krok 2. Pobierz i zainstaluj wtyczk\u0119 Disqus WordPress. <\/strong><\/p>\n<p>Przejd\u017a do swojego konta administratora WordPress.<\/p>\n<p>Z lewego paska bocznego wybierz Wtyczki &gt; Dodaj now\u0105.<\/p>\n<p>U\u017cyj pola wyszukiwania i wpisz &#8222;Disqus&#8221;.<\/p>\n<p>To, czego szukasz, b\u0119dzie na g\u00f3rze listy wynik\u00f3w: &#8222;Disqus Comment System&#8221;.<\/p>\n<p>Kliknij &#8222;Zainstaluj teraz&#8221;.<\/p>\n<p>Po kr\u00f3tkiej i szybkiej instalacji mo\u017cesz klikn\u0105\u0107 &#8222;Aktywuj&#8221;.<\/p>\n<p>Nowa wtyczka pojawi si\u0119 na lewym pasku bocznym.<\/p>\n<p><strong>Krok 3. Ustawienia wtyczek Disqus. <\/strong><\/p>\n<p>Kliknij now\u0105 wtyczk\u0119, aby przej\u015b\u0107 do strony ustawie\u0144.<\/p>\n<p>Istniej\u0105 dwie opcje instalacji Disqus: r\u0119czna (szybsza) i automatyczna (\u0142atwiejsza). Je\u015bli chcesz zaimportowa\u0107 istniej\u0105ce komentarze WordPress, zalecamy wybranie opcji automatycznej. <\/p>\n<p><strong>Metoda r\u0119czna<\/strong><\/p>\n<p>Upewnij si\u0119, \u017ce jeste\u015b teraz w ustawieniach wtyczki Disqus w WordPress (powiniene\u015b tam by\u0107 po klikni\u0119ciu nowej wtyczki na lewym pasku bocznym).<\/p>\n<p>W g\u00f3rnej cz\u0119\u015bci witryny znajduje si\u0119 pasek z &#8222;Instaluj&#8221; jako pierwsz\u0105 pozycj\u0105 od lewej; druga to &#8222;Konfiguracja witryny&#8221;. Wybierz t\u0119 drug\u0105. Nast\u0119pnie kliknij ikon\u0119 k\u0142\u00f3dki na dole strony, aby najpierw odblokowa\u0107 pola formularza.  <\/p>\n<p>Wpisz swoj\u0105 kr\u00f3tk\u0105 nazw\u0119 (jest to moment, w kt\u00f3rym potrzebujesz swojej kr\u00f3tkiej nazwy, o kt\u00f3rej m\u00f3wili\u015bmy wcze\u015bniej; przypomnij sobie, kiedy zarejestrowa\u0142e\u015b swoj\u0105 witryn\u0119 i utworzy\u0142e\u015b dwucz\u0119\u015bciow\u0105 nazw\u0119 witryny: &#8222;kr\u00f3tka nazwa&#8221; + &#8222;disqus.com&#8221;; u\u017cyj jej teraz).<\/p>\n<p>Kliknij &#8222;Zapisz&#8221;.<\/p>\n<p>To jest to, zrobi\u0142e\u015b to!<\/p>\n<p><strong>Metoda automatyczna<\/strong><\/p>\n<p>Upewnij si\u0119, \u017ce jeste\u015b teraz w ustawieniach wtyczki Disqus w WordPress (powiniene\u015b tam by\u0107 po klikni\u0119ciu nowej wtyczki na lewym pasku bocznym).<\/p>\n<p>Na g\u00f3rze strony znajduje si\u0119 pasek z napisem &#8222;Zainstaluj&#8221; jako pierwsz\u0105 pozycj\u0105 od lewej. Nale\u017cy go klikn\u0105\u0107. <\/p>\n<p>Oto pytania, na kt\u00f3re b\u0119dziesz musia\u0142 odpowiedzie\u0107 w tym momencie:<\/p>\n<ul>\n<li>Czy masz konto Disqus? (Je\u015bli pomy\u015blnie przeszed\u0142e\u015b przez &#8222;Krok 1&#8221;, mo\u017cesz klikn\u0105\u0107 &#8222;tak&#8221;). <\/li>\n<li>Czy masz witryn\u0119 zarejestrowan\u0105 w serwisie Disqus, z kt\u00f3rej chcesz korzysta\u0107? (Jak wy\u017cej.) <\/li>\n<\/ul>\n<p>Nast\u0119pnie zobaczysz cztery kroki:<\/p>\n<ol>\n<li>Przejd\u017a do strony instalacji WordPress.<\/li>\n<li>Po wy\u015bwietleniu monitu wybierz witryn\u0119 Disqus, z kt\u00f3rej chcesz korzysta\u0107.<\/li>\n<li>W razie potrzeby skopiuj poni\u017cszy token synchronizacji i wklej go do pola wprowadzania na stronie instalacji.<\/li>\n<li>Kliknij przycisk instalacji i zako\u0144cz konfiguracj\u0119 ustawie\u0144 Disqus.<\/li>\n<li>Zostanie wy\u015bwietlony komunikat informuj\u0105cy o pomy\u015blnej instalacji.<\/li>\n<\/ol>\n<p><strong>Krok 4. Przedyskutujmy to! <\/strong><\/p>\n<p>Przejd\u017a do jednego ze swoich artyku\u0142\u00f3w w witrynie. Przewi\u0144 w d\u00f3\u0142. Opublikuj komentarz, aby upewni\u0107 si\u0119, \u017ce wszystko jest w porz\u0105dku.  <\/p>\n<h2>Komentarze na Facebooku w WordPress<\/h2>\n<p>Jest to po\u0142\u0105czenie medi\u00f3w spo\u0142eczno\u015bciowych i zaanga\u017cowania w komentowanie w jednym miejscu, a naj\u0142atwiejszym sposobem komentowania jest u\u017cywanie post\u00f3w. Dlaczego naj\u0142atwiejszy? Je\u015bli zainstalujesz wtyczk\u0119, ludzie b\u0119d\u0105 mogli komentowa\u0107 Twoje tre\u015bci bez rejestracji, u\u017cywaj\u0105c swoich kont na Facebooku. Pozwala im to r\u00f3wnie\u017c dzieli\u0107 si\u0119 swoimi komentarzami z przyjaci\u00f3\u0142mi (i przyjaci\u00f3\u0142mi ich przyjaci\u00f3\u0142) na Facebooku.   <\/p>\n<h3>Jak doda\u0107 komentarze z Facebooka do strony WordPress?<\/h3>\n<p>Przedstawimy teraz jeden ze sposob\u00f3w, kt\u00f3rym jest instalacja wtyczki. Wystarczy utworzy\u0107 Facebook App ID i u\u017cy\u0107 go na swojej stronie internetowej. <\/p>\n<p><strong>Instalacja wtyczki<\/strong><\/p>\n<p>Przejd\u017a do pulpitu nawigacyjnego WordPress. Z lewego paska bocznego wybierz Wtyczki &gt; Dodaj now\u0105. <\/p>\n<p>Wpisz &#8222;komentarze na Facebooku&#8221; w polu wyszukiwania.<\/p>\n<p>Zobaczysz, jak wiele r\u00f3\u017cnych wtyczek mo\u017cesz wybra\u0107.<\/p>\n<figure id=\"attachment_4917\" aria-describedby=\"caption-attachment-4917\" style=\"width: 1719px\" class=\"wp-caption aligncenter\"><a href=\"book%20Com\"><img data-recalc-dims=\"1\" loading=\"lazy\" decoding=\"async\" class=\"aligncenter size-full wp-image-5480\" src=\"https:\/\/i0.wp.com\/www.presspadapp.com\/blog\/wp-content\/uploads\/Facebook-Comments-plugins.png?resize=1719%2C858&#038;ssl=1\" alt=\"Jak doda\u0107 wtyczk\u0119 Facebook Comments do WordPressa?\" width=\"1719\" height=\"858\" srcset=\"https:\/\/i0.wp.com\/presspad.pl\/blog\/wp-content\/uploads\/Facebook-Comments-plugins.png?w=1719&amp;ssl=1 1719w, https:\/\/i0.wp.com\/presspad.pl\/blog\/wp-content\/uploads\/Facebook-Comments-plugins.png?resize=150%2C75&amp;ssl=1 150w, https:\/\/i0.wp.com\/presspad.pl\/blog\/wp-content\/uploads\/Facebook-Comments-plugins.png?resize=300%2C150&amp;ssl=1 300w, https:\/\/i0.wp.com\/presspad.pl\/blog\/wp-content\/uploads\/Facebook-Comments-plugins.png?resize=1024%2C511&amp;ssl=1 1024w\" sizes=\"auto, (max-width: 1000px) 100vw, 1000px\" \/><\/a><figcaption id=\"caption-attachment-4917\" class=\"wp-caption-text\">Wtyczki komentarzy na Facebooku dla WordPress<\/figcaption><\/figure>\n<p>Poka\u017cemy proces instalacji na przyk\u0142adzie &#8222;WpDevArt Social comments&#8221;.<br \/>\nMo\u017cesz znale\u017a\u0107 t\u0119 nazw\u0119 w\u015br\u00f3d wszystkich otrzymanych wtyczek lub ponownie u\u017cy\u0107 pola wyszukiwania. Gdy znajdziesz odpowiedni\u0105 wtyczk\u0119, kliknij &#8222;Zainstaluj teraz&#8221;, a nast\u0119pnie &#8222;Aktywuj&#8221;. <\/p>\n<p><strong>Konfiguracja wtyczki<\/strong><\/p>\n<p>Nast\u0119pnie nale\u017cy skonfigurowa\u0107 wtyczk\u0119. Wymaga ona identyfikatora Facebook App ID, wi\u0119c nale\u017cy go utworzy\u0107. <\/p>\n<p>Kliknij <a href=\"https:\/\/developers.facebook.com\/apps\" target=\"_blank\" rel=\"nofollow noopener noreferrer\">tutaj<\/a>, aby to zrobi\u0107 (upewnij si\u0119, \u017ce jeste\u015b zalogowany na swoje konto na Facebooku).<\/p>\n<p>Musisz wype\u0142ni\u0107 dwa pola: wy\u015bwietlan\u0105 nazw\u0119 i kontaktowy adres e-mail.<\/p>\n<p>Nast\u0119pnie kliknij przycisk &#8222;Create App ID&#8221;.<\/p>\n<p>Po zako\u0144czeniu procesu uzyskaj identyfikator aplikacji. Skopiuj Add ID, b\u0119dziesz go potrzebowa\u0107 za chwil\u0119. Uruchom aplikacj\u0119, post\u0119puj\u0105c zgodnie z wymaganymi kryteriami.  <\/p>\n<ol>\n<li>Przejd\u017a do &#8222;Komentarzy na Facebooku&#8221; na pulpicie nawigacyjnym (ta nowa wtyczka b\u0119dzie widoczna na lewym pasku). Zobaczysz ustawienia pola komentarzy. <\/li>\n<li>Kliknij i wklej identyfikator aplikacji u g\u00f3ry.<\/li>\n<li>Na dole strony mo\u017cesz zaznaczy\u0107\/odznaczy\u0107 miejsca, w kt\u00f3rych mog\u0105 by\u0107 wy\u015bwietlane komentarze: strona g\u0142\u00f3wna, post, strona. Wybierz co chcesz i zapisz zmiany. <\/li>\n<\/ol>\n<p>Je\u015bli zaznaczy\u0142e\u015b opcj\u0119 &#8222;post&#8221; podczas konfigurowania wtyczki (przed chwil\u0105), mo\u017cesz przej\u015b\u0107 do jednego ze swoich artyku\u0142\u00f3w, aby sprawdzi\u0107, czy wszystko dzia\u0142a.<\/p>\n<h2>Czy korzystasz z sekcji komentarzy WordPress na swojej stronie internetowej?<\/h2>\n<p>To naturalne, \u017ce ludzie b\u0119d\u0105 r\u00f3wnie\u017c chcieli debatowa\u0107 w Twojej aplikacji! Dzi\u0119ki tej funkcji Twoi mobilni czytelnicy mog\u0105 dzieli\u0107 si\u0119 swoimi przemy\u015bleniami i dyskutowa\u0107 o artyku\u0142ach w czasie rzeczywistym, bezpo\u015brednio ze swoich smartfon\u00f3w. <\/p>\n<p>Ludzie to uwielbiaj\u0105!<\/p>\n<p>&#8222;GrandPrix247&#8221;, o kt\u00f3rym wspomnieli\u015bmy wcze\u015bniej, jest jednym z przyk\u0142ad\u00f3w, kt\u00f3re to potwierdzaj\u0105. Ich fani s\u0105 aktywni w aplikacji mobilnej tak samo jak na stronie internetowej. Wystarczy spojrze\u0107, jak zat\u0142oczona jest sekcja komentarzy w aplikacji, jak zaanga\u017cowani s\u0105 ich mobilni czytelnicy i jak dog\u0142\u0119bne komentarze pisz\u0105 (komentarze, kt\u00f3re prezentujemy poni\u017cej, s\u0105 sortowane wed\u0142ug najnowszych od daty publikacji artyku\u0142u, ale istnieje mo\u017cliwo\u015b\u0107 przeczytania ich wed\u0142ug najlepszych lub najstarszych).  <\/p>\n<figure id=\"attachment_5481\" aria-describedby=\"caption-attachment-5481\" style=\"width: 300px\" class=\"wp-caption aligncenter\"><img data-recalc-dims=\"1\" loading=\"lazy\" decoding=\"async\" class=\"wp-image-5481 size-full\" src=\"https:\/\/i0.wp.com\/www.presspadapp.com\/blog\/wp-content\/uploads\/comments-section-in-the-news-app-e1571214447647.jpg?resize=300%2C617&#038;ssl=1\" alt=\"PressPad News obs\u0142uguje sekcje komentarzy\" width=\"300\" height=\"617\"><figcaption id=\"caption-attachment-5481\" class=\"wp-caption-text\"><a href=\"https:\/\/play.google.com\/store\/apps\/details?id=com.presspadnews.grandprix247&amp;hl=en_US\" target=\"_blank\" rel=\"nofollow noopener noreferrer\">Sekcja komentarzy w aplikacji informacyjnej GrandPrix247<\/a><\/figcaption><\/figure>\n<fieldset>\n<legend><strong>Czy wiesz, \u017ce&#8230;<\/strong><\/legend>\n<p><strong>PressPad News<\/strong> (rozwi\u0105zanie aplikacji mobilnych dla wydawc\u00f3w WordPress) domy\u015blnie umo\u017cliwia integracj\u0119 mobiln\u0105 Disqus i Facebook Comments, bez dodatkowej instalacji? Twoja aplikacja b\u0119dzie wyposa\u017cona w wybran\u0105 przez Ciebie platform\u0119 komentowania. Sprawd\u017a inne <a href=\"https:\/\/www.presspadapp.com\/news-apps\/\">dodatkowe funkcje PressPad News.<\/a>  <\/fieldset>\n<h3>&#8211; Co je\u015bli nikt nie b\u0119dzie chcia\u0142 pisa\u0107 komentarzy pod moimi artyku\u0142ami?<\/h3>\n<p>Zach\u0119\u0107 czytelnik\u00f3w do dzielenia si\u0119 swoimi przemy\u015bleniami! Zobacz, jak robi\u0105 to najlepsi. <\/p>\n<p>&#8222;Washington Post&#8221; prowadzi rodzaj biuletynu o nazwie <a href=\"https:\/\/www.washingtonpost.com\/news\/ask-the-post\/wp\/2017\/01\/11\/read-these-comments-were-launching-a-newsletter-dedicated-to-the-best-reader-comments\/\" target=\"_blank\" rel=\"nofollow noopener noreferrer\">&#8222;Przeczytaj te komentarze&#8221;.<\/a> Co si\u0119 w nim znajduje? Najlepsze komentarze na stronie i dyskusje na r\u00f3\u017cne tematy. O co chodzi? Akcja ta jest \u015bwietnym sposobem na zach\u0119cenie czytelnik\u00f3w do przy\u0142\u0105czenia si\u0119 do dyskusji. Kto wie, ilu subskrybent\u00f3w zacz\u0119\u0142o w ten spos\u00f3b.     <\/p>\n<p>Dobr\u0105 praktyk\u0105 jest r\u00f3wnie\u017c proszenie ludzi o opinie, odpowiadanie na pytania czytelnik\u00f3w lub po prostu okazywanie zaanga\u017cowania ze strony wydawc\u00f3w: reakcje, kr\u00f3tkie wiadomo\u015bci lub po prostu podzi\u0119kowania.<\/p>\n<h2>Si\u0142\u0105 wydawc\u00f3w cyfrowych jest zaanga\u017cowanie ich czytelnik\u00f3w<\/h2>\n<p>B\u0105d\u017amy szczerzy. Nie ka\u017cdy, kto odwiedza Twoj\u0105 stron\u0119, chcia\u0142by od razu inwestowa\u0107 sw\u00f3j czas w rejestracj\u0119 i pisanie komentarzy. Ale je\u015bli kto\u015b zaanga\u017cuje si\u0119 w Twoj\u0105 platform\u0119 wydawnicz\u0105, najprawdopodobniej b\u0119dzie cz\u0119\u015bciej odwiedza\u0142 Twoj\u0105 witryn\u0119, pozostanie d\u0142u\u017cej z Twoimi artyku\u0142ami, a z czasem b\u0119dzie chcia\u0142 by\u0107 cz\u0119\u015bci\u0105 spo\u0142eczno\u015bci wspieraj\u0105cej mark\u0119, kt\u00f3rej ufa.  <\/p>\n<p>Dodaj\u0105c komentarze WordPress do swojej witryny, bloga lub aplikacji mobilnej, mo\u017cesz budowa\u0107 zaanga\u017cowane spo\u0142eczno\u015bci, podsyca\u0107 konwersacje, poznawa\u0107 swoich odbiorc\u00f3w, jednocze\u015bnie skutecznie moderuj\u0105c dyskusje.<\/p>\n<p>Je\u015bli chcesz zobaczy\u0107, jak to dzia\u0142a od strony czytelnik\u00f3w, po prostu napisz komentarz poni\u017cej. Ch\u0119tnie dowiemy si\u0119, jaki jest Tw\u00f3j spos\u00f3b na zaanga\u017cowanie czytelnik\u00f3w, co s\u0105dzisz o naszym artykule lub po prostu jak sobie radzisz. <\/p>\n","protected":false},"excerpt":{"rendered":"<p>Generowanie przychod\u00f3w z publikacji cyfrowych przesz\u0142o od modelu skoncentrowanego na reklamach do strategii monetyzacji opartych na p\u0142atnych subskrypcjach i paywallach. Dla wydawc\u00f3w zmiana ta oznacza konieczno\u015b\u0107 skoncentrowania si\u0119 na budowaniu spo\u0142eczno\u015bci internetowej skupionej wok\u00f3\u0142 ich tre\u015bci. Celem jest przekszta\u0142cenie anga\u017cuj\u0105cych czytelnik\u00f3w w p\u0142ac\u0105cych subskrybent\u00f3w. W\u0142\u0105czenie sekcji komentarzy WordPress, dost\u0119pnej zar\u00f3wno na komputerze, jak i w aplikacji mobilnej, mo\u017ce pom\u00f3c w osi\u0105gni\u0119ciu tego celu. Ka\u017cdy, kto cho\u0107 raz pokusi\u0142 si\u0119 o przeczytanie dyskusji w Internecie pod dowolnym artyku\u0142em, mo\u017ce zrozumie\u0107, dlaczego niekt\u00f3rzy wydawcy decyduj\u0105 si\u0119 na wy\u0142\u0105czenie komentarzy. Powody wydaj\u0105 si\u0119 do\u015b\u0107 oczywiste: obawa przed mow\u0105 nienawi\u015bci, nieuzasadnion\u0105 krytyk\u0105 czy po prostu niegrzecznymi wypowiedziami. Ci\u0105g\u0142y proces moderacji wymaga dodatkowej pracy i nierzadko zatrudnienia nowych pracownik\u00f3w. \u0141atwiej jest zamkn\u0105\u0107 sekcj\u0119 komentarzy lub&#8230; przenie\u015b\u0107 dyskusj\u0119 do kana\u0142\u00f3w spo\u0142eczno\u015bciowych. Druga opcja oznacza dobrowoln\u0105 rezygnacj\u0119 z utrzymywania czytelnik\u00f3w na stronach wydawc\u00f3w i oddanie ich w r\u0119ce technologicznych gigant\u00f3w. Mo\u017cliwo\u015b\u0107 pisania (i czytania!) komentarzy to nie tylko udzia\u0142 w dyskusji z autorem czy innymi osobami. To rozszerzenie artyku\u0142u, podniesienie warto\u015bci dziennikarskiej i wreszcie przekszta\u0142cenie biernych czytelnik\u00f3w w aktywnych, co ma ogromny wp\u0142yw na budowanie poczucia przynale\u017cno\u015bci do grupy. St\u0105d ju\u017c bardzo kr\u00f3tka droga do zaufania marce i pozostania z tre\u015bciami na d\u0142u\u017cej, co zaowocuje subskrypcj\u0105 i<\/p>\n<div class=\"more-link-wrapper\"><a class=\"more-link\" href=\"https:\/\/presspad.pl\/blog\/jak-dodac-sekcje-komentarzy-wordpress-do-swojej-witryny\/\">Kontynuuj czytanie<span class=\"screen-reader-text\">Jak Doda\u0107 Sekcj\u0119 Komentarzy WordPress Do Swojej Witryny?<\/span><\/a><\/div>\n","protected":false},"author":11,"featured_media":9158,"comment_status":"open","ping_status":"open","sticky":false,"template":"","format":"standard","meta":{"rop_custom_images_group":[],"rop_custom_messages_group":[],"rop_publish_now":"initial","rop_publish_now_accounts":{"twitter_333942694_333942694":"","facebook_10225713837976523_125907484158583":""},"rop_publish_now_history":[],"rop_publish_now_status":"pending","_jetpack_newsletter_access":"","_jetpack_dont_email_post_to_subs":false,"_jetpack_newsletter_tier_id":0,"_jetpack_memberships_contains_paywalled_content":false,"_jetpack_memberships_contains_paid_content":false,"footnotes":""},"categories":[277,295],"tags":[402,400,448,399],"class_list":["post-9589","post","type-post","status-publish","format-standard","has-post-thumbnail","hentry","category-publikacja-cyfrowa","category-publikowanie-magazynow-cyfrowych","tag-aplikacje-informacyjne","tag-blog-pl","tag-komentarze","tag-wordpress-pl","entry"],"yoast_head":"<!-- This site is optimized with the Yoast SEO plugin v27.5 - https:\/\/yoast.com\/product\/yoast-seo-wordpress\/ -->\n<title>Jak Doda\u0107 Sekcj\u0119 Komentarzy WordPress Do Swojej Witryny?<\/title>\n<meta name=\"description\" content=\"Dowiedz si\u0119, jak doda\u0107 sekcj\u0119 komentarzy WordPress do swojej witryny, bloga i aplikacji mobilnej. Zaanga\u017cuj swoich czytelnik\u00f3w i zamie\u0144 ich w subskrybent\u00f3w.\" \/>\n<meta name=\"robots\" content=\"index, follow, max-snippet:-1, max-image-preview:large, max-video-preview:-1\" \/>\n<link rel=\"canonical\" href=\"https:\/\/presspad.pl\/blog\/jak-dodac-sekcje-komentarzy-wordpress-do-swojej-witryny\/\" \/>\n<meta property=\"og:locale\" content=\"pl_PL\" \/>\n<meta property=\"og:type\" content=\"article\" \/>\n<meta property=\"og:title\" content=\"Jak Doda\u0107 Sekcj\u0119 Komentarzy WordPress Do Swojej Witryny?\" \/>\n<meta property=\"og:url\" content=\"https:\/\/presspad.pl\/blog\/jak-dodac-sekcje-komentarzy-wordpress-do-swojej-witryny\/\" \/>\n<meta property=\"og:site_name\" content=\"Blog po\u015bwi\u0119cony publikacjom cyfrowym prowadzony przez PressPad\" \/>\n<meta property=\"article:publisher\" content=\"https:\/\/www.facebook.com\/presspad\" \/>\n<meta property=\"article:published_time\" content=\"2019-10-16T08:47:01+00:00\" \/>\n<meta property=\"article:modified_time\" content=\"2025-03-24T12:29:47+00:00\" \/>\n<meta property=\"og:image\" content=\"https:\/\/i0.wp.com\/presspad.pl\/blog\/wp-content\/uploads\/How-to-Add-a-WordPress-Comments-Section-to-Your-Website.jpg?fit=1200%2C800&ssl=1\" \/>\n\t<meta property=\"og:image:width\" content=\"1200\" \/>\n\t<meta property=\"og:image:height\" content=\"800\" \/>\n\t<meta property=\"og:image:type\" content=\"image\/jpeg\" \/>\n<meta name=\"author\" content=\"Paulina Kubala-Chuchnowska\" \/>\n<meta name=\"twitter:card\" content=\"summary_large_image\" \/>\n<meta name=\"twitter:creator\" content=\"@p_chuchnowska\" \/>\n<meta name=\"twitter:site\" content=\"@presspadapp\" \/>\n<meta name=\"twitter:label1\" content=\"Napisane przez\" \/>\n\t<meta name=\"twitter:data1\" content=\"Paulina Kubala-Chuchnowska\" \/>\n\t<meta name=\"twitter:label2\" content=\"Szacowany czas czytania\" \/>\n\t<meta name=\"twitter:data2\" content=\"11 minut\" \/>\n<script type=\"application\/ld+json\" class=\"yoast-schema-graph\">{\"@context\":\"https:\\\/\\\/schema.org\",\"@graph\":[{\"@type\":\"Article\",\"@id\":\"https:\\\/\\\/presspad.pl\\\/blog\\\/jak-dodac-sekcje-komentarzy-wordpress-do-swojej-witryny\\\/#article\",\"isPartOf\":{\"@id\":\"https:\\\/\\\/presspad.pl\\\/blog\\\/jak-dodac-sekcje-komentarzy-wordpress-do-swojej-witryny\\\/\"},\"author\":{\"name\":\"Paulina Kubala-Chuchnowska\",\"@id\":\"https:\\\/\\\/presspad.pl\\\/blog\\\/#\\\/schema\\\/person\\\/d6c7995b8875dd268900d7b512623a72\"},\"headline\":\"Jak Doda\u0107 Sekcj\u0119 Komentarzy WordPress Do Swojej Witryny?\",\"datePublished\":\"2019-10-16T08:47:01+00:00\",\"dateModified\":\"2025-03-24T12:29:47+00:00\",\"mainEntityOfPage\":{\"@id\":\"https:\\\/\\\/presspad.pl\\\/blog\\\/jak-dodac-sekcje-komentarzy-wordpress-do-swojej-witryny\\\/\"},\"wordCount\":2293,\"commentCount\":0,\"publisher\":{\"@id\":\"https:\\\/\\\/presspad.pl\\\/blog\\\/#organization\"},\"image\":{\"@id\":\"https:\\\/\\\/presspad.pl\\\/blog\\\/jak-dodac-sekcje-komentarzy-wordpress-do-swojej-witryny\\\/#primaryimage\"},\"thumbnailUrl\":\"https:\\\/\\\/i0.wp.com\\\/presspad.pl\\\/blog\\\/wp-content\\\/uploads\\\/How-to-Add-a-WordPress-Comments-Section-to-Your-Website.jpg?fit=1200%2C800&ssl=1\",\"keywords\":[\"aplikacje informacyjne\",\"blog\",\"komentarze\",\"wordpress\"],\"articleSection\":[\"Publikacja cyfrowa\",\"publikowanie magazyn\u00f3w cyfrowych\"],\"inLanguage\":\"pl-PL\",\"potentialAction\":[{\"@type\":\"CommentAction\",\"name\":\"Comment\",\"target\":[\"https:\\\/\\\/presspad.pl\\\/blog\\\/jak-dodac-sekcje-komentarzy-wordpress-do-swojej-witryny\\\/#respond\"]}]},{\"@type\":\"WebPage\",\"@id\":\"https:\\\/\\\/presspad.pl\\\/blog\\\/jak-dodac-sekcje-komentarzy-wordpress-do-swojej-witryny\\\/\",\"url\":\"https:\\\/\\\/presspad.pl\\\/blog\\\/jak-dodac-sekcje-komentarzy-wordpress-do-swojej-witryny\\\/\",\"name\":\"Jak Doda\u0107 Sekcj\u0119 Komentarzy WordPress Do Swojej Witryny?\",\"isPartOf\":{\"@id\":\"https:\\\/\\\/presspad.pl\\\/blog\\\/#website\"},\"primaryImageOfPage\":{\"@id\":\"https:\\\/\\\/presspad.pl\\\/blog\\\/jak-dodac-sekcje-komentarzy-wordpress-do-swojej-witryny\\\/#primaryimage\"},\"image\":{\"@id\":\"https:\\\/\\\/presspad.pl\\\/blog\\\/jak-dodac-sekcje-komentarzy-wordpress-do-swojej-witryny\\\/#primaryimage\"},\"thumbnailUrl\":\"https:\\\/\\\/i0.wp.com\\\/presspad.pl\\\/blog\\\/wp-content\\\/uploads\\\/How-to-Add-a-WordPress-Comments-Section-to-Your-Website.jpg?fit=1200%2C800&ssl=1\",\"datePublished\":\"2019-10-16T08:47:01+00:00\",\"dateModified\":\"2025-03-24T12:29:47+00:00\",\"description\":\"Dowiedz si\u0119, jak doda\u0107 sekcj\u0119 komentarzy WordPress do swojej witryny, bloga i aplikacji mobilnej. Zaanga\u017cuj swoich czytelnik\u00f3w i zamie\u0144 ich w subskrybent\u00f3w.\",\"breadcrumb\":{\"@id\":\"https:\\\/\\\/presspad.pl\\\/blog\\\/jak-dodac-sekcje-komentarzy-wordpress-do-swojej-witryny\\\/#breadcrumb\"},\"inLanguage\":\"pl-PL\",\"potentialAction\":[{\"@type\":\"ReadAction\",\"target\":[\"https:\\\/\\\/presspad.pl\\\/blog\\\/jak-dodac-sekcje-komentarzy-wordpress-do-swojej-witryny\\\/\"]}]},{\"@type\":\"ImageObject\",\"inLanguage\":\"pl-PL\",\"@id\":\"https:\\\/\\\/presspad.pl\\\/blog\\\/jak-dodac-sekcje-komentarzy-wordpress-do-swojej-witryny\\\/#primaryimage\",\"url\":\"https:\\\/\\\/i0.wp.com\\\/presspad.pl\\\/blog\\\/wp-content\\\/uploads\\\/How-to-Add-a-WordPress-Comments-Section-to-Your-Website.jpg?fit=1200%2C800&ssl=1\",\"contentUrl\":\"https:\\\/\\\/i0.wp.com\\\/presspad.pl\\\/blog\\\/wp-content\\\/uploads\\\/How-to-Add-a-WordPress-Comments-Section-to-Your-Website.jpg?fit=1200%2C800&ssl=1\",\"width\":1200,\"height\":800},{\"@type\":\"BreadcrumbList\",\"@id\":\"https:\\\/\\\/presspad.pl\\\/blog\\\/jak-dodac-sekcje-komentarzy-wordpress-do-swojej-witryny\\\/#breadcrumb\",\"itemListElement\":[{\"@type\":\"ListItem\",\"position\":1,\"name\":\"Strona g\u0142\u00f3wna\",\"item\":\"https:\\\/\\\/presspad.pl\\\/blog\\\/\"},{\"@type\":\"ListItem\",\"position\":2,\"name\":\"Publikacja cyfrowa\",\"item\":\"https:\\\/\\\/presspad.pl\\\/blog\\\/category\\\/publikacja-cyfrowa\\\/\"},{\"@type\":\"ListItem\",\"position\":3,\"name\":\"Jak Doda\u0107 Sekcj\u0119 Komentarzy WordPress Do Swojej Witryny?\"}]},{\"@type\":\"WebSite\",\"@id\":\"https:\\\/\\\/presspad.pl\\\/blog\\\/#website\",\"url\":\"https:\\\/\\\/presspad.pl\\\/blog\\\/\",\"name\":\"Blog po\u015bwi\u0119cony publikacjom cyfrowym prowadzony przez PressPad\",\"description\":\"Blog o publikacjach cyfrowych; Aplikacje dla czasopism i porady marketingowe PressPad\",\"publisher\":{\"@id\":\"https:\\\/\\\/presspad.pl\\\/blog\\\/#organization\"},\"potentialAction\":[{\"@type\":\"SearchAction\",\"target\":{\"@type\":\"EntryPoint\",\"urlTemplate\":\"https:\\\/\\\/presspad.pl\\\/blog\\\/?s={search_term_string}\"},\"query-input\":{\"@type\":\"PropertyValueSpecification\",\"valueRequired\":true,\"valueName\":\"search_term_string\"}}],\"inLanguage\":\"pl-PL\"},{\"@type\":\"Organization\",\"@id\":\"https:\\\/\\\/presspad.pl\\\/blog\\\/#organization\",\"name\":\"PressPad\",\"url\":\"https:\\\/\\\/presspad.pl\\\/blog\\\/\",\"logo\":{\"@type\":\"ImageObject\",\"inLanguage\":\"pl-PL\",\"@id\":\"https:\\\/\\\/presspad.pl\\\/blog\\\/#\\\/schema\\\/logo\\\/image\\\/\",\"url\":\"https:\\\/\\\/i0.wp.com\\\/presspad.pl\\\/blog\\\/wp-content\\\/uploads\\\/2013\\\/10\\\/PressPad_LOGO_main_horizontal_gradient.png?fit=800%2C300&ssl=1\",\"contentUrl\":\"https:\\\/\\\/i0.wp.com\\\/presspad.pl\\\/blog\\\/wp-content\\\/uploads\\\/2013\\\/10\\\/PressPad_LOGO_main_horizontal_gradient.png?fit=800%2C300&ssl=1\",\"width\":800,\"height\":300,\"caption\":\"PressPad\"},\"image\":{\"@id\":\"https:\\\/\\\/presspad.pl\\\/blog\\\/#\\\/schema\\\/logo\\\/image\\\/\"},\"sameAs\":[\"https:\\\/\\\/www.facebook.com\\\/presspad\",\"https:\\\/\\\/x.com\\\/presspadapp\",\"https:\\\/\\\/www.instagram.com\\\/presspadapp\\\/\",\"https:\\\/\\\/www.linkedin.com\\\/company\\\/2033158\",\"https:\\\/\\\/www.pinterest.com\\\/presspad\\\/\",\"https:\\\/\\\/www.youtube.com\\\/user\\\/presspad\"]},{\"@type\":\"Person\",\"@id\":\"https:\\\/\\\/presspad.pl\\\/blog\\\/#\\\/schema\\\/person\\\/d6c7995b8875dd268900d7b512623a72\",\"name\":\"Paulina Kubala-Chuchnowska\",\"image\":{\"@type\":\"ImageObject\",\"inLanguage\":\"pl-PL\",\"@id\":\"https:\\\/\\\/secure.gravatar.com\\\/avatar\\\/560ac22b605fd59a297bfc30fdcebb22279a082d1e6dd530ce293a512199f098?s=96&r=g\",\"url\":\"https:\\\/\\\/secure.gravatar.com\\\/avatar\\\/560ac22b605fd59a297bfc30fdcebb22279a082d1e6dd530ce293a512199f098?s=96&r=g\",\"contentUrl\":\"https:\\\/\\\/secure.gravatar.com\\\/avatar\\\/560ac22b605fd59a297bfc30fdcebb22279a082d1e6dd530ce293a512199f098?s=96&r=g\",\"caption\":\"Paulina Kubala-Chuchnowska\"},\"description\":\"www.presspadapp.com\",\"sameAs\":[\"https:\\\/\\\/www.presspadapp.com\\\/blog\",\"https:\\\/\\\/x.com\\\/p_chuchnowska\"],\"url\":\"https:\\\/\\\/presspad.pl\\\/blog\\\/author\\\/paulina\\\/\"}]}<\/script>\n<!-- \/ Yoast SEO plugin. -->","yoast_head_json":{"title":"Jak Doda\u0107 Sekcj\u0119 Komentarzy WordPress Do Swojej Witryny?","description":"Dowiedz si\u0119, jak doda\u0107 sekcj\u0119 komentarzy WordPress do swojej witryny, bloga i aplikacji mobilnej. Zaanga\u017cuj swoich czytelnik\u00f3w i zamie\u0144 ich w subskrybent\u00f3w.","robots":{"index":"index","follow":"follow","max-snippet":"max-snippet:-1","max-image-preview":"max-image-preview:large","max-video-preview":"max-video-preview:-1"},"canonical":"https:\/\/presspad.pl\/blog\/jak-dodac-sekcje-komentarzy-wordpress-do-swojej-witryny\/","og_locale":"pl_PL","og_type":"article","og_title":"Jak Doda\u0107 Sekcj\u0119 Komentarzy WordPress Do Swojej Witryny?","og_url":"https:\/\/presspad.pl\/blog\/jak-dodac-sekcje-komentarzy-wordpress-do-swojej-witryny\/","og_site_name":"Blog po\u015bwi\u0119cony publikacjom cyfrowym prowadzony przez PressPad","article_publisher":"https:\/\/www.facebook.com\/presspad","article_published_time":"2019-10-16T08:47:01+00:00","article_modified_time":"2025-03-24T12:29:47+00:00","og_image":[{"width":1200,"height":800,"url":"https:\/\/i0.wp.com\/presspad.pl\/blog\/wp-content\/uploads\/How-to-Add-a-WordPress-Comments-Section-to-Your-Website.jpg?fit=1200%2C800&ssl=1","type":"image\/jpeg"}],"author":"Paulina Kubala-Chuchnowska","twitter_card":"summary_large_image","twitter_creator":"@p_chuchnowska","twitter_site":"@presspadapp","twitter_misc":{"Napisane przez":"Paulina Kubala-Chuchnowska","Szacowany czas czytania":"11 minut"},"schema":{"@context":"https:\/\/schema.org","@graph":[{"@type":"Article","@id":"https:\/\/presspad.pl\/blog\/jak-dodac-sekcje-komentarzy-wordpress-do-swojej-witryny\/#article","isPartOf":{"@id":"https:\/\/presspad.pl\/blog\/jak-dodac-sekcje-komentarzy-wordpress-do-swojej-witryny\/"},"author":{"name":"Paulina Kubala-Chuchnowska","@id":"https:\/\/presspad.pl\/blog\/#\/schema\/person\/d6c7995b8875dd268900d7b512623a72"},"headline":"Jak Doda\u0107 Sekcj\u0119 Komentarzy WordPress Do Swojej Witryny?","datePublished":"2019-10-16T08:47:01+00:00","dateModified":"2025-03-24T12:29:47+00:00","mainEntityOfPage":{"@id":"https:\/\/presspad.pl\/blog\/jak-dodac-sekcje-komentarzy-wordpress-do-swojej-witryny\/"},"wordCount":2293,"commentCount":0,"publisher":{"@id":"https:\/\/presspad.pl\/blog\/#organization"},"image":{"@id":"https:\/\/presspad.pl\/blog\/jak-dodac-sekcje-komentarzy-wordpress-do-swojej-witryny\/#primaryimage"},"thumbnailUrl":"https:\/\/i0.wp.com\/presspad.pl\/blog\/wp-content\/uploads\/How-to-Add-a-WordPress-Comments-Section-to-Your-Website.jpg?fit=1200%2C800&ssl=1","keywords":["aplikacje informacyjne","blog","komentarze","wordpress"],"articleSection":["Publikacja cyfrowa","publikowanie magazyn\u00f3w cyfrowych"],"inLanguage":"pl-PL","potentialAction":[{"@type":"CommentAction","name":"Comment","target":["https:\/\/presspad.pl\/blog\/jak-dodac-sekcje-komentarzy-wordpress-do-swojej-witryny\/#respond"]}]},{"@type":"WebPage","@id":"https:\/\/presspad.pl\/blog\/jak-dodac-sekcje-komentarzy-wordpress-do-swojej-witryny\/","url":"https:\/\/presspad.pl\/blog\/jak-dodac-sekcje-komentarzy-wordpress-do-swojej-witryny\/","name":"Jak Doda\u0107 Sekcj\u0119 Komentarzy WordPress Do Swojej Witryny?","isPartOf":{"@id":"https:\/\/presspad.pl\/blog\/#website"},"primaryImageOfPage":{"@id":"https:\/\/presspad.pl\/blog\/jak-dodac-sekcje-komentarzy-wordpress-do-swojej-witryny\/#primaryimage"},"image":{"@id":"https:\/\/presspad.pl\/blog\/jak-dodac-sekcje-komentarzy-wordpress-do-swojej-witryny\/#primaryimage"},"thumbnailUrl":"https:\/\/i0.wp.com\/presspad.pl\/blog\/wp-content\/uploads\/How-to-Add-a-WordPress-Comments-Section-to-Your-Website.jpg?fit=1200%2C800&ssl=1","datePublished":"2019-10-16T08:47:01+00:00","dateModified":"2025-03-24T12:29:47+00:00","description":"Dowiedz si\u0119, jak doda\u0107 sekcj\u0119 komentarzy WordPress do swojej witryny, bloga i aplikacji mobilnej. Zaanga\u017cuj swoich czytelnik\u00f3w i zamie\u0144 ich w subskrybent\u00f3w.","breadcrumb":{"@id":"https:\/\/presspad.pl\/blog\/jak-dodac-sekcje-komentarzy-wordpress-do-swojej-witryny\/#breadcrumb"},"inLanguage":"pl-PL","potentialAction":[{"@type":"ReadAction","target":["https:\/\/presspad.pl\/blog\/jak-dodac-sekcje-komentarzy-wordpress-do-swojej-witryny\/"]}]},{"@type":"ImageObject","inLanguage":"pl-PL","@id":"https:\/\/presspad.pl\/blog\/jak-dodac-sekcje-komentarzy-wordpress-do-swojej-witryny\/#primaryimage","url":"https:\/\/i0.wp.com\/presspad.pl\/blog\/wp-content\/uploads\/How-to-Add-a-WordPress-Comments-Section-to-Your-Website.jpg?fit=1200%2C800&ssl=1","contentUrl":"https:\/\/i0.wp.com\/presspad.pl\/blog\/wp-content\/uploads\/How-to-Add-a-WordPress-Comments-Section-to-Your-Website.jpg?fit=1200%2C800&ssl=1","width":1200,"height":800},{"@type":"BreadcrumbList","@id":"https:\/\/presspad.pl\/blog\/jak-dodac-sekcje-komentarzy-wordpress-do-swojej-witryny\/#breadcrumb","itemListElement":[{"@type":"ListItem","position":1,"name":"Strona g\u0142\u00f3wna","item":"https:\/\/presspad.pl\/blog\/"},{"@type":"ListItem","position":2,"name":"Publikacja cyfrowa","item":"https:\/\/presspad.pl\/blog\/category\/publikacja-cyfrowa\/"},{"@type":"ListItem","position":3,"name":"Jak Doda\u0107 Sekcj\u0119 Komentarzy WordPress Do Swojej Witryny?"}]},{"@type":"WebSite","@id":"https:\/\/presspad.pl\/blog\/#website","url":"https:\/\/presspad.pl\/blog\/","name":"Blog po\u015bwi\u0119cony publikacjom cyfrowym prowadzony przez PressPad","description":"Blog o publikacjach cyfrowych; Aplikacje dla czasopism i porady marketingowe PressPad","publisher":{"@id":"https:\/\/presspad.pl\/blog\/#organization"},"potentialAction":[{"@type":"SearchAction","target":{"@type":"EntryPoint","urlTemplate":"https:\/\/presspad.pl\/blog\/?s={search_term_string}"},"query-input":{"@type":"PropertyValueSpecification","valueRequired":true,"valueName":"search_term_string"}}],"inLanguage":"pl-PL"},{"@type":"Organization","@id":"https:\/\/presspad.pl\/blog\/#organization","name":"PressPad","url":"https:\/\/presspad.pl\/blog\/","logo":{"@type":"ImageObject","inLanguage":"pl-PL","@id":"https:\/\/presspad.pl\/blog\/#\/schema\/logo\/image\/","url":"https:\/\/i0.wp.com\/presspad.pl\/blog\/wp-content\/uploads\/2013\/10\/PressPad_LOGO_main_horizontal_gradient.png?fit=800%2C300&ssl=1","contentUrl":"https:\/\/i0.wp.com\/presspad.pl\/blog\/wp-content\/uploads\/2013\/10\/PressPad_LOGO_main_horizontal_gradient.png?fit=800%2C300&ssl=1","width":800,"height":300,"caption":"PressPad"},"image":{"@id":"https:\/\/presspad.pl\/blog\/#\/schema\/logo\/image\/"},"sameAs":["https:\/\/www.facebook.com\/presspad","https:\/\/x.com\/presspadapp","https:\/\/www.instagram.com\/presspadapp\/","https:\/\/www.linkedin.com\/company\/2033158","https:\/\/www.pinterest.com\/presspad\/","https:\/\/www.youtube.com\/user\/presspad"]},{"@type":"Person","@id":"https:\/\/presspad.pl\/blog\/#\/schema\/person\/d6c7995b8875dd268900d7b512623a72","name":"Paulina Kubala-Chuchnowska","image":{"@type":"ImageObject","inLanguage":"pl-PL","@id":"https:\/\/secure.gravatar.com\/avatar\/560ac22b605fd59a297bfc30fdcebb22279a082d1e6dd530ce293a512199f098?s=96&r=g","url":"https:\/\/secure.gravatar.com\/avatar\/560ac22b605fd59a297bfc30fdcebb22279a082d1e6dd530ce293a512199f098?s=96&r=g","contentUrl":"https:\/\/secure.gravatar.com\/avatar\/560ac22b605fd59a297bfc30fdcebb22279a082d1e6dd530ce293a512199f098?s=96&r=g","caption":"Paulina Kubala-Chuchnowska"},"description":"www.presspadapp.com","sameAs":["https:\/\/www.presspadapp.com\/blog","https:\/\/x.com\/p_chuchnowska"],"url":"https:\/\/presspad.pl\/blog\/author\/paulina\/"}]}},"jetpack_featured_media_url":"https:\/\/i0.wp.com\/presspad.pl\/blog\/wp-content\/uploads\/How-to-Add-a-WordPress-Comments-Section-to-Your-Website.jpg?fit=1200%2C800&ssl=1","jetpack_sharing_enabled":true,"jetpack_shortlink":"https:\/\/wp.me\/pbs6e8-2uF","jetpack-related-posts":[{"id":9548,"url":"https:\/\/presspad.pl\/blog\/jak-przeprowadzic-konkurs-na-facebooku-aby-promowac-swoj-magazyn\/","url_meta":{"origin":9589,"position":0},"title":"Jak Przeprowadzi\u0107 Konkurs Na Facebooku, Aby Promowa\u0107 Sw\u00f3j Magazyn?","author":"Wojtek Szywalski","date":"7 czerwca, 2015","format":false,"excerpt":"Jednym z najskuteczniejszych sposob\u00f3w promowania firmy, bez wzgl\u0119du na to, jaka by ona nie by\u0142a, jest poczta pantoflowa. Emocje, to jest to, co nap\u0119dza ten rodzaj silnika promocyjnego, a najlepszym sposobem na jego wykorzystanie s\u0105 konkursy prowadzone na Facebooku. Wystarczy kilka klikni\u0119\u0107, aby dowiedzie\u0107 si\u0119 wszystkiego o prowadzeniu konkursu na\u2026","rel":"","context":"W &quot;Marketing aplikacji&quot;","block_context":{"text":"Marketing aplikacji","link":"https:\/\/presspad.pl\/blog\/category\/marketing-aplikacji\/"},"img":{"alt_text":"","src":"https:\/\/i0.wp.com\/presspad.pl\/blog\/wp-content\/uploads\/facebook-contest-magazine-app-promotion-.jpg?fit=700%2C429&ssl=1&resize=350%2C200","width":350,"height":200,"srcset":"https:\/\/i0.wp.com\/presspad.pl\/blog\/wp-content\/uploads\/facebook-contest-magazine-app-promotion-.jpg?fit=700%2C429&ssl=1&resize=350%2C200 1x, https:\/\/i0.wp.com\/presspad.pl\/blog\/wp-content\/uploads\/facebook-contest-magazine-app-promotion-.jpg?fit=700%2C429&ssl=1&resize=525%2C300 1.5x, https:\/\/i0.wp.com\/presspad.pl\/blog\/wp-content\/uploads\/facebook-contest-magazine-app-promotion-.jpg?fit=700%2C429&ssl=1&resize=700%2C400 2x"},"classes":[]},{"id":9592,"url":"https:\/\/presspad.pl\/blog\/6-trendow-w-publikowaniu-cyfrowym-na-2021-rok\/","url_meta":{"origin":9589,"position":1},"title":"6 Trend\u00f3w W Publikowaniu Cyfrowym Na 2021 Rok","author":"Paulina Kubala-Chuchnowska","date":"11 lutego, 2020","format":false,"excerpt":"Istniej\u0105 dwa g\u0142\u00f3wne czynniki, kt\u00f3re maj\u0105 wp\u0142yw na rozw\u00f3j cyfrowych trend\u00f3w wydawniczych: tempo wprowadzania ulepsze\u0144 technologicznych oraz czas, w jakim czytelnicy je przyswajaj\u0105. W obu tych aspektach mo\u017cemy dzi\u015b m\u00f3wi\u0107 o du\u017cej szybko\u015bci. Dla wydawc\u00f3w bycie na bie\u017c\u0105co z aktualnymi trendami to szansa na ulepszenie strategii zwi\u0105zanych z monetyzacj\u0105, dystrybucj\u0105\u2026","rel":"","context":"W &quot;Publikacja cyfrowa&quot;","block_context":{"text":"Publikacja cyfrowa","link":"https:\/\/presspad.pl\/blog\/category\/publikacja-cyfrowa\/"},"img":{"alt_text":"","src":"https:\/\/i0.wp.com\/presspad.pl\/blog\/wp-content\/uploads\/digital-publishing-trends-1.jpeg?fit=1200%2C800&ssl=1&resize=350%2C200","width":350,"height":200,"srcset":"https:\/\/i0.wp.com\/presspad.pl\/blog\/wp-content\/uploads\/digital-publishing-trends-1.jpeg?fit=1200%2C800&ssl=1&resize=350%2C200 1x, https:\/\/i0.wp.com\/presspad.pl\/blog\/wp-content\/uploads\/digital-publishing-trends-1.jpeg?fit=1200%2C800&ssl=1&resize=525%2C300 1.5x, https:\/\/i0.wp.com\/presspad.pl\/blog\/wp-content\/uploads\/digital-publishing-trends-1.jpeg?fit=1200%2C800&ssl=1&resize=700%2C400 2x, https:\/\/i0.wp.com\/presspad.pl\/blog\/wp-content\/uploads\/digital-publishing-trends-1.jpeg?fit=1200%2C800&ssl=1&resize=1050%2C600 3x"},"classes":[]},{"id":9425,"url":"https:\/\/presspad.pl\/blog\/przyszle-trendy-w-cyfrowej-publikacji-czasopism-co-nas-czeka\/","url_meta":{"origin":9589,"position":2},"title":"Przysz\u0142e Trendy W Cyfrowej Publikacji Czasopism: Co Nas Czeka?","author":"Paulina Kubala-Chuchnowska","date":"17 marca, 2025","format":false,"excerpt":"Je\u015bli fraza \"magazyn cyfrowy\" przywodzi ci na my\u015bl publikacj\u0119 tekstow\u0105 opatrzon\u0105 obrazami, wype\u0142nion\u0105 hiper\u0142\u0105czami i czytan\u0105 na komputerze, tablecie lub smartfonie, nadszed\u0142 czas, aby zaktualizowa\u0107 to postrzeganie. Poni\u017cszy model publikacji online staje si\u0119 przesz\u0142o\u015bci\u0105, ust\u0119puj\u0105c miejsca znacznie bardziej wci\u0105gaj\u0105cym, wielozmys\u0142owym do\u015bwiadczeniom. Nadchodzi nowa era - przygotujmy si\u0119 na ni\u0105 to.\u2026","rel":"","context":"W &quot;Publikacja cyfrowa&quot;","block_context":{"text":"Publikacja cyfrowa","link":"https:\/\/presspad.pl\/blog\/category\/publikacja-cyfrowa\/"},"img":{"alt_text":"","src":"https:\/\/i0.wp.com\/presspad.pl\/blog\/wp-content\/uploads\/trends-in-digital-magazines-1.jpg?fit=1000%2C562&ssl=1&resize=350%2C200","width":350,"height":200,"srcset":"https:\/\/i0.wp.com\/presspad.pl\/blog\/wp-content\/uploads\/trends-in-digital-magazines-1.jpg?fit=1000%2C562&ssl=1&resize=350%2C200 1x, https:\/\/i0.wp.com\/presspad.pl\/blog\/wp-content\/uploads\/trends-in-digital-magazines-1.jpg?fit=1000%2C562&ssl=1&resize=525%2C300 1.5x, https:\/\/i0.wp.com\/presspad.pl\/blog\/wp-content\/uploads\/trends-in-digital-magazines-1.jpg?fit=1000%2C562&ssl=1&resize=700%2C400 2x"},"classes":[]},{"id":9649,"url":"https:\/\/presspad.pl\/blog\/nowe-narzedzia-dla-wydawcow-i-producentow-tresci-wordpress-presspad-news-update\/","url_meta":{"origin":9589,"position":3},"title":"Nowe Narz\u0119dzia Dla Wydawc\u00f3w I Producent\u00f3w Tre\u015bci WordPress &#8211; PressPad News Update","author":"Paulina Kubala-Chuchnowska","date":"20 kwietnia, 2018","format":false,"excerpt":"Istnieje wiele narz\u0119dzi dla WordPress. PressPad News koncentruje si\u0119 na tre\u015bci, a nasze nowe narz\u0119dzia dla producent\u00f3w tre\u015bci pomagaj\u0105 im osi\u0105gn\u0105\u0107 cele biznesowe. Nieustanny proces rozwoju i udoskonalania mobile publishing towarzyszy nam od samego pocz\u0105tku. Nowe funkcje w platformie aplikacji mobilnych, kt\u00f3re stworzyli\u015bmy dla wydawc\u00f3w WordPress, umo\u017cliwiaj\u0105 monetyzacj\u0119 na urz\u0105dzeniach\u2026","rel":"","context":"W &quot;Produkt&quot;","block_context":{"text":"Produkt","link":"https:\/\/presspad.pl\/blog\/category\/produkt\/"},"img":{"alt_text":"","src":"https:\/\/i0.wp.com\/presspad.pl\/blog\/wp-content\/uploads\/new-tools-for-wordpress-from-presspad.jpg?fit=800%2C463&ssl=1&resize=350%2C200","width":350,"height":200,"srcset":"https:\/\/i0.wp.com\/presspad.pl\/blog\/wp-content\/uploads\/new-tools-for-wordpress-from-presspad.jpg?fit=800%2C463&ssl=1&resize=350%2C200 1x, https:\/\/i0.wp.com\/presspad.pl\/blog\/wp-content\/uploads\/new-tools-for-wordpress-from-presspad.jpg?fit=800%2C463&ssl=1&resize=525%2C300 1.5x, https:\/\/i0.wp.com\/presspad.pl\/blog\/wp-content\/uploads\/new-tools-for-wordpress-from-presspad.jpg?fit=800%2C463&ssl=1&resize=700%2C400 2x"},"classes":[]},{"id":9621,"url":"https:\/\/presspad.pl\/blog\/korzysci-z-posiadania-aplikacji-mobilnej-dla-magazynu\/","url_meta":{"origin":9589,"position":4},"title":"Korzy\u015bci Z Posiadania Aplikacji Mobilnej Dla Magazynu","author":"Paulina Kubala-Chuchnowska","date":"18 pa\u017adziernika, 2023","format":false,"excerpt":"Czy prowadzisz magazyn? Je\u015bli Twoja odpowied\u017a brzmi \"tak\", powiniene\u015b zapozna\u0107 si\u0119 z tym artyku\u0142em. Dlaczego? Jest to bowiem nowa, skuteczna forma dystrybucji, promocji i sprzeda\u017cy, kt\u00f3r\u0105 warto si\u0119 zainteresowa\u0107 ze wzgl\u0119du na d\u0142ug\u0105 list\u0119 korzy\u015bci. Nie ma co owija\u0107 w bawe\u0142n\u0119, chodzi o aplikacj\u0119 mobiln\u0105 dla magazynu, a raczej powinni\u015bmy\u2026","rel":"","context":"W &quot;aplikacja mobilna&quot;","block_context":{"text":"aplikacja mobilna","link":"https:\/\/presspad.pl\/blog\/category\/aplikacja-mobilna\/"},"img":{"alt_text":"","src":"https:\/\/i0.wp.com\/presspad.pl\/blog\/wp-content\/uploads\/mobile-app-for-magazine.jpeg?fit=984%2C684&ssl=1&resize=350%2C200","width":350,"height":200,"srcset":"https:\/\/i0.wp.com\/presspad.pl\/blog\/wp-content\/uploads\/mobile-app-for-magazine.jpeg?fit=984%2C684&ssl=1&resize=350%2C200 1x, https:\/\/i0.wp.com\/presspad.pl\/blog\/wp-content\/uploads\/mobile-app-for-magazine.jpeg?fit=984%2C684&ssl=1&resize=525%2C300 1.5x, https:\/\/i0.wp.com\/presspad.pl\/blog\/wp-content\/uploads\/mobile-app-for-magazine.jpeg?fit=984%2C684&ssl=1&resize=700%2C400 2x"},"classes":[]},{"id":9624,"url":"https:\/\/presspad.pl\/blog\/10-sposobow-na-zwiekszenie-ruchu-na-blogu-i-liczby-czytelnikow\/","url_meta":{"origin":9589,"position":5},"title":"10 Sposob\u00f3w Na Zwi\u0119kszenie Ruchu Na Blogu I Liczby Czytelnik\u00f3w","author":"Paulina Kubala-Chuchnowska","date":"20 lutego, 2018","format":false,"excerpt":"Rozw\u00f3j nowych technologii umo\u017cliwi\u0142 udost\u0119pnianie tre\u015bci i informacji na ogromn\u0105 skal\u0119. Ch\u0119\u0107 dzielenia si\u0119 mo\u017ce zwi\u0119kszy\u0107 ruch na blogu, je\u015bli zostanie dobrze zaimplementowana. Dzi\u015b mo\u017cemy publikowa\u0107 wiadomo\u015bci i informacje widoczne dla tysi\u0119cy czytelnik\u00f3w w bardzo kr\u00f3tkim czasie. Jest to mo\u017cliwe, poniewa\u017c liczba kana\u0142\u00f3w medialnych i r\u00f3\u017cnych technologii, kt\u00f3re pomagaj\u0105 zwi\u0119kszy\u0107\u2026","rel":"","context":"W &quot;publikowanie magazyn\u00f3w cyfrowych&quot;","block_context":{"text":"publikowanie magazyn\u00f3w cyfrowych","link":"https:\/\/presspad.pl\/blog\/category\/publikowanie-magazynow-cyfrowych\/"},"img":{"alt_text":"","src":"https:\/\/i0.wp.com\/presspad.pl\/blog\/wp-content\/uploads\/increase-blog-traffic-readership.jpg?fit=1024%2C682&ssl=1&resize=350%2C200","width":350,"height":200,"srcset":"https:\/\/i0.wp.com\/presspad.pl\/blog\/wp-content\/uploads\/increase-blog-traffic-readership.jpg?fit=1024%2C682&ssl=1&resize=350%2C200 1x, https:\/\/i0.wp.com\/presspad.pl\/blog\/wp-content\/uploads\/increase-blog-traffic-readership.jpg?fit=1024%2C682&ssl=1&resize=525%2C300 1.5x, https:\/\/i0.wp.com\/presspad.pl\/blog\/wp-content\/uploads\/increase-blog-traffic-readership.jpg?fit=1024%2C682&ssl=1&resize=700%2C400 2x"},"classes":[]}],"amp_enabled":true,"_links":{"self":[{"href":"https:\/\/presspad.pl\/blog\/wp-json\/wp\/v2\/posts\/9589","targetHints":{"allow":["GET"]}}],"collection":[{"href":"https:\/\/presspad.pl\/blog\/wp-json\/wp\/v2\/posts"}],"about":[{"href":"https:\/\/presspad.pl\/blog\/wp-json\/wp\/v2\/types\/post"}],"author":[{"embeddable":true,"href":"https:\/\/presspad.pl\/blog\/wp-json\/wp\/v2\/users\/11"}],"replies":[{"embeddable":true,"href":"https:\/\/presspad.pl\/blog\/wp-json\/wp\/v2\/comments?post=9589"}],"version-history":[{"count":1,"href":"https:\/\/presspad.pl\/blog\/wp-json\/wp\/v2\/posts\/9589\/revisions"}],"predecessor-version":[{"id":9718,"href":"https:\/\/presspad.pl\/blog\/wp-json\/wp\/v2\/posts\/9589\/revisions\/9718"}],"wp:featuredmedia":[{"embeddable":true,"href":"https:\/\/presspad.pl\/blog\/wp-json\/wp\/v2\/media\/9158"}],"wp:attachment":[{"href":"https:\/\/presspad.pl\/blog\/wp-json\/wp\/v2\/media?parent=9589"}],"wp:term":[{"taxonomy":"category","embeddable":true,"href":"https:\/\/presspad.pl\/blog\/wp-json\/wp\/v2\/categories?post=9589"},{"taxonomy":"post_tag","embeddable":true,"href":"https:\/\/presspad.pl\/blog\/wp-json\/wp\/v2\/tags?post=9589"}],"curies":[{"name":"wp","href":"https:\/\/api.w.org\/{rel}","templated":true}]}}