{"id":9596,"date":"2021-07-15T13:01:24","date_gmt":"2021-07-15T11:01:24","guid":{"rendered":"https:\/\/www.presspadapp.com\/blog\/wydawcy-czasopism-sa-prawdziwymi-zwyciezcami-nowej-polityki-prywatnosci-apple\/"},"modified":"2025-03-24T14:29:41","modified_gmt":"2025-03-24T12:29:41","slug":"wydawcy-czasopism-sa-prawdziwymi-zwyciezcami-nowej-polityki-prywatnosci-apple","status":"publish","type":"post","link":"https:\/\/presspad.pl\/blog\/wydawcy-czasopism-sa-prawdziwymi-zwyciezcami-nowej-polityki-prywatnosci-apple\/","title":{"rendered":"Wydawcy Czasopism S\u0105 Prawdziwymi Zwyci\u0119zcami Nowej Polityki Prywatno\u015bci Apple"},"content":{"rendered":"<h2>Apple to firma, kt\u00f3rej nie trzeba przedstawia\u0107. Wraz z Facebookiem i Google dominuje w technologicznym \u015bwiecie i nadaje ton r\u00f3\u017cnego rodzaju biznesom. Ka\u017cda, nawet najmniejsza zmiana wprowadzona przez t\u0119 wielk\u0105 tr\u00f3jk\u0119 mo\u017ce mie\u0107 ogromny wp\u0142yw na ca\u0142y \u015bwiat. Tak w\u0142a\u015bnie sta\u0142o si\u0119 ostatnio za spraw\u0105 og\u0142oszenia nowej polityki prywatno\u015bci przez Apple. Nadszed\u0142 czas, aby powiedzie\u0107 to g\u0142o\u015bno i wyra\u017anie: wydawcy czasopism s\u0105 prawdziwymi zwyci\u0119zcami tej sytuacji.    <\/h2>\n<p>Kto by pomy\u015bla\u0142, \u017ce tak niewielka zmiana wywo\u0142a tyle ha\u0142asu?<\/p>\n<p>Kieruj\u0105c si\u0119 przekonaniem, \u017ce prywatno\u015b\u0107 jest podstawowym prawem cz\u0142owieka i jedn\u0105 z ich podstawowych warto\u015bci, Apple zdecydowa\u0142o si\u0119 u\u0142atwi\u0107 ludziom dost\u0119p do ustawie\u0144 polityki prywatno\u015bci. Nie zakazuj\u0105 one \u015bledzenia, ale b\u0119d\u0105 wymaga\u0107 od tw\u00f3rc\u00f3w aplikacji uzyskania zgody u\u017cytkownik\u00f3w na ich \u015bledzenie. <\/p>\n<p>Ten ma\u0142y krok mo\u017ce spowodowa\u0107 du\u017ce zmiany na rynku reklamowym, o co martwi si\u0119 wielu przedsi\u0119biorc\u00f3w. Wszystko wskazuje jednak na to, \u017ce wydawcy magazyn\u00f3w mog\u0105 spa\u0107 spokojnie, poniewa\u017c mog\u0105 sta\u0107 si\u0119 bezpiecznymi partnerami biznesowymi dla reklamodawc\u00f3w. <\/p>\n<p><strong>Jakie zmiany wprowadzi Apple? Jak wp\u0142ynie to na wydawc\u00f3w czasopism? Je\u015bli chcesz pozna\u0107 odpowiedzi na te pytania, czytaj dalej.  <\/strong><\/p>\n<p><!--more--><\/p>\n<h2>Co dok\u0142adnie Apple zmieni w swojej polityce prywatno\u015bci?<\/h2>\n<p>Apple konsekwentnie buduje lojalno\u015b\u0107 wobec marki poprzez dbanie o u\u017cytkownika, co udowodni\u0142o na przyk\u0142ad wprowadzaj\u0105c <a href=\"https:\/\/www.presspadapp.com\/blog\/co-oznacza-obnizenie-podatku-apple-app-store-dla-wydawcow\/?lang=pl\">App Store Small Business Program<\/a>, kt\u00f3ry obni\u017ca podatki od zakup\u00f3w w aplikacjach.<\/p>\n<p>Tym razem ich zapowiedzi wywo\u0142a\u0142y nieco szumu, zw\u0142aszcza w\u015br\u00f3d du\u017cych firm opieraj\u0105cych swoje modele biznesowe na reklamie. Czy naprawd\u0119 jest si\u0119 czym martwi\u0107? <\/p>\n<p>Rozgry\u017amy to.<\/p>\n<p>Ile razy zmienia\u0142e\u015b ustawienia prywatno\u015bci w pobranych aplikacjach mobilnych? Wszyscy mamy tak\u0105 mo\u017cliwo\u015b\u0107. To od nas zale\u017cy, czy pozwolimy firmom na zbieranie naszych danych, czy nie. Problem w tym, \u017ce chyba niewielu z nas o tym wie i co za tym idzie, zmienia to r\u0119cznie.   <\/p>\n<figure id=\"attachment_6687\" aria-describedby=\"caption-attachment-6687\" style=\"width: 374px\" class=\"wp-caption aligncenter\"><img data-recalc-dims=\"1\" loading=\"lazy\" decoding=\"async\" class=\"wp-image-6687 size-full\" src=\"https:\/\/i0.wp.com\/www.presspadapp.com\/blog\/wp-content\/uploads\/guardian.jpg?resize=374%2C675&#038;ssl=1\" alt=\"ustawienia prywatno\u015bci aplikacja wiadomo\u015bci\" width=\"374\" height=\"675\" srcset=\"https:\/\/i0.wp.com\/presspad.pl\/blog\/wp-content\/uploads\/guardian.jpg?w=374&amp;ssl=1 374w, https:\/\/i0.wp.com\/presspad.pl\/blog\/wp-content\/uploads\/guardian.jpg?resize=166%2C300&amp;ssl=1 166w, https:\/\/i0.wp.com\/presspad.pl\/blog\/wp-content\/uploads\/guardian.jpg?resize=83%2C150&amp;ssl=1 83w\" sizes=\"auto, (max-width: 374px) 100vw, 374px\" \/><figcaption id=\"caption-attachment-6687\" class=\"wp-caption-text\">Ustawienia polityki prywatno\u015bci Guardian<\/figcaption><\/figure>\n<p>I tu w\u0142a\u015bnie wkroczy\u0142o Apple. Ich pomys\u0142 zmienia wszystko, zmieniaj\u0105c niewiele. Teoretycznie wszystko pozostaje po staremu, bo nadal b\u0119dziemy modyfikowa\u0107 ustawienia prywatno\u015bci tak, jak mogli\u015bmy to robi\u0107 do tej pory. Po prostu b\u0119dzie to \u0142atwiejsze. Nie b\u0119dziemy musieli o tym pami\u0119ta\u0107, po\u015bwi\u0119ca\u0107 czasu na szukanie ustawie\u0144 i zastanawia\u0107 si\u0119, co wy\u0142\u0105czy\u0107. Zamiast tego automatycznie otrzymamy powiadomienie, kt\u00f3re zapyta nas o zgod\u0119 na \u015bledzenie i zbieranie danych.     <\/p>\n<p>Wszystko dzi\u0119ki funkcjom kolejnych aktualizacji iOS 14. Po aktualizacji systemu operacyjnego na urz\u0105dzeniach Apple, ka\u017cda aplikacja b\u0119dzie musia\u0142a uzyska\u0107 wyra\u017an\u0105 zgod\u0119 u\u017cytkownika na \u015bledzenie jego aktywno\u015bci. Co wa\u017cne, Apple zdecydowa\u0142o r\u00f3wnie\u017c, \u017ce ka\u017cdy tw\u00f3rca aplikacji b\u0119dzie musia\u0142 poinformowa\u0107 u\u017cytkownik\u00f3w, w jaki spos\u00f3b ich \u015bledzi i poda\u0107 konkretny pow\u00f3d zbierania danych.  <\/p>\n<figure id=\"attachment_6689\" aria-describedby=\"caption-attachment-6689\" style=\"width: 404px\" class=\"wp-caption aligncenter\"><img data-recalc-dims=\"1\" loading=\"lazy\" decoding=\"async\" class=\"wp-image-6689\" src=\"https:\/\/i0.wp.com\/www.presspadapp.com\/blog\/wp-content\/uploads\/App-Tracking-Transparency-613x1024.png?resize=404%2C675&#038;ssl=1\" alt=\"Zmiany w polityce prywatno\u015bci Apple\" width=\"404\" height=\"675\" srcset=\"https:\/\/i0.wp.com\/presspad.pl\/blog\/wp-content\/uploads\/App-Tracking-Transparency.png?resize=613%2C1024&amp;ssl=1 613w, https:\/\/i0.wp.com\/presspad.pl\/blog\/wp-content\/uploads\/App-Tracking-Transparency.png?resize=180%2C300&amp;ssl=1 180w, https:\/\/i0.wp.com\/presspad.pl\/blog\/wp-content\/uploads\/App-Tracking-Transparency.png?resize=90%2C150&amp;ssl=1 90w, https:\/\/i0.wp.com\/presspad.pl\/blog\/wp-content\/uploads\/App-Tracking-Transparency.png?w=736&amp;ssl=1 736w\" sizes=\"auto, (max-width: 404px) 100vw, 404px\" \/><figcaption id=\"caption-attachment-6689\" class=\"wp-caption-text\">App Tracking Transparency &#8211; nowy framework wprowadzony przez Apple<a href=\"https:\/\/developer.apple.com\/app-store\/user-privacy-and-data-use\/\" target=\"_blank\" rel=\"noopener\">(\u017ar\u00f3d\u0142o zdj\u0119cia<\/a>)<\/figcaption><\/figure>\n<p>Na stronie <a href=\"https:\/\/developer.apple.com\/app-store\/user-privacy-and-data-use\/\" target=\"_blank\" rel=\"nofollow noopener\">developer.apple.<\/a> com mo\u017cemy przeczyta\u0107:<\/p>\n<blockquote>\n<p>&#8222;App Store zosta\u0142 zaprojektowany jako bezpieczne i zaufane miejsce, w kt\u00f3rym u\u017cytkownicy mog\u0105 odkrywa\u0107 aplikacje stworzone przez utalentowanych programist\u00f3w z ca\u0142ego \u015bwiata. Aplikacje w App Store spe\u0142niaj\u0105 wysokie standardy w zakresie prywatno\u015bci, bezpiecze\u0144stwa i tre\u015bci, poniewa\u017c nie ma nic wa\u017cniejszego ni\u017c utrzymanie zaufania u\u017cytkownik\u00f3w. Aby m\u00f3c zg\u0142asza\u0107 nowe aplikacje i ich aktualizacje, na stronie produktu nale\u017cy poda\u0107 informacje o niekt\u00f3rych praktykach gromadzenia danych w aplikacji. Pocz\u0105wszy od iOS 14.5, iPadOS 14.5 i tvOS 14.5, b\u0119dziesz musia\u0142 pyta\u0107 u\u017cytkownik\u00f3w o zgod\u0119 na \u015bledzenie ich w aplikacjach i witrynach internetowych nale\u017c\u0105cych do innych firm&#8221;.<\/p>\n<\/blockquote>\n<h3>Dlaczego Apple zdecydowa\u0142o si\u0119 aktywowa\u0107 funkcj\u0119 App Tracking Transparency? Jaki jest ich cel? <\/h3>\n<p>Apple konsekwentnie buduje wizerunek firmy dbaj\u0105cej o polityk\u0119 prywatno\u015bci. Celem wprowadzonych zmian jest nie tylko wzmocnienie tego przekazu, ale r\u00f3wnie\u017c zwi\u0119kszenie transparentno\u015bci marki i wzmocnienie pozycji u\u017cytkownik\u00f3w, pomagaj\u0105c im przej\u0105\u0107 kontrol\u0119 nad swoimi danymi. <\/p>\n<p>&#8222;Prywatno\u015b\u0107 oznacza spok\u00f3j ducha, oznacza bezpiecze\u0144stwo i oznacza, \u017ce jeste\u015b na miejscu kierowcy, je\u015bli chodzi o w\u0142asne dane&#8221; &#8211; powiedzia\u0142 Craig Federighi, starszy wiceprezes Apple ds. in\u017cynierii oprogramowania.<\/p>\n<figure id=\"attachment_6690\" aria-describedby=\"caption-attachment-6690\" style=\"width: 2836px\" class=\"wp-caption aligncenter\"><img data-recalc-dims=\"1\" loading=\"lazy\" decoding=\"async\" class=\"size-full wp-image-6690\" src=\"https:\/\/i0.wp.com\/www.presspadapp.com\/blog\/wp-content\/uploads\/apple-privacy-rules.png?resize=2836%2C1524&#038;ssl=1\" alt=\"\" width=\"2836\" height=\"1524\" srcset=\"https:\/\/i0.wp.com\/presspad.pl\/blog\/wp-content\/uploads\/apple-privacy-rules.png?w=2836&amp;ssl=1 2836w, https:\/\/i0.wp.com\/presspad.pl\/blog\/wp-content\/uploads\/apple-privacy-rules.png?resize=300%2C161&amp;ssl=1 300w, https:\/\/i0.wp.com\/presspad.pl\/blog\/wp-content\/uploads\/apple-privacy-rules.png?resize=1024%2C550&amp;ssl=1 1024w, https:\/\/i0.wp.com\/presspad.pl\/blog\/wp-content\/uploads\/apple-privacy-rules.png?resize=150%2C81&amp;ssl=1 150w, https:\/\/i0.wp.com\/presspad.pl\/blog\/wp-content\/uploads\/apple-privacy-rules.png?resize=1536%2C825&amp;ssl=1 1536w, https:\/\/i0.wp.com\/presspad.pl\/blog\/wp-content\/uploads\/apple-privacy-rules.png?resize=2048%2C1101&amp;ssl=1 2048w\" sizes=\"auto, (max-width: 1000px) 100vw, 1000px\" \/><figcaption id=\"caption-attachment-6690\" class=\"wp-caption-text\"><a href=\"https:\/\/www.apple.com\/legal\/privacy\/en-ww\/\" target=\"_blank\" rel=\"noopener\">Polityka prywatno\u015bci Apple<\/a><\/figcaption><\/figure>\n<p>Mo\u017cemy oczekiwa\u0107, \u017ce kierunek Apple pozostanie niezmieniony w przysz\u0142o\u015bci i b\u0119d\u0105 oni tworzy\u0107 technologi\u0119, kt\u00f3ra zapewni bezpiecze\u0144stwo i ochron\u0119 informacji. Z punktu widzenia u\u017cytkownika, w dobie fa\u0142szywych wiadomo\u015bci i spadku zaufania do medi\u00f3w spo\u0142eczno\u015bciowych, plany Apple brzmi\u0105 rozs\u0105dnie i uspokajaj\u0105co. <\/p>\n<h2>Wi\u0119c o co to ca\u0142e zamieszanie?<\/h2>\n<p>Modyfikacja Apple wymusi daleko id\u0105ce zmiany w ekosystemach reklamowych Google, Facebooka i innych firm opartych na danych. B\u0119dzie im trudniej kierowa\u0107 reklamy do u\u017cytkownik\u00f3w, co w konsekwencji mo\u017ce zmniejszy\u0107 przychody. <\/p>\n<p>Przeciwnicy zmian wprowadzonych przez Apple twierdz\u0105, \u017ce gdy u\u017cytkownicy po uruchomieniu aplikacji s\u0105 wyra\u017anie pytani, czy zgadzaj\u0105 si\u0119 na \u015bledzenie ich aktywno\u015bci, wi\u0119kszo\u015b\u0107 z nich b\u0119dzie chcia\u0142a wy\u0142\u0105czy\u0107 t\u0119 funkcj\u0119.<\/p>\n<h3>Jakie b\u0119d\u0105 konsekwencje zmian wprowadzonych przez Apple dla firm?<\/h3>\n<p>Nowa polityka prywatno\u015bci mo\u017ce zmieni\u0107 profile biznesowe r\u00f3\u017cnych firm, zar\u00f3wno tych oferuj\u0105cych miejsca reklamowe, jak i tych wykorzystuj\u0105cych reklamy do promowania siebie. Zaburzy ona dane kampanii kierowanych do os\u00f3b z urz\u0105dzeniami Apple, przez co marketerzy mog\u0105 wyci\u0105ga\u0107 b\u0142\u0119dne wnioski z analizy wynik\u00f3w. B\u0119dzie to mia\u0142o najwi\u0119ksze znaczenie dla firm, kt\u00f3re korzystaj\u0105 ze zautomatyzowanej sprzeda\u017cy reklam i maj\u0105 wielu klient\u00f3w, kt\u00f3rzy s\u0105 u\u017cytkownikami iPhone&#8217;\u00f3w.  <\/p>\n<p><strong>Paradoksalnie, zmiany wprowadzone przez Apple mog\u0105 by\u0107 korzystne dla wydawc\u00f3w. Jak to mo\u017cliwe? <\/strong><\/p>\n<h2>Nowa polityka prywatno\u015bci Apple jest korzystna dla wydawc\u00f3w czasopism<\/h2>\n<p>Kierunek, w kt\u00f3rym zmierzaj\u0105 reklamy, to dobra wiadomo\u015b\u0107 dla wydawc\u00f3w magazyn\u00f3w czy newsletter\u00f3w, zw\u0142aszcza tych, kt\u00f3rzy posiadaj\u0105 w\u0142asne aplikacje. Ich warto\u015b\u0107 wzro\u015bnie w oczach reklamodawc\u00f3w. <\/p>\n<p><strong>Przeanalizujmy sytuacj\u0119, w kt\u00f3rej magazyn zarabia dzi\u0119ki reklamom.<\/strong><\/p>\n<p>Wyobra\u017amy sobie: wydawca magazynu dla fan\u00f3w Formu\u0142y 1 ma w\u0142asn\u0105 aplikacj\u0119 mobiln\u0105. \u0179r\u00f3d\u0142em jego przychod\u00f3w s\u0105 reklamy. Czytelnik korzystaj\u0105cy z iPhone&#8217;a pobiera aplikacj\u0119, a nast\u0119pnie powiadomienie pyta go, czy chce by\u0107 \u015bledzony, a on odpowiada &#8222;nie&#8221;. Co si\u0119 wtedy dzieje? Ani wydawca, ani reklamodawca nie otrzymuj\u0105 \u017cadnych danych o czytelniku; nie wiedz\u0105, co czyta, kiedy to robi itp.    <\/p>\n<p>Czy naprawd\u0119 tak jest?<\/p>\n<p>Wydawcy czasopism to przedsi\u0119biorcy, kt\u00f3rych klienci zazwyczaj koncentruj\u0105 si\u0119 wok\u00f3\u0142 okre\u015blonego tematu i zainteresowa\u0144. Zazwyczaj jest to dobrze zdefiniowana grupa. Poka\u017c\u0119 ci przyk\u0142ad klienta PressPad &#8211; <a href=\"https:\/\/www.grandprix247.com\/\" target=\"_blank\" rel=\"nofollow noopener\">Grand Prix 247<\/a>. Dostarczaj\u0105 oni non-stop wiadomo\u015bci z Formu\u0142y 1 na swojej stronie internetowej i w aplikacji mobilnej.   <\/p>\n<figure id=\"attachment_6694\" aria-describedby=\"caption-attachment-6694\" style=\"width: 900px\" class=\"wp-caption aligncenter\"><img data-recalc-dims=\"1\" loading=\"lazy\" decoding=\"async\" class=\"wp-image-6694 size-full\" src=\"https:\/\/i0.wp.com\/www.presspadapp.com\/blog\/wp-content\/uploads\/ads.jpeg?resize=900%2C833&#038;ssl=1\" alt=\"\" width=\"900\" height=\"833\" srcset=\"https:\/\/i0.wp.com\/presspad.pl\/blog\/wp-content\/uploads\/ads.jpeg?w=900&amp;ssl=1 900w, https:\/\/i0.wp.com\/presspad.pl\/blog\/wp-content\/uploads\/ads.jpeg?resize=300%2C278&amp;ssl=1 300w, https:\/\/i0.wp.com\/presspad.pl\/blog\/wp-content\/uploads\/ads.jpeg?resize=150%2C139&amp;ssl=1 150w\" sizes=\"auto, (max-width: 900px) 100vw, 900px\" \/><figcaption id=\"caption-attachment-6694\" class=\"wp-caption-text\"><br \/><span class=\" author-d-1gg9uz65z1iz85zgdz68zmqkz84zo2qovvz79zz65zl6z84z4z82zz66ztz76zz74zkz71zyfz71zxz85z739z81zhoz78z9nz75zz66zf\">Reklamy w aplikacji mobilnej magazynu<\/span><\/figcaption><\/figure>\n<p>Jak wida\u0107 na powy\u017cszych zrzutach ekranu, w magazynie Formu\u0142y 1 znajduj\u0105 si\u0119 reklamy samochod\u00f3w. Czy zobacz\u0105 je docelowi odbiorcy zainteresowani samochodami? Odpowiedz sobie sam. Nawet odmowa zbierania danych mo\u017ce w og\u00f3le nie wp\u0142yn\u0105\u0107 na sukces reklamy (na przyk\u0142ad DuckDuckGo generuje przychody dzi\u0119ki reklamom, jednocze\u015bnie przestrzegaj\u0105c polityki prywatno\u015bci &#8211; po wpisaniu wyszukiwania mog\u0105 wy\u015bwietla\u0107 reklam\u0119 tylko na podstawie tego wyszukiwanego has\u0142a). Je\u015bli reklamodawca umie\u015bci t\u0119 sam\u0105 reklam\u0119 samochodu w magazynie o tematyce og\u00f3lnej, prawdopodobnie mniej czytelnik\u00f3w b\u0119dzie zainteresowanych jego produktem.    <\/p>\n<p><strong>M\u00f3wi\u0105c pro\u015bciej, nie chodzi o dotarcie z reklam\u0105 do miliona os\u00f3b, ale o dotarcie do tysi\u0105ca os\u00f3b, kt\u00f3re s\u0105 naprawd\u0119 zainteresowane prezentowanym produktem.<\/strong><\/p>\n<p>Wyb\u00f3r magazynu skupionego na konkretnej tematyce b\u0119dzie dla reklamodawcy lepsz\u0105 decyzj\u0105 ni\u017c umieszczenie reklamy na Facebooku czy Instagramie. Wydawcy magazyn\u00f3w nie tylko kieruj\u0105 swoje tre\u015bci do wyspecjalizowanej grupy, ale dzi\u0119ki aplikacjom mobilnym i ich funkcjom (powiadomienia push, mo\u017cliwo\u015b\u0107 zapisywania artyku\u0142\u00f3w itp.) sprawiaj\u0105, \u017ce czytelnicy nie przegapi\u0105 nowych tre\u015bci i&#8230; reklam. Reklamodawcy, wybieraj\u0105c publikacj\u0119, kt\u00f3ra przyci\u0105gnie odpowiednich konsument\u00f3w, powinni wzi\u0105\u0107 pod uwag\u0119 nie tylko rodzaj magazynu, ale tak\u017ce wiek i p\u0142e\u0107 swoich czytelnik\u00f3w.  <\/p>\n<p><strong>Magazyny niszowe zyskaj\u0105 najwi\u0119cej &#8211; ich czytelnicy s\u0105 bardziej skupieni i zorganizowani wok\u00f3\u0142 swojej niszy. Zapewnia to szczeg\u00f3lny wgl\u0105d w t\u0119 grup\u0119. <\/strong><\/p>\n<p>Magazyny niszowe maj\u0105 ogromne mo\u017cliwo\u015bci monetyzacji i nie jest to pierwszy raz, kiedy mo\u017cemy to powiedzie\u0107 (to w\u0142a\u015bnie one czerpi\u0105 du\u017ce zyski z wprowadzenia <a href=\"https:\/\/www.presspadapp.com\/blog\/czy-oplaca-sie-korzystac-z-paywalla\/?lang=pl\">modelu paywall<\/a>). Dlaczego reklamodawcy mieliby si\u0119 do nich zwr\u00f3ci\u0107? <\/p>\n<ul>\n<li><strong>Wydawcy niszowi maj\u0105 dedykowany rynek i dobrze sprofilowanych czytelnik\u00f3w.<\/strong><\/li>\n<\/ul>\n<p>Reklamy, kt\u00f3re s\u0105 dobrze dopasowane do profilu magazynu, dotr\u0105 do rynku docelowego &#8211; grupy os\u00f3b, kt\u00f3re najprawdopodobniej b\u0119d\u0105 naprawd\u0119 zainteresowane produktem; magazyny niszowe oferuj\u0105 tre\u015bci osobom, kt\u00f3re s\u0105 bardzo zainteresowane, a nawet pasjonuj\u0105 si\u0119 danym tematem.<\/p>\n<ul>\n<li><strong>Mniejsze magazyny bardziej anga\u017cuj\u0105 czytelnik\u00f3w.<\/strong><\/li>\n<\/ul>\n<p>Jest to cz\u0119\u015bciowo zwi\u0105zane z powy\u017cszym punktem &#8211; w bardziej og\u00f3lnych czasopismach czytelnicy wybieraj\u0105 tre\u015bci, kt\u00f3re ich interesuj\u0105, dokonuj\u0105c selekcji; w przypadku czasopism niszowych czytelnicy s\u0105 zaanga\u017cowani w tre\u015b\u0107, poniewa\u017c po prostu ich interesuje; po\u015bwi\u0119caj\u0105 jej ca\u0142\u0105 swoj\u0105 uwag\u0119, co przek\u0142ada si\u0119 na zaanga\u017cowanie.<\/p>\n<ul>\n<li><strong>Ludzie ufaj\u0105 niszowym magazynom.<\/strong><\/li>\n<\/ul>\n<p>Wed\u0142ug <a href=\"https:\/\/www.pulsemagazine.co.uk\/blogs-articles\/why-do-people-trust-local-magazines\/\" target=\"_blank\" rel=\"nofollow noopener\">Pulse<\/a> Magazine, czasopisma poruszaj\u0105ce konkretne tematy, takie jak sprawy bie\u017c\u0105ce, hobby i motoryzacja, osi\u0105gaj\u0105 szczeg\u00f3lnie dobre wyniki, a nawet 78% czytelnik\u00f3w uwa\u017ca je za najbardziej godne zaufania \u017ar\u00f3d\u0142o informacji.<\/p>\n<ul>\n<li><strong>Magazyny te s\u0105 zazwyczaj regionalne lub geograficzne.<\/strong><\/li>\n<\/ul>\n<p>Ludzie s\u0105 bardziej zainteresowani tre\u015bci\u0105 i obszarem, kt\u00f3ry ich dotyczy, co jest \u015bwietn\u0105 ofert\u0105 dla lokalnych reklamodawc\u00f3w.<\/p>\n<p>W obliczu r\u00f3\u017cnych zmian wprowadzanych przez gigantyczne firmy technologiczne, reklamodawcy b\u0119d\u0105 coraz cz\u0119\u015bciej zwraca\u0107 si\u0119 do zaufanych publikacji, kt\u00f3re maj\u0105 ugruntowan\u0105 pozycj\u0119 na rynku. Poniewa\u017c media spo\u0142eczno\u015bciowe staj\u0105 si\u0119 coraz bardziej niewiarygodne i niepewne, wydawcy zyskaj\u0105 na warto\u015bci. <\/p>\n<p>Podobnie jak ich newslettery.<\/p>\n<h2>Zmiany Apple nie dotycz\u0105 tylko reklam<\/h2>\n<p>Nadchodz\u0105ca aktualizacja iOS opr\u00f3cz wp\u0142ywu na zbieranie danych i wy\u015bwietlanie ukierunkowanych reklam zmieni jeszcze kilka kwestii.<\/p>\n<p>Przyk\u0142ady zmian w \u015bledzeniu obejmuj\u0105 mi\u0119dzy innymi:<\/p>\n<ul>\n<li>udost\u0119pnianie danych o lokalizacji urz\u0105dzenia lub list e-mail,<\/li>\n<li>udost\u0119pnianie listy adres\u00f3w e-mail i identyfikator\u00f3w reklamowych, kt\u00f3re wykorzystuj\u0105 te informacje do przekierowywania u\u017cytkownik\u00f3w do innych aplikacji lub do znajdowania podobnych u\u017cytkownik\u00f3w.<\/li>\n<\/ul>\n<figure id=\"attachment_6696\" aria-describedby=\"caption-attachment-6696\" style=\"width: 374px\" class=\"wp-caption aligncenter\"><img data-recalc-dims=\"1\" loading=\"lazy\" decoding=\"async\" class=\"wp-image-6696 size-full\" src=\"https:\/\/i0.wp.com\/www.presspadapp.com\/blog\/wp-content\/uploads\/mail-privacy.jpg?resize=374%2C675&#038;ssl=1\" alt=\"\" width=\"374\" height=\"675\" srcset=\"https:\/\/i0.wp.com\/presspad.pl\/blog\/wp-content\/uploads\/mail-privacy.jpg?w=374&amp;ssl=1 374w, https:\/\/i0.wp.com\/presspad.pl\/blog\/wp-content\/uploads\/mail-privacy.jpg?resize=166%2C300&amp;ssl=1 166w, https:\/\/i0.wp.com\/presspad.pl\/blog\/wp-content\/uploads\/mail-privacy.jpg?resize=83%2C150&amp;ssl=1 83w\" sizes=\"auto, (max-width: 374px) 100vw, 374px\" \/><figcaption id=\"caption-attachment-6696\" class=\"wp-caption-text\">Ochrona prywatno\u015bci poczty wdro\u017cona przez Apple<a href=\"https:\/\/twitter.com\/rjonesy\/status\/1401993816001978375\/photo\/1\" target=\"_blank\" rel=\"noopener\">(\u017ar\u00f3d\u0142o ekranu<\/a>)<\/figcaption><\/figure>\n<p>Zasadniczo, opr\u00f3cz zmian w ustawieniach reklam, najwi\u0119ksz\u0105 modyfikacj\u0105 jest \u015bledzenie wiadomo\u015bci e-mail. Ochrona prywatno\u015bci poczty zostanie uruchomiona jeszcze w tym roku &#8211; mi\u0119dzy wrze\u015bniem a listopadem &#8211; i b\u0119dzie mia\u0142a wp\u0142yw na urz\u0105dzenia z systemem iOS 15, iPadOS 15 i macOS Monterey. <\/p>\n<p><a href=\"https:\/\/edition.cnn.com\/2021\/06\/07\/tech\/wwdc-apple-event-roundup\/index.html\" target=\"_blank\" rel=\"nofollow noopener\">Jak opisuje CNN<\/a>, &#8222;aplikacja e-mail na urz\u0105dzeniach Apple b\u0119dzie teraz ukrywa\u0107 adresy IP u\u017cytkownik\u00f3w i ich lokalizacj\u0119, wi\u0119c firmy wysy\u0142aj\u0105ce e-maile nie b\u0119d\u0105 mog\u0142y powi\u0105za\u0107 tych informacji z inn\u0105 aktywno\u015bci\u0105 online u\u017cytkownik\u00f3w. Ponadto nadawcy nie mog\u0105 zobaczy\u0107, czy lub kiedy u\u017cytkownicy otwieraj\u0105 ich e-maile&#8221;.<\/p>\n<p><strong>Jak wp\u0142ynie to na wydawc\u00f3w?<\/strong><\/p>\n<p>Osoby wysy\u0142aj\u0105ce newslettery mog\u0105 by\u0107 zaniepokojone. Jednak nie powinny. <\/p>\n<p>Oczywi\u015bcie nie b\u0119d\u0105 wiedzie\u0107, czy ich e-maile s\u0105 rzeczywi\u015bcie otwierane. Wska\u017anik otwar\u0107 wydaje si\u0119 by\u0107 wa\u017cn\u0105 cz\u0119\u015bci\u0105 tego, jak wydawcy newsletter\u00f3w sprzedaj\u0105 swoje reklamy &#8211; a tak\u017ce jak oceniaj\u0105 wzgl\u0119dny sukces lub pora\u017ck\u0119 kampanii e-mailowych. <\/p>\n<p><strong>W rzeczywisto\u015bci o wiele wa\u017cniejsze od tego, ile os\u00f3b otworzy\u0142o Twoj\u0105 wiadomo\u015b\u0107 e-mail, jest to, ilu masz subskrybent\u00f3w lub ile os\u00f3b faktycznie klikn\u0119\u0142o Twoje poprzednie reklamy.<\/strong><\/p>\n<p>&#8222;Pisarze mog\u0105 triangulowa\u0107 zaanga\u017cowanie czytelnik\u00f3w za pomoc\u0105 wielu wska\u017anik\u00f3w, kt\u00f3re s\u0105 nadal dla nich dost\u0119pne, w tym wy\u015bwietle\u0144 ich historii w Internecie, og\u00f3lnego wzrostu ich listy mailingowej i &#8211; co najwa\u017cniejsze &#8211; wzrostu ich przychod\u00f3w&#8221; &#8211; twierdzi Casey Newton, pisarz z <a href=\"https:\/\/www.newsmediaalliance.org\/apples-latest-privacy-announcement-will-impact-a-key-tool-in-news-publishers-audience-engagement-toolbox-email-newsletters\/\" target=\"_blank\" rel=\"nofollow noopener\">Platformer<\/a>.<\/p>\n<p><strong>&#8211; Co z reklamami umieszczanymi w biuletynie?<\/strong><\/p>\n<p>Je\u015bli wska\u017aniki otwar\u0107 znikn\u0105, wydawcy b\u0119d\u0105 musieli znale\u017a\u0107 inny spos\u00f3b nie tylko na sprawdzenie skuteczno\u015bci swoich e-maili, ale tak\u017ce na przekonanie reklamodawc\u00f3w, \u017ce maj\u0105 uwa\u017cnych odbiorc\u00f3w.<\/p>\n<p><strong>Niszowe magazyny zn\u00f3w maj\u0105 przewag\u0119. Ich czytelnicy s\u0105 zainteresowani ich tre\u015bci\u0105. Je\u015bli wydawcy wybior\u0105 dla nich odpowiednie informacje, z pewno\u015bci\u0105 otworz\u0105 e-maile.  <\/strong><\/p>\n<p>Jest jeszcze co\u015b, o czym wszyscy powinni pami\u0119ta\u0107.<\/p>\n<p>Ta nowa funkcja Apple wp\u0142ynie na wszystkie wiadomo\u015bci e-mail czytane przez u\u017cytkownik\u00f3w za pomoc\u0105 aplikacji Mail na urz\u0105dzeniach Apple, niezale\u017cnie od klienta poczty e-mail. Gdy ludzie korzystaj\u0105 z Gmaila (nawet na iPhonie), wszystkie dane b\u0119d\u0105 gromadzone. Nowe funkcje Mail Privacy Protection dotycz\u0105 tylko aplikacji Apple Mail.  <\/p>\n<p><a href=\"https:\/\/www.pathwire.com\/research\/email-engagement-2021\" target=\"_blank\" rel=\"nofollow noopener\">Raport Pathwire<\/a> na temat zaanga\u017cowania w poczt\u0119 elektroniczn\u0105 w 2021 r. pokazuje, \u017ce tylko 13,3% respondent\u00f3w u\u017cywa aplikacji Mail do otwierania i czytania prywatnych wiadomo\u015bci e-mail. 52,3% os\u00f3b korzysta z innych aplikacji, takich jak Gmail &#8211; ta grupa nadal podlega gromadzeniu danych. <\/p>\n<h2>Wszystko zale\u017cy od zaufania&#8230; ponownie<\/h2>\n<p>Wielki krzyk, kt\u00f3ry Facebook podni\u00f3s\u0142 po og\u0142oszeniu Apple, m\u00f3g\u0142 by\u0107 tylko g\u0142osem du\u017cych firm reklamowych. Mo\u017ce si\u0119 r\u00f3wnie\u017c okaza\u0107, \u017ce ostatecznie \u015bwiat reklamy mo\u017ce by\u0107 bardziej zdenerwowany aktualizacjami prywatno\u015bci Apple ni\u017c samymi zmianami. <\/p>\n<p><a href=\"https:\/\/qz.com\/1997873\/apples-idfa-privacy-update-threatens-to-upend-the-ad-industry\/\" target=\"_blank\" rel=\"nofollow noopener\">Emily Ryan<\/a>, kt\u00f3ra jest programistk\u0105 user experience wsp\u00f3\u0142pracuj\u0105c\u0105 z wydzia\u0142em praw obywatelskich Departamentu Sprawiedliwo\u015bci Stan\u00f3w Zjednoczonych, zauwa\u017cy\u0142a, \u017ce przejrzyste proszenie u\u017cytkownik\u00f3w o zgod\u0119 na ich \u015bledzenie mo\u017ce by\u0107 \u015bwietn\u0105 okazj\u0105 do zwi\u0119kszenia zaufania.<\/p>\n<p>&#8222;To zale\u017cy tylko od tego, jak my\u015blisz o swojej firmie i czy d\u0142ugoterminowe zaufanie klient\u00f3w jest dla ciebie naprawd\u0119 wa\u017cne&#8221; &#8211; powiedzia\u0142a.<\/p>\n<p>Je\u015bli ludzie zaufaj\u0105 ci jako marce i pokochaj\u0105 twoje tre\u015bci, osi\u0105gniesz dobre wyniki. I b\u0119d\u0105 one m\u00f3wi\u0107 same za siebie, je\u015bli chodzi o wsp\u00f3\u0142prac\u0119 z reklamodawcami. <\/p>\n\n<p><\/p>\n","protected":false},"excerpt":{"rendered":"<p>Apple to firma, kt\u00f3rej nie trzeba przedstawia\u0107. Wraz z Facebookiem i Google dominuje w technologicznym \u015bwiecie i nadaje ton r\u00f3\u017cnego rodzaju biznesom. Ka\u017cda, nawet najmniejsza zmiana wprowadzona przez t\u0119 wielk\u0105 tr\u00f3jk\u0119 mo\u017ce mie\u0107 ogromny wp\u0142yw na ca\u0142y \u015bwiat. Tak w\u0142a\u015bnie sta\u0142o si\u0119 ostatnio za spraw\u0105 og\u0142oszenia nowej polityki prywatno\u015bci przez Apple. Nadszed\u0142 czas, aby powiedzie\u0107 to g\u0142o\u015bno i wyra\u017anie: wydawcy czasopism s\u0105 prawdziwymi zwyci\u0119zcami tej sytuacji. Kto by pomy\u015bla\u0142, \u017ce tak niewielka zmiana wywo\u0142a tyle ha\u0142asu? Kieruj\u0105c si\u0119 przekonaniem, \u017ce prywatno\u015b\u0107 jest podstawowym prawem cz\u0142owieka i jedn\u0105 z ich podstawowych warto\u015bci, Apple zdecydowa\u0142o si\u0119 u\u0142atwi\u0107 ludziom dost\u0119p do ustawie\u0144 polityki prywatno\u015bci. Nie zakazuj\u0105 one \u015bledzenia, ale b\u0119d\u0105 wymaga\u0107 od tw\u00f3rc\u00f3w aplikacji uzyskania zgody u\u017cytkownik\u00f3w na ich \u015bledzenie. Ten ma\u0142y krok mo\u017ce spowodowa\u0107 du\u017ce zmiany na rynku reklamowym, o co martwi si\u0119 wielu przedsi\u0119biorc\u00f3w. Wszystko wskazuje jednak na to, \u017ce wydawcy magazyn\u00f3w mog\u0105 spa\u0107 spokojnie, poniewa\u017c mog\u0105 sta\u0107 si\u0119 bezpiecznymi partnerami biznesowymi dla reklamodawc\u00f3w. Jakie zmiany wprowadzi Apple? Jak wp\u0142ynie to na wydawc\u00f3w czasopism? Je\u015bli chcesz pozna\u0107 odpowiedzi na te pytania, czytaj dalej.<\/p>\n","protected":false},"author":11,"featured_media":9310,"comment_status":"open","ping_status":"open","sticky":false,"template":"","format":"standard","meta":{"rop_custom_images_group":[],"rop_custom_messages_group":[],"rop_publish_now":"initial","rop_publish_now_accounts":{"twitter_333942694_333942694":"","facebook_10225713837976523_125907484158583":""},"rop_publish_now_history":[],"rop_publish_now_status":"pending","_jetpack_newsletter_access":"","_jetpack_dont_email_post_to_subs":false,"_jetpack_newsletter_tier_id":0,"_jetpack_memberships_contains_paywalled_content":false,"_jetpack_memberships_contains_paid_content":false,"footnotes":""},"categories":[283,328,295],"tags":[348,460,307,317,344,459,298,458],"class_list":["post-9596","post","type-post","status-publish","format-standard","has-post-thumbnail","hentry","category-nowosci-wydawnicze","category-publikacja-mobilna","category-publikowanie-magazynow-cyfrowych","tag-aplikacje-mobilne","tag-ios-pl","tag-iphone-pl","tag-jablko","tag-magazyn","tag-polityka-prywatnosci","tag-publikacja-cyfrowa","tag-sledzenie","entry"],"yoast_head":"<!-- This site is optimized with the Yoast SEO plugin v27.5 - https:\/\/yoast.com\/product\/yoast-seo-wordpress\/ -->\n<title>Wydawcy Czasopism S\u0105 Prawdziwymi Zwyci\u0119zcami Nowej Polityki Prywatno\u015bci Apple<\/title>\n<meta name=\"description\" content=\"Apple postanowi\u0142o zmodyfikowa\u0107 ustawienia polityki prywatno\u015bci. Jakie zmiany zostan\u0105 wprowadzone? Jak wp\u0142ynie to na wydawc\u00f3w czasopism?\" \/>\n<meta name=\"robots\" content=\"index, follow, max-snippet:-1, max-image-preview:large, max-video-preview:-1\" \/>\n<link rel=\"canonical\" href=\"https:\/\/presspad.pl\/blog\/wydawcy-czasopism-sa-prawdziwymi-zwyciezcami-nowej-polityki-prywatnosci-apple\/\" \/>\n<meta property=\"og:locale\" content=\"pl_PL\" \/>\n<meta property=\"og:type\" content=\"article\" \/>\n<meta property=\"og:title\" content=\"Wydawcy Czasopism S\u0105 Prawdziwymi Zwyci\u0119zcami Nowej Polityki Prywatno\u015bci Apple\" \/>\n<meta property=\"og:url\" content=\"https:\/\/presspad.pl\/blog\/wydawcy-czasopism-sa-prawdziwymi-zwyciezcami-nowej-polityki-prywatnosci-apple\/\" \/>\n<meta property=\"og:site_name\" content=\"Blog po\u015bwi\u0119cony publikacjom cyfrowym prowadzony przez PressPad\" \/>\n<meta property=\"article:publisher\" content=\"https:\/\/www.facebook.com\/presspad\" \/>\n<meta property=\"article:published_time\" content=\"2021-07-15T11:01:24+00:00\" \/>\n<meta property=\"article:modified_time\" content=\"2025-03-24T12:29:41+00:00\" \/>\n<meta property=\"og:image\" content=\"https:\/\/i0.wp.com\/presspad.pl\/blog\/wp-content\/uploads\/apple-privacy-policy.jpg?fit=900%2C564&ssl=1\" \/>\n\t<meta property=\"og:image:width\" content=\"900\" \/>\n\t<meta property=\"og:image:height\" content=\"564\" \/>\n\t<meta property=\"og:image:type\" content=\"image\/jpeg\" \/>\n<meta name=\"author\" content=\"Paulina Kubala-Chuchnowska\" \/>\n<meta name=\"twitter:card\" content=\"summary_large_image\" \/>\n<meta name=\"twitter:creator\" content=\"@p_chuchnowska\" \/>\n<meta name=\"twitter:site\" content=\"@presspadapp\" \/>\n<meta name=\"twitter:label1\" content=\"Napisane przez\" \/>\n\t<meta name=\"twitter:data1\" content=\"Paulina Kubala-Chuchnowska\" \/>\n\t<meta name=\"twitter:label2\" content=\"Szacowany czas czytania\" \/>\n\t<meta name=\"twitter:data2\" content=\"12 minut\" \/>\n<script type=\"application\/ld+json\" class=\"yoast-schema-graph\">{\"@context\":\"https:\\\/\\\/schema.org\",\"@graph\":[{\"@type\":\"Article\",\"@id\":\"https:\\\/\\\/presspad.pl\\\/blog\\\/wydawcy-czasopism-sa-prawdziwymi-zwyciezcami-nowej-polityki-prywatnosci-apple\\\/#article\",\"isPartOf\":{\"@id\":\"https:\\\/\\\/presspad.pl\\\/blog\\\/wydawcy-czasopism-sa-prawdziwymi-zwyciezcami-nowej-polityki-prywatnosci-apple\\\/\"},\"author\":{\"name\":\"Paulina Kubala-Chuchnowska\",\"@id\":\"https:\\\/\\\/presspad.pl\\\/blog\\\/#\\\/schema\\\/person\\\/d6c7995b8875dd268900d7b512623a72\"},\"headline\":\"Wydawcy Czasopism S\u0105 Prawdziwymi Zwyci\u0119zcami Nowej Polityki Prywatno\u015bci Apple\",\"datePublished\":\"2021-07-15T11:01:24+00:00\",\"dateModified\":\"2025-03-24T12:29:41+00:00\",\"mainEntityOfPage\":{\"@id\":\"https:\\\/\\\/presspad.pl\\\/blog\\\/wydawcy-czasopism-sa-prawdziwymi-zwyciezcami-nowej-polityki-prywatnosci-apple\\\/\"},\"wordCount\":2366,\"commentCount\":0,\"publisher\":{\"@id\":\"https:\\\/\\\/presspad.pl\\\/blog\\\/#organization\"},\"image\":{\"@id\":\"https:\\\/\\\/presspad.pl\\\/blog\\\/wydawcy-czasopism-sa-prawdziwymi-zwyciezcami-nowej-polityki-prywatnosci-apple\\\/#primaryimage\"},\"thumbnailUrl\":\"https:\\\/\\\/i0.wp.com\\\/presspad.pl\\\/blog\\\/wp-content\\\/uploads\\\/apple-privacy-policy.jpg?fit=900%2C564&ssl=1\",\"keywords\":[\"aplikacje mobilne\",\"iOS\",\"iphone\",\"jab\u0142ko\",\"magazyn\",\"polityka prywatno\u015bci\",\"publikacja cyfrowa\",\"\u015bledzenie\"],\"articleSection\":[\"Nowo\u015bci wydawnicze\",\"Publikacja mobilna\",\"publikowanie magazyn\u00f3w cyfrowych\"],\"inLanguage\":\"pl-PL\",\"potentialAction\":[{\"@type\":\"CommentAction\",\"name\":\"Comment\",\"target\":[\"https:\\\/\\\/presspad.pl\\\/blog\\\/wydawcy-czasopism-sa-prawdziwymi-zwyciezcami-nowej-polityki-prywatnosci-apple\\\/#respond\"]}]},{\"@type\":\"WebPage\",\"@id\":\"https:\\\/\\\/presspad.pl\\\/blog\\\/wydawcy-czasopism-sa-prawdziwymi-zwyciezcami-nowej-polityki-prywatnosci-apple\\\/\",\"url\":\"https:\\\/\\\/presspad.pl\\\/blog\\\/wydawcy-czasopism-sa-prawdziwymi-zwyciezcami-nowej-polityki-prywatnosci-apple\\\/\",\"name\":\"Wydawcy Czasopism S\u0105 Prawdziwymi Zwyci\u0119zcami Nowej Polityki Prywatno\u015bci Apple\",\"isPartOf\":{\"@id\":\"https:\\\/\\\/presspad.pl\\\/blog\\\/#website\"},\"primaryImageOfPage\":{\"@id\":\"https:\\\/\\\/presspad.pl\\\/blog\\\/wydawcy-czasopism-sa-prawdziwymi-zwyciezcami-nowej-polityki-prywatnosci-apple\\\/#primaryimage\"},\"image\":{\"@id\":\"https:\\\/\\\/presspad.pl\\\/blog\\\/wydawcy-czasopism-sa-prawdziwymi-zwyciezcami-nowej-polityki-prywatnosci-apple\\\/#primaryimage\"},\"thumbnailUrl\":\"https:\\\/\\\/i0.wp.com\\\/presspad.pl\\\/blog\\\/wp-content\\\/uploads\\\/apple-privacy-policy.jpg?fit=900%2C564&ssl=1\",\"datePublished\":\"2021-07-15T11:01:24+00:00\",\"dateModified\":\"2025-03-24T12:29:41+00:00\",\"description\":\"Apple postanowi\u0142o zmodyfikowa\u0107 ustawienia polityki prywatno\u015bci. Jakie zmiany zostan\u0105 wprowadzone? Jak wp\u0142ynie to na wydawc\u00f3w czasopism?\",\"breadcrumb\":{\"@id\":\"https:\\\/\\\/presspad.pl\\\/blog\\\/wydawcy-czasopism-sa-prawdziwymi-zwyciezcami-nowej-polityki-prywatnosci-apple\\\/#breadcrumb\"},\"inLanguage\":\"pl-PL\",\"potentialAction\":[{\"@type\":\"ReadAction\",\"target\":[\"https:\\\/\\\/presspad.pl\\\/blog\\\/wydawcy-czasopism-sa-prawdziwymi-zwyciezcami-nowej-polityki-prywatnosci-apple\\\/\"]}]},{\"@type\":\"ImageObject\",\"inLanguage\":\"pl-PL\",\"@id\":\"https:\\\/\\\/presspad.pl\\\/blog\\\/wydawcy-czasopism-sa-prawdziwymi-zwyciezcami-nowej-polityki-prywatnosci-apple\\\/#primaryimage\",\"url\":\"https:\\\/\\\/i0.wp.com\\\/presspad.pl\\\/blog\\\/wp-content\\\/uploads\\\/apple-privacy-policy.jpg?fit=900%2C564&ssl=1\",\"contentUrl\":\"https:\\\/\\\/i0.wp.com\\\/presspad.pl\\\/blog\\\/wp-content\\\/uploads\\\/apple-privacy-policy.jpg?fit=900%2C564&ssl=1\",\"width\":900,\"height\":564},{\"@type\":\"BreadcrumbList\",\"@id\":\"https:\\\/\\\/presspad.pl\\\/blog\\\/wydawcy-czasopism-sa-prawdziwymi-zwyciezcami-nowej-polityki-prywatnosci-apple\\\/#breadcrumb\",\"itemListElement\":[{\"@type\":\"ListItem\",\"position\":1,\"name\":\"Strona g\u0142\u00f3wna\",\"item\":\"https:\\\/\\\/presspad.pl\\\/blog\\\/\"},{\"@type\":\"ListItem\",\"position\":2,\"name\":\"Nowo\u015bci wydawnicze\",\"item\":\"https:\\\/\\\/presspad.pl\\\/blog\\\/category\\\/nowosci-wydawnicze\\\/\"},{\"@type\":\"ListItem\",\"position\":3,\"name\":\"Wydawcy Czasopism S\u0105 Prawdziwymi Zwyci\u0119zcami Nowej Polityki Prywatno\u015bci Apple\"}]},{\"@type\":\"WebSite\",\"@id\":\"https:\\\/\\\/presspad.pl\\\/blog\\\/#website\",\"url\":\"https:\\\/\\\/presspad.pl\\\/blog\\\/\",\"name\":\"Blog po\u015bwi\u0119cony publikacjom cyfrowym prowadzony przez PressPad\",\"description\":\"Blog o publikacjach cyfrowych; Aplikacje dla czasopism i porady marketingowe PressPad\",\"publisher\":{\"@id\":\"https:\\\/\\\/presspad.pl\\\/blog\\\/#organization\"},\"potentialAction\":[{\"@type\":\"SearchAction\",\"target\":{\"@type\":\"EntryPoint\",\"urlTemplate\":\"https:\\\/\\\/presspad.pl\\\/blog\\\/?s={search_term_string}\"},\"query-input\":{\"@type\":\"PropertyValueSpecification\",\"valueRequired\":true,\"valueName\":\"search_term_string\"}}],\"inLanguage\":\"pl-PL\"},{\"@type\":\"Organization\",\"@id\":\"https:\\\/\\\/presspad.pl\\\/blog\\\/#organization\",\"name\":\"PressPad\",\"url\":\"https:\\\/\\\/presspad.pl\\\/blog\\\/\",\"logo\":{\"@type\":\"ImageObject\",\"inLanguage\":\"pl-PL\",\"@id\":\"https:\\\/\\\/presspad.pl\\\/blog\\\/#\\\/schema\\\/logo\\\/image\\\/\",\"url\":\"https:\\\/\\\/i0.wp.com\\\/presspad.pl\\\/blog\\\/wp-content\\\/uploads\\\/2013\\\/10\\\/PressPad_LOGO_main_horizontal_gradient.png?fit=800%2C300&ssl=1\",\"contentUrl\":\"https:\\\/\\\/i0.wp.com\\\/presspad.pl\\\/blog\\\/wp-content\\\/uploads\\\/2013\\\/10\\\/PressPad_LOGO_main_horizontal_gradient.png?fit=800%2C300&ssl=1\",\"width\":800,\"height\":300,\"caption\":\"PressPad\"},\"image\":{\"@id\":\"https:\\\/\\\/presspad.pl\\\/blog\\\/#\\\/schema\\\/logo\\\/image\\\/\"},\"sameAs\":[\"https:\\\/\\\/www.facebook.com\\\/presspad\",\"https:\\\/\\\/x.com\\\/presspadapp\",\"https:\\\/\\\/www.instagram.com\\\/presspadapp\\\/\",\"https:\\\/\\\/www.linkedin.com\\\/company\\\/2033158\",\"https:\\\/\\\/www.pinterest.com\\\/presspad\\\/\",\"https:\\\/\\\/www.youtube.com\\\/user\\\/presspad\"]},{\"@type\":\"Person\",\"@id\":\"https:\\\/\\\/presspad.pl\\\/blog\\\/#\\\/schema\\\/person\\\/d6c7995b8875dd268900d7b512623a72\",\"name\":\"Paulina Kubala-Chuchnowska\",\"image\":{\"@type\":\"ImageObject\",\"inLanguage\":\"pl-PL\",\"@id\":\"https:\\\/\\\/secure.gravatar.com\\\/avatar\\\/560ac22b605fd59a297bfc30fdcebb22279a082d1e6dd530ce293a512199f098?s=96&r=g\",\"url\":\"https:\\\/\\\/secure.gravatar.com\\\/avatar\\\/560ac22b605fd59a297bfc30fdcebb22279a082d1e6dd530ce293a512199f098?s=96&r=g\",\"contentUrl\":\"https:\\\/\\\/secure.gravatar.com\\\/avatar\\\/560ac22b605fd59a297bfc30fdcebb22279a082d1e6dd530ce293a512199f098?s=96&r=g\",\"caption\":\"Paulina Kubala-Chuchnowska\"},\"description\":\"www.presspadapp.com\",\"sameAs\":[\"https:\\\/\\\/www.presspadapp.com\\\/blog\",\"https:\\\/\\\/x.com\\\/p_chuchnowska\"],\"url\":\"https:\\\/\\\/presspad.pl\\\/blog\\\/author\\\/paulina\\\/\"}]}<\/script>\n<!-- \/ Yoast SEO plugin. -->","yoast_head_json":{"title":"Wydawcy Czasopism S\u0105 Prawdziwymi Zwyci\u0119zcami Nowej Polityki Prywatno\u015bci Apple","description":"Apple postanowi\u0142o zmodyfikowa\u0107 ustawienia polityki prywatno\u015bci. Jakie zmiany zostan\u0105 wprowadzone? Jak wp\u0142ynie to na wydawc\u00f3w czasopism?","robots":{"index":"index","follow":"follow","max-snippet":"max-snippet:-1","max-image-preview":"max-image-preview:large","max-video-preview":"max-video-preview:-1"},"canonical":"https:\/\/presspad.pl\/blog\/wydawcy-czasopism-sa-prawdziwymi-zwyciezcami-nowej-polityki-prywatnosci-apple\/","og_locale":"pl_PL","og_type":"article","og_title":"Wydawcy Czasopism S\u0105 Prawdziwymi Zwyci\u0119zcami Nowej Polityki Prywatno\u015bci Apple","og_url":"https:\/\/presspad.pl\/blog\/wydawcy-czasopism-sa-prawdziwymi-zwyciezcami-nowej-polityki-prywatnosci-apple\/","og_site_name":"Blog po\u015bwi\u0119cony publikacjom cyfrowym prowadzony przez PressPad","article_publisher":"https:\/\/www.facebook.com\/presspad","article_published_time":"2021-07-15T11:01:24+00:00","article_modified_time":"2025-03-24T12:29:41+00:00","og_image":[{"width":900,"height":564,"url":"https:\/\/i0.wp.com\/presspad.pl\/blog\/wp-content\/uploads\/apple-privacy-policy.jpg?fit=900%2C564&ssl=1","type":"image\/jpeg"}],"author":"Paulina Kubala-Chuchnowska","twitter_card":"summary_large_image","twitter_creator":"@p_chuchnowska","twitter_site":"@presspadapp","twitter_misc":{"Napisane przez":"Paulina Kubala-Chuchnowska","Szacowany czas czytania":"12 minut"},"schema":{"@context":"https:\/\/schema.org","@graph":[{"@type":"Article","@id":"https:\/\/presspad.pl\/blog\/wydawcy-czasopism-sa-prawdziwymi-zwyciezcami-nowej-polityki-prywatnosci-apple\/#article","isPartOf":{"@id":"https:\/\/presspad.pl\/blog\/wydawcy-czasopism-sa-prawdziwymi-zwyciezcami-nowej-polityki-prywatnosci-apple\/"},"author":{"name":"Paulina Kubala-Chuchnowska","@id":"https:\/\/presspad.pl\/blog\/#\/schema\/person\/d6c7995b8875dd268900d7b512623a72"},"headline":"Wydawcy Czasopism S\u0105 Prawdziwymi Zwyci\u0119zcami Nowej Polityki Prywatno\u015bci Apple","datePublished":"2021-07-15T11:01:24+00:00","dateModified":"2025-03-24T12:29:41+00:00","mainEntityOfPage":{"@id":"https:\/\/presspad.pl\/blog\/wydawcy-czasopism-sa-prawdziwymi-zwyciezcami-nowej-polityki-prywatnosci-apple\/"},"wordCount":2366,"commentCount":0,"publisher":{"@id":"https:\/\/presspad.pl\/blog\/#organization"},"image":{"@id":"https:\/\/presspad.pl\/blog\/wydawcy-czasopism-sa-prawdziwymi-zwyciezcami-nowej-polityki-prywatnosci-apple\/#primaryimage"},"thumbnailUrl":"https:\/\/i0.wp.com\/presspad.pl\/blog\/wp-content\/uploads\/apple-privacy-policy.jpg?fit=900%2C564&ssl=1","keywords":["aplikacje mobilne","iOS","iphone","jab\u0142ko","magazyn","polityka prywatno\u015bci","publikacja cyfrowa","\u015bledzenie"],"articleSection":["Nowo\u015bci wydawnicze","Publikacja mobilna","publikowanie magazyn\u00f3w cyfrowych"],"inLanguage":"pl-PL","potentialAction":[{"@type":"CommentAction","name":"Comment","target":["https:\/\/presspad.pl\/blog\/wydawcy-czasopism-sa-prawdziwymi-zwyciezcami-nowej-polityki-prywatnosci-apple\/#respond"]}]},{"@type":"WebPage","@id":"https:\/\/presspad.pl\/blog\/wydawcy-czasopism-sa-prawdziwymi-zwyciezcami-nowej-polityki-prywatnosci-apple\/","url":"https:\/\/presspad.pl\/blog\/wydawcy-czasopism-sa-prawdziwymi-zwyciezcami-nowej-polityki-prywatnosci-apple\/","name":"Wydawcy Czasopism S\u0105 Prawdziwymi Zwyci\u0119zcami Nowej Polityki Prywatno\u015bci Apple","isPartOf":{"@id":"https:\/\/presspad.pl\/blog\/#website"},"primaryImageOfPage":{"@id":"https:\/\/presspad.pl\/blog\/wydawcy-czasopism-sa-prawdziwymi-zwyciezcami-nowej-polityki-prywatnosci-apple\/#primaryimage"},"image":{"@id":"https:\/\/presspad.pl\/blog\/wydawcy-czasopism-sa-prawdziwymi-zwyciezcami-nowej-polityki-prywatnosci-apple\/#primaryimage"},"thumbnailUrl":"https:\/\/i0.wp.com\/presspad.pl\/blog\/wp-content\/uploads\/apple-privacy-policy.jpg?fit=900%2C564&ssl=1","datePublished":"2021-07-15T11:01:24+00:00","dateModified":"2025-03-24T12:29:41+00:00","description":"Apple postanowi\u0142o zmodyfikowa\u0107 ustawienia polityki prywatno\u015bci. Jakie zmiany zostan\u0105 wprowadzone? Jak wp\u0142ynie to na wydawc\u00f3w czasopism?","breadcrumb":{"@id":"https:\/\/presspad.pl\/blog\/wydawcy-czasopism-sa-prawdziwymi-zwyciezcami-nowej-polityki-prywatnosci-apple\/#breadcrumb"},"inLanguage":"pl-PL","potentialAction":[{"@type":"ReadAction","target":["https:\/\/presspad.pl\/blog\/wydawcy-czasopism-sa-prawdziwymi-zwyciezcami-nowej-polityki-prywatnosci-apple\/"]}]},{"@type":"ImageObject","inLanguage":"pl-PL","@id":"https:\/\/presspad.pl\/blog\/wydawcy-czasopism-sa-prawdziwymi-zwyciezcami-nowej-polityki-prywatnosci-apple\/#primaryimage","url":"https:\/\/i0.wp.com\/presspad.pl\/blog\/wp-content\/uploads\/apple-privacy-policy.jpg?fit=900%2C564&ssl=1","contentUrl":"https:\/\/i0.wp.com\/presspad.pl\/blog\/wp-content\/uploads\/apple-privacy-policy.jpg?fit=900%2C564&ssl=1","width":900,"height":564},{"@type":"BreadcrumbList","@id":"https:\/\/presspad.pl\/blog\/wydawcy-czasopism-sa-prawdziwymi-zwyciezcami-nowej-polityki-prywatnosci-apple\/#breadcrumb","itemListElement":[{"@type":"ListItem","position":1,"name":"Strona g\u0142\u00f3wna","item":"https:\/\/presspad.pl\/blog\/"},{"@type":"ListItem","position":2,"name":"Nowo\u015bci wydawnicze","item":"https:\/\/presspad.pl\/blog\/category\/nowosci-wydawnicze\/"},{"@type":"ListItem","position":3,"name":"Wydawcy Czasopism S\u0105 Prawdziwymi Zwyci\u0119zcami Nowej Polityki Prywatno\u015bci Apple"}]},{"@type":"WebSite","@id":"https:\/\/presspad.pl\/blog\/#website","url":"https:\/\/presspad.pl\/blog\/","name":"Blog po\u015bwi\u0119cony publikacjom cyfrowym prowadzony przez PressPad","description":"Blog o publikacjach cyfrowych; Aplikacje dla czasopism i porady marketingowe PressPad","publisher":{"@id":"https:\/\/presspad.pl\/blog\/#organization"},"potentialAction":[{"@type":"SearchAction","target":{"@type":"EntryPoint","urlTemplate":"https:\/\/presspad.pl\/blog\/?s={search_term_string}"},"query-input":{"@type":"PropertyValueSpecification","valueRequired":true,"valueName":"search_term_string"}}],"inLanguage":"pl-PL"},{"@type":"Organization","@id":"https:\/\/presspad.pl\/blog\/#organization","name":"PressPad","url":"https:\/\/presspad.pl\/blog\/","logo":{"@type":"ImageObject","inLanguage":"pl-PL","@id":"https:\/\/presspad.pl\/blog\/#\/schema\/logo\/image\/","url":"https:\/\/i0.wp.com\/presspad.pl\/blog\/wp-content\/uploads\/2013\/10\/PressPad_LOGO_main_horizontal_gradient.png?fit=800%2C300&ssl=1","contentUrl":"https:\/\/i0.wp.com\/presspad.pl\/blog\/wp-content\/uploads\/2013\/10\/PressPad_LOGO_main_horizontal_gradient.png?fit=800%2C300&ssl=1","width":800,"height":300,"caption":"PressPad"},"image":{"@id":"https:\/\/presspad.pl\/blog\/#\/schema\/logo\/image\/"},"sameAs":["https:\/\/www.facebook.com\/presspad","https:\/\/x.com\/presspadapp","https:\/\/www.instagram.com\/presspadapp\/","https:\/\/www.linkedin.com\/company\/2033158","https:\/\/www.pinterest.com\/presspad\/","https:\/\/www.youtube.com\/user\/presspad"]},{"@type":"Person","@id":"https:\/\/presspad.pl\/blog\/#\/schema\/person\/d6c7995b8875dd268900d7b512623a72","name":"Paulina Kubala-Chuchnowska","image":{"@type":"ImageObject","inLanguage":"pl-PL","@id":"https:\/\/secure.gravatar.com\/avatar\/560ac22b605fd59a297bfc30fdcebb22279a082d1e6dd530ce293a512199f098?s=96&r=g","url":"https:\/\/secure.gravatar.com\/avatar\/560ac22b605fd59a297bfc30fdcebb22279a082d1e6dd530ce293a512199f098?s=96&r=g","contentUrl":"https:\/\/secure.gravatar.com\/avatar\/560ac22b605fd59a297bfc30fdcebb22279a082d1e6dd530ce293a512199f098?s=96&r=g","caption":"Paulina Kubala-Chuchnowska"},"description":"www.presspadapp.com","sameAs":["https:\/\/www.presspadapp.com\/blog","https:\/\/x.com\/p_chuchnowska"],"url":"https:\/\/presspad.pl\/blog\/author\/paulina\/"}]}},"jetpack_featured_media_url":"https:\/\/i0.wp.com\/presspad.pl\/blog\/wp-content\/uploads\/apple-privacy-policy.jpg?fit=900%2C564&ssl=1","jetpack_sharing_enabled":true,"jetpack_shortlink":"https:\/\/wp.me\/pbs6e8-2uM","jetpack-related-posts":[{"id":9491,"url":"https:\/\/presspad.pl\/blog\/tworzenie-dedykowanej-aplikacji-kiosku-dla-ipada\/","url_meta":{"origin":9596,"position":0},"title":"Tworzenie Dedykowanej Aplikacji Kiosku Dla IPada","author":"Paulina Kubala-Chuchnowska","date":"17 stycznia, 2013","format":false,"excerpt":"Obecnie istniej\u0105 dwa trendy w dziedzinie aplikacji magazynowych na iPada; pierwszy to tworzenie dedykowanych aplikacji, a drugi dotyczy aplikacji internetowych. W dzisiejszym wpisie zajmiemy si\u0119 pierwszym podej\u015bciem i przyjrzymy si\u0119 procesowi dodawania aplikacji do App Store. W PressPad ka\u017cdy z naszych klient\u00f3w otrzymuje w\u0142asn\u0105 aplikacj\u0119. Decyduj\u0105c si\u0119 na zam\u00f3wienie w\u0142asnej\u2026","rel":"","context":"W &quot;Produkt&quot;","block_context":{"text":"Produkt","link":"https:\/\/presspad.pl\/blog\/category\/produkt\/"},"img":{"alt_text":"","src":"https:\/\/i0.wp.com\/presspad.pl\/blog\/wp-content\/uploads\/ipad-newsstand-app.png?fit=757%2C366&ssl=1&resize=350%2C200","width":350,"height":200,"srcset":"https:\/\/i0.wp.com\/presspad.pl\/blog\/wp-content\/uploads\/ipad-newsstand-app.png?fit=757%2C366&ssl=1&resize=350%2C200 1x, https:\/\/i0.wp.com\/presspad.pl\/blog\/wp-content\/uploads\/ipad-newsstand-app.png?fit=757%2C366&ssl=1&resize=525%2C300 1.5x, https:\/\/i0.wp.com\/presspad.pl\/blog\/wp-content\/uploads\/ipad-newsstand-app.png?fit=757%2C366&ssl=1&resize=700%2C400 2x"},"classes":[]},{"id":9631,"url":"https:\/\/presspad.pl\/blog\/rozwoj-aplikacji-mobilnych-trwa-przedstawiamy-zupelnie-nowa-aplikacje-magazynu-dla-ios\/","url_meta":{"origin":9596,"position":1},"title":"Rozw\u00f3j Aplikacji Mobilnych Trwa &#8211; Przedstawiamy Zupe\u0142nie Now\u0105 Aplikacj\u0119 Magazynu Dla IOS","author":"Paulina Kubala-Chuchnowska","date":"21 stycznia, 2021","format":false,"excerpt":"Tworzenie aplikacji mobilnej zaj\u0119\u0142o nam troch\u0119 czasu, ale warto by\u0142o czeka\u0107. PressPad, firma zajmuj\u0105ca si\u0119 tworzeniem aplikacji mobilnych, wkroczy\u0142a w nowy rok z hukiem, og\u0142aszaj\u0105c now\u0105 mobiln\u0105 aplikacj\u0119 magazynow\u0105 dla systemu iOS. Jest to kolejny krok naprz\u00f3d w ewolucji firmy, kt\u00f3ry jest nast\u0119pstwem procesu redefinicji aplikacji opartych na PDF. Ich\u2026","rel":"","context":"W &quot;Produkt&quot;","block_context":{"text":"Produkt","link":"https:\/\/presspad.pl\/blog\/category\/produkt\/"},"img":{"alt_text":"","src":"https:\/\/i0.wp.com\/presspad.pl\/blog\/wp-content\/uploads\/new-magazine-app-from-presspad.png?fit=977%2C628&ssl=1&resize=350%2C200","width":350,"height":200,"srcset":"https:\/\/i0.wp.com\/presspad.pl\/blog\/wp-content\/uploads\/new-magazine-app-from-presspad.png?fit=977%2C628&ssl=1&resize=350%2C200 1x, https:\/\/i0.wp.com\/presspad.pl\/blog\/wp-content\/uploads\/new-magazine-app-from-presspad.png?fit=977%2C628&ssl=1&resize=525%2C300 1.5x, https:\/\/i0.wp.com\/presspad.pl\/blog\/wp-content\/uploads\/new-magazine-app-from-presspad.png?fit=977%2C628&ssl=1&resize=700%2C400 2x"},"classes":[]},{"id":9464,"url":"https:\/\/presspad.pl\/blog\/twoj-ipad-magazine-moze-wygladac-tak-na-apple-ios7\/","url_meta":{"origin":9596,"position":2},"title":"Tw\u00f3j iPad Magazine Mo\u017ce Wygl\u0105da\u0107 Tak Na Apple IOS7","author":"Wojtek Szywalski","date":"24 wrze\u015bnia, 2013","format":false,"excerpt":"Kiedy Apple wprowadzi\u0142o nowy mobilny system operacyjny iOS7, nasz zesp\u00f3\u0142 w\u0142a\u015bnie zako\u0144czy\u0142 prac\u0119 nad now\u0105 wersj\u0105 mobilnej aplikacji magazynowej. Aplikacja PressPad umo\u017cliwia subskrybentom pobieranie i czytanie cyfrowych magazyn\u00f3w publikowanych przez naszych redaktor\u00f3w. W tym artykule ujawniamy wygl\u0105d naszej nowej aplikacji mobilnej zoptymalizowanej dla systemu iOS7.Firma Apple wyda\u0142a sw\u00f3j nowy, innowacyjny\u2026","rel":"","context":"W &quot;Produkt&quot;","block_context":{"text":"Produkt","link":"https:\/\/presspad.pl\/blog\/category\/produkt\/"},"img":{"alt_text":"","src":"https:\/\/i0.wp.com\/presspad.pl\/blog\/wp-content\/uploads\/2013\/09\/your-ios-ipad-magazine-can-look-like-that-on-apple-ios7.jpg?fit=650%2C488&ssl=1&resize=350%2C200","width":350,"height":200,"srcset":"https:\/\/i0.wp.com\/presspad.pl\/blog\/wp-content\/uploads\/2013\/09\/your-ios-ipad-magazine-can-look-like-that-on-apple-ios7.jpg?fit=650%2C488&ssl=1&resize=350%2C200 1x, https:\/\/i0.wp.com\/presspad.pl\/blog\/wp-content\/uploads\/2013\/09\/your-ios-ipad-magazine-can-look-like-that-on-apple-ios7.jpg?fit=650%2C488&ssl=1&resize=525%2C300 1.5x"},"classes":[]},{"id":9614,"url":"https:\/\/presspad.pl\/blog\/pozyskaj-wydawce-lub-opublikuj-swoj-magazyn-samodzielnie\/","url_meta":{"origin":9596,"position":3},"title":"Pozyskaj Wydawc\u0119 Lub Opublikuj Sw\u00f3j Magazyn Samodzielnie","author":"Paulina Kubala-Chuchnowska","date":"16 listopada, 2022","format":false,"excerpt":"Czy kiedykolwiek zastanawia\u0142e\u015b si\u0119 nad procesem tworzenia ksi\u0105\u017cki lub magazynu? Jak to wygl\u0105da krok po kroku? Jak\u0105 drog\u0119 przechodzi publikacja od nowego pomys\u0142u do kompletnego wydania? Cel jest zawsze ten sam - podbi\u0107 serca czytelnik\u00f3w, ale sposobem na to jest zdobycie wydawcy. Przynajmniej tak by\u0142o do tej pory. Wydawnictwa si\u0119\u2026","rel":"","context":"W &quot;publikowanie magazyn\u00f3w cyfrowych&quot;","block_context":{"text":"publikowanie magazyn\u00f3w cyfrowych","link":"https:\/\/presspad.pl\/blog\/category\/publikowanie-magazynow-cyfrowych\/"},"img":{"alt_text":"","src":"https:\/\/i0.wp.com\/presspad.pl\/blog\/wp-content\/uploads\/get-a-publisher-or-selfpublish.jpeg?fit=855%2C455&ssl=1&resize=350%2C200","width":350,"height":200,"srcset":"https:\/\/i0.wp.com\/presspad.pl\/blog\/wp-content\/uploads\/get-a-publisher-or-selfpublish.jpeg?fit=855%2C455&ssl=1&resize=350%2C200 1x, https:\/\/i0.wp.com\/presspad.pl\/blog\/wp-content\/uploads\/get-a-publisher-or-selfpublish.jpeg?fit=855%2C455&ssl=1&resize=525%2C300 1.5x, https:\/\/i0.wp.com\/presspad.pl\/blog\/wp-content\/uploads\/get-a-publisher-or-selfpublish.jpeg?fit=855%2C455&ssl=1&resize=700%2C400 2x"},"classes":[]},{"id":9460,"url":"https:\/\/presspad.pl\/blog\/presspad-sprawia-ze-publikowanie-czasopism-na-androidzie-i-ios-jest-latwe-jak-nigdy-dotad\/","url_meta":{"origin":9596,"position":4},"title":"PressPad Sprawia, \u017ce Publikowanie Czasopism Na Androidzie I IOS Jest \u0142atwe Jak Nigdy Dot\u0105d","author":"Wojtek Szywalski","date":"23 pa\u017adziernika, 2013","format":false,"excerpt":"PressPad sprawia, \u017ce selfpublishing na Androidzie staje si\u0119 przyst\u0119pny dla autor\u00f3w na ca\u0142ym \u015bwieciePressPad, samoobs\u0142ugowy startup zajmuj\u0105cy si\u0119 publikacj\u0105 na tablety i smartfony, by\u0142 w stanie zrobi\u0107 kolejny wielki krok naprz\u00f3d, aby cyfrowe publikacje by\u0142y bardziej przyst\u0119pne cenowo i dost\u0119pne na platformach mobilnych. Wsparcie dla platformy Android by\u0142o oczekiwane przez\u2026","rel":"","context":"W &quot;Komunikaty prasowe&quot;","block_context":{"text":"Komunikaty prasowe","link":"https:\/\/presspad.pl\/blog\/category\/komunikaty-prasowe\/"},"img":{"alt_text":"","src":"https:\/\/i0.wp.com\/presspad.pl\/blog\/wp-content\/uploads\/2013\/10\/PressPad_LOGO_main_horizontal_gradient.png?resize=350%2C200","width":350,"height":200,"srcset":"https:\/\/i0.wp.com\/presspad.pl\/blog\/wp-content\/uploads\/2013\/10\/PressPad_LOGO_main_horizontal_gradient.png?resize=350%2C200 1x, https:\/\/i0.wp.com\/presspad.pl\/blog\/wp-content\/uploads\/2013\/10\/PressPad_LOGO_main_horizontal_gradient.png?resize=525%2C300 1.5x, https:\/\/i0.wp.com\/presspad.pl\/blog\/wp-content\/uploads\/2013\/10\/PressPad_LOGO_main_horizontal_gradient.png?resize=700%2C400 2x"},"classes":[]},{"id":9641,"url":"https:\/\/presspad.pl\/blog\/znaczenie-cyfrowej-transformacji-dla-wydawcow-czasopism-w-2023-r\/","url_meta":{"origin":9596,"position":5},"title":"Znaczenie Cyfrowej Transformacji Dla Wydawc\u00f3w Czasopism W 2023 R.","author":"Paulina Kubala-Chuchnowska","date":"19 czerwca, 2023","format":false,"excerpt":"\u017byjemy w niesamowitym wieku, wieku cyfrowej transformacji. Jeste\u015bmy \u015bwiadkami ogromnych, a zarazem fascynuj\u0105cych zmian, kt\u00f3re dotykaj\u0105 niemal ka\u017cdej bran\u017cy na \u015bwiecie. Nie inaczej jest z bran\u017c\u0105 wydawnicz\u0105. Wydawnictwa magazynowe znajduj\u0105 si\u0119 w samym \u015brodku procesu cyfrowej rewolucji, a ten rok wydaje si\u0119 by\u0107 dla nich kluczowym momentem. To, co obecnie\u2026","rel":"","context":"W &quot;Oprogramowanie do publikacji cyfrowych&quot;","block_context":{"text":"Oprogramowanie do publikacji cyfrowych","link":"https:\/\/presspad.pl\/blog\/category\/oprogramowanie-do-publikacji-cyfrowych\/"},"img":{"alt_text":"","src":"https:\/\/i0.wp.com\/presspad.pl\/blog\/wp-content\/uploads\/digital_transformation-.jpeg?fit=1000%2C556&ssl=1&resize=350%2C200","width":350,"height":200,"srcset":"https:\/\/i0.wp.com\/presspad.pl\/blog\/wp-content\/uploads\/digital_transformation-.jpeg?fit=1000%2C556&ssl=1&resize=350%2C200 1x, https:\/\/i0.wp.com\/presspad.pl\/blog\/wp-content\/uploads\/digital_transformation-.jpeg?fit=1000%2C556&ssl=1&resize=525%2C300 1.5x, https:\/\/i0.wp.com\/presspad.pl\/blog\/wp-content\/uploads\/digital_transformation-.jpeg?fit=1000%2C556&ssl=1&resize=700%2C400 2x"},"classes":[]}],"amp_enabled":true,"_links":{"self":[{"href":"https:\/\/presspad.pl\/blog\/wp-json\/wp\/v2\/posts\/9596","targetHints":{"allow":["GET"]}}],"collection":[{"href":"https:\/\/presspad.pl\/blog\/wp-json\/wp\/v2\/posts"}],"about":[{"href":"https:\/\/presspad.pl\/blog\/wp-json\/wp\/v2\/types\/post"}],"author":[{"embeddable":true,"href":"https:\/\/presspad.pl\/blog\/wp-json\/wp\/v2\/users\/11"}],"replies":[{"embeddable":true,"href":"https:\/\/presspad.pl\/blog\/wp-json\/wp\/v2\/comments?post=9596"}],"version-history":[{"count":1,"href":"https:\/\/presspad.pl\/blog\/wp-json\/wp\/v2\/posts\/9596\/revisions"}],"predecessor-version":[{"id":9597,"href":"https:\/\/presspad.pl\/blog\/wp-json\/wp\/v2\/posts\/9596\/revisions\/9597"}],"wp:featuredmedia":[{"embeddable":true,"href":"https:\/\/presspad.pl\/blog\/wp-json\/wp\/v2\/media\/9310"}],"wp:attachment":[{"href":"https:\/\/presspad.pl\/blog\/wp-json\/wp\/v2\/media?parent=9596"}],"wp:term":[{"taxonomy":"category","embeddable":true,"href":"https:\/\/presspad.pl\/blog\/wp-json\/wp\/v2\/categories?post=9596"},{"taxonomy":"post_tag","embeddable":true,"href":"https:\/\/presspad.pl\/blog\/wp-json\/wp\/v2\/tags?post=9596"}],"curies":[{"name":"wp","href":"https:\/\/api.w.org\/{rel}","templated":true}]}}