{"id":9618,"date":"2020-04-01T11:00:14","date_gmt":"2020-04-01T09:00:14","guid":{"rendered":"https:\/\/www.presspadapp.com\/blog\/facebook-inwestuje-dodatkowe-miliony-we-wsparcie-branzy-informacyjnej\/"},"modified":"2025-03-24T14:29:46","modified_gmt":"2025-03-24T12:29:46","slug":"facebook-inwestuje-dodatkowe-miliony-we-wsparcie-branzy-informacyjnej","status":"publish","type":"post","link":"https:\/\/presspad.pl\/blog\/facebook-inwestuje-dodatkowe-miliony-we-wsparcie-branzy-informacyjnej\/","title":{"rendered":"Facebook Inwestuje Dodatkowe Miliony We Wsparcie Bran\u017cy Informacyjnej"},"content":{"rendered":"\n<h2 class=\"wp-block-heading\">Kryzys zwi\u0105zany z koronawirusem wp\u0142ywa na bran\u017c\u0119 informacyjn\u0105. Ludzie domagaj\u0105 si\u0119 dok\u0142adnych informacji. Rosn\u0105ce znaczenie dziennikarstwa lokalnego jest faktem. Ale w jaki spos\u00f3b wydawcy wiadomo\u015bci mog\u0105 zbli\u017cy\u0107 si\u0119 do czytelnik\u00f3w z dok\u0142adnymi informacjami?   <\/h2>\n\n<p>Zgodnie z komunikatem na Facebooku, bran\u017ca informacyjna pracuje w nadzwyczajnych warunkach, aby informowa\u0107 ludzi podczas pandemii COVID-19.<\/p>\n\n<!--more-->\n\n<p>Facebook og\u0142osi\u0142 dodatkow\u0105 inwestycj\u0119 w wysoko\u015bci 100 milion\u00f3w dolar\u00f3w na wsparcie bran\u017cy informacyjnej. Fundusz zostanie podzielony na &#8222;<em>25 milion\u00f3w dolar\u00f3w na awaryjne dotacje dla lokalnych wiadomo\u015bci za po\u015brednictwem Facebook Journalism Project oraz 75 milion\u00f3w dolar\u00f3w na dodatkowe wydatki marketingowe w celu przekazania pieni\u0119dzy organizacjom informacyjnym na ca\u0142ym \u015bwiecie<\/em>&#8222;. <\/p>\n\n<p>Nancy Lane, dyrektor generalna Local Media Association, powiedzia\u0142a, \u017ce &#8222;<em>te pieni\u0105dze nie tylko pomog\u0105 dziennikarzom w relacjonowaniu wydarze\u0144 w czasie kryzysu, ale tak\u017ce zwi\u0119ksz\u0105 mo\u017cliwo\u015bci lokalnych medi\u00f3w w zakresie przyspieszenia transformacji biznesowej w kierunku bardziej zr\u00f3wnowa\u017conej cyfrowej podstawy<\/em>&#8222;. Oryginalne og\u0142oszenie mo\u017cna przeczyta\u0107 na <a rel=\"noreferrer noopener\" target=\"_blank\" href=\"https:\/\/www.facebook.com\/journalismproject\/coronavirus-update-news-industry-support\">stronie Facebook Journalism Project<\/a>. <\/p>\n\n<h2 class=\"wp-block-heading\">Jak dostosowuj\u0105 si\u0119 inni wydawcy?<\/h2>\n\n<p>Firmy dostosowuj\u0105 swoje profile i operacje podczas pandemii COVID-19. Wielu wydawc\u00f3w jest w\u015br\u00f3d nich, poniewa\u017c czekanie i nic nie robienie jest czynnikiem zab\u00f3jczym bardziej ni\u017c kiedykolwiek. <\/p>\n\n<ol class=\"wp-block-list\"><li><a rel=\"noreferrer noopener\" target=\"_blank\" href=\"https:\/\/www.essentialsmagazine.com.au\/?rel=presspad\">Essentials Magazine Australia<\/a> to najnowsze wiadomo\u015bci i recenzje dotycz\u0105ce jedzenia, wina, hoteli, sztuki i trend\u00f3w w projektowaniu.  <\/li><\/ol>\n\n<div class=\"wp-block-image\"><figure class=\"aligncenter size-large is-resized\"><img data-recalc-dims=\"1\" loading=\"lazy\" decoding=\"async\" src=\"https:\/\/i0.wp.com\/www.presspadapp.com\/blog\/wp-content\/uploads\/covid19-essentials-magazine-australia.jpg?resize=656%2C368&#038;ssl=1\" alt=\"\" class=\"wp-image-5641\" width=\"656\" height=\"368\" srcset=\"https:\/\/i0.wp.com\/presspad.pl\/blog\/wp-content\/uploads\/covid19-essentials-magazine-australia.jpg?w=1024&amp;ssl=1 1024w, https:\/\/i0.wp.com\/presspad.pl\/blog\/wp-content\/uploads\/covid19-essentials-magazine-australia.jpg?resize=300%2C169&amp;ssl=1 300w, https:\/\/i0.wp.com\/presspad.pl\/blog\/wp-content\/uploads\/covid19-essentials-magazine-australia.jpg?resize=150%2C84&amp;ssl=1 150w\" sizes=\"auto, (max-width: 656px) 100vw, 656px\" \/><figcaption>Essentials Magazine Australia<a href=\"https:\/\/itunes.apple.com\/us\/app\/essentials-magazine-australia\/id1453422938?mt=8\" target=\"_blank\" rel=\"noreferrer noopener\">(aplikacja na iOS<\/a> i <a href=\"https:\/\/play.google.com\/store\/apps\/details?id=au.com.essentialsmagazine.presspadnews\" target=\"_blank\" rel=\"noreferrer noopener\">Android<\/a>)<\/figcaption><\/figure><\/div>\n\n<p>Gdy uwaga czytelnik\u00f3w zosta\u0142a skradziona przez pandemi\u0119, redaktorzy magazynu skupili si\u0119 na pomocnych artyku\u0142ach na temat oszcz\u0119dzania pieni\u0119dzy na zdrowej \u017cywno\u015bci z ograniczonych zasob\u00f3w.<\/p>\n\n<p>2. <a rel=\"noreferrer noopener\" href=\"https:\/\/www.thetravelmagazine.net\/?rel=presspad\" target=\"_blank\">Travel Magazine<\/a> dostarcza bardzo pouczaj\u0105cych, optymistycznych i inspiruj\u0105cych artyku\u0142\u00f3w dla ludzi, kt\u00f3rzy kochaj\u0105 podr\u00f3\u017cowa\u0107.  <\/p>\n\n<div class=\"wp-block-image\"><figure class=\"aligncenter size-large is-resized\"><img data-recalc-dims=\"1\" loading=\"lazy\" decoding=\"async\" src=\"https:\/\/i0.wp.com\/www.presspadapp.com\/blog\/wp-content\/uploads\/covid19-travel-magazine.jpg?resize=659%2C370&#038;ssl=1\" alt=\"\" class=\"wp-image-5642\" width=\"659\" height=\"370\" srcset=\"https:\/\/i0.wp.com\/presspad.pl\/blog\/wp-content\/uploads\/covid19-travel-magazine.jpg?w=1024&amp;ssl=1 1024w, https:\/\/i0.wp.com\/presspad.pl\/blog\/wp-content\/uploads\/covid19-travel-magazine.jpg?resize=300%2C169&amp;ssl=1 300w, https:\/\/i0.wp.com\/presspad.pl\/blog\/wp-content\/uploads\/covid19-travel-magazine.jpg?resize=150%2C84&amp;ssl=1 150w\" sizes=\"auto, (max-width: 659px) 100vw, 659px\" \/><figcaption>The Travel Magazine<a href=\"https:\/\/apps.apple.com\/us\/app\/the-travel-magazine\/id1361665885?l=en&amp;ls=1\" target=\"_blank\" rel=\"noreferrer noopener\">(aplikacja na iOS<\/a> i <a href=\"https:\/\/play.google.com\/store\/apps\/details?id=net.thetravelmagazine.presspadnews\" target=\"_blank\" rel=\"noreferrer noopener\">Androida<\/a>)<\/figcaption><\/figure><\/div>\n\n<p>Podczas gdy podr\u00f3\u017ce po ca\u0142ym \u015bwiecie stan\u0119\u0142y w miejscu, magazyn publikuje artyku\u0142y o przydatnych informacjach na temat podr\u00f3\u017cowania online, za po\u015brednictwem cyfrowych zasob\u00f3w muze\u00f3w dost\u0119pnych w Internecie.<\/p>\n\n<h2 class=\"wp-block-heading\">Gospodarka mobilna ro\u015bnie.<\/h2>\n\n<p>Paradoksalnie sytuacja zwi\u0105zana z koronawirusem sprawia, \u017ce dystrybucja mobilna jest jeszcze silniejsza ni\u017c wcze\u015bniej, poniewa\u017c rz\u0105dowe polityki blokowania zwi\u0119kszy\u0142y popyt konsument\u00f3w na urz\u0105dzenia mobilne.<\/p>\n\n<h2 class=\"wp-block-heading\"><strong>PressPad News r\u00f3wnie\u017c wnosi sw\u00f3j wk\u0142ad<\/strong><\/h2>\n\n<p>Naszym celem zawsze by\u0142o wspieranie bran\u017cy wydawniczej za pomoc\u0105 nowoczesnych platform dystrybucji cyfrowej. Mo\u017cemy pom\u00f3c w budowaniu dystrybucji cyfrowej w tych <a href=\"https:\/\/www.presspadapp.com\/blog\/bezprecedensowe-czasy-dla-wydawcow\/?lang=pl\">bezprecedensowych czasach dla wydawc\u00f3w<\/a>. Dlatego oferujemy pomoc 1 na 1 i do\u017cywotni\u0105 zni\u017ck\u0119, je\u015bli jeste\u015b wydawc\u0105 dotkni\u0119tym sytuacj\u0105 COVID-19.  <\/p>\n\n<hr\/>\n<h4 style=\"display:block;font-size:250%;font-weight:150;text-align:center;padding:5px;\">Markowe aplikacje informacyjne pozwalaj\u0105 wydawcom wiadomo\u015bci skutecznie rozpowszechnia\u0107 najdok\u0142adniejsze informacje.<\/h4>\n\n<p style=\"text-align:center\">Dowiedz si\u0119 wi\u0119cej o <a href=\"https:\/\/www.presspadapp.com\/news-apps\/?utm_source=blog&#038;utm_medium=cta-learn-more&#038;utm_campaign=content+covid\">aplikacjach do obs\u0142ugi wiadomo\u015bci<\/a> &#8222;<\/p>\n\n<hr\/>\n\n<p>Dzi\u0119ki aplikacji PressPad czytelnicy s\u0105 na bie\u017c\u0105co z najnowszymi tre\u015bciami publikowanymi w witrynie. Tryb offline dla zapisanych artyku\u0142\u00f3w pomaga im czyta\u0107 nawet podczas przerwy w dost\u0119pie do Internetu, a wyb\u00f3r &#8222;przycisk\u00f3w wk\u0142adu&#8221;; Kup kaw\u0119, Subskrybuj i Wesprzyj mnie przyciski pomagaj\u0105 zarabia\u0107 na tre\u015bciach. <\/p>\n\n<p>Przejd\u017amy razem przez ten trudny czas. <br\/><a href=\"https:\/\/www.presspadapp.com\/contact?utm_source=blog&amp;utm_campaign=content+covid&amp;utm_medium=link#contactus\">Skontaktuj si\u0119 z nami<\/a>, aby uzyska\u0107 wi\u0119cej informacji.<\/p>\n","protected":false},"excerpt":{"rendered":"<p>Kryzys zwi\u0105zany z koronawirusem wp\u0142ywa na bran\u017c\u0119 informacyjn\u0105. Ludzie domagaj\u0105 si\u0119 dok\u0142adnych informacji. Rosn\u0105ce znaczenie dziennikarstwa lokalnego jest faktem. Ale w jaki spos\u00f3b wydawcy wiadomo\u015bci mog\u0105 zbli\u017cy\u0107 si\u0119 do czytelnik\u00f3w z dok\u0142adnymi informacjami? Zgodnie z komunikatem na Facebooku, bran\u017ca informacyjna pracuje w nadzwyczajnych warunkach, aby informowa\u0107 ludzi podczas pandemii COVID-19.<\/p>\n","protected":false},"author":7,"featured_media":9173,"comment_status":"open","ping_status":"open","sticky":false,"template":"","format":"standard","meta":{"rop_custom_images_group":[],"rop_custom_messages_group":[],"rop_publish_now":"initial","rop_publish_now_accounts":{"twitter_333942694_333942694":"","facebook_10225713837976523_125907484158583":""},"rop_publish_now_history":[],"rop_publish_now_status":"pending","_jetpack_newsletter_access":"","_jetpack_dont_email_post_to_subs":false,"_jetpack_newsletter_tier_id":0,"_jetpack_memberships_contains_paywalled_content":false,"_jetpack_memberships_contains_paid_content":false,"footnotes":""},"categories":[283,295],"tags":[402,443,489,475,300,488],"class_list":["post-9618","post","type-post","status-publish","format-standard","has-post-thumbnail","hentry","category-nowosci-wydawnicze","category-publikowanie-magazynow-cyfrowych","tag-aplikacje-informacyjne","tag-covid19-pl","tag-facebook-pl","tag-magazyny-cyfrowe","tag-publikowanie","tag-wydawcy-wiadomosci","entry"],"yoast_head":"<!-- This site is optimized with the Yoast SEO plugin v27.5 - https:\/\/yoast.com\/product\/yoast-seo-wordpress\/ -->\n<title>Facebook Inwestuje Dodatkowe Miliony We Wsparcie Bran\u017cy Informacyjnej<\/title>\n<meta name=\"robots\" content=\"index, follow, max-snippet:-1, max-image-preview:large, max-video-preview:-1\" \/>\n<link rel=\"canonical\" href=\"https:\/\/presspad.pl\/blog\/facebook-inwestuje-dodatkowe-miliony-we-wsparcie-branzy-informacyjnej\/\" \/>\n<meta property=\"og:locale\" content=\"pl_PL\" \/>\n<meta property=\"og:type\" content=\"article\" \/>\n<meta property=\"og:title\" content=\"Facebook Inwestuje Dodatkowe Miliony We Wsparcie Bran\u017cy Informacyjnej\" \/>\n<meta property=\"og:url\" content=\"https:\/\/presspad.pl\/blog\/facebook-inwestuje-dodatkowe-miliony-we-wsparcie-branzy-informacyjnej\/\" \/>\n<meta property=\"og:site_name\" content=\"Blog po\u015bwi\u0119cony publikacjom cyfrowym prowadzony przez PressPad\" \/>\n<meta property=\"article:publisher\" content=\"https:\/\/www.facebook.com\/presspad\" \/>\n<meta property=\"article:published_time\" content=\"2020-04-01T09:00:14+00:00\" \/>\n<meta property=\"article:modified_time\" content=\"2025-03-24T12:29:46+00:00\" \/>\n<meta property=\"og:image\" content=\"https:\/\/i0.wp.com\/presspad.pl\/blog\/wp-content\/uploads\/coronavirus-update-news-industry-support.jpg?fit=1024%2C576&ssl=1\" \/>\n\t<meta property=\"og:image:width\" content=\"1024\" \/>\n\t<meta property=\"og:image:height\" content=\"576\" \/>\n\t<meta property=\"og:image:type\" content=\"image\/jpeg\" \/>\n<meta name=\"author\" content=\"Wojtek Szywalski\" \/>\n<meta name=\"twitter:card\" content=\"summary_large_image\" \/>\n<meta name=\"twitter:creator\" content=\"@wojteksz\" \/>\n<meta name=\"twitter:site\" content=\"@presspadapp\" \/>\n<meta name=\"twitter:label1\" content=\"Napisane przez\" \/>\n\t<meta name=\"twitter:data1\" content=\"Wojtek Szywalski\" \/>\n\t<meta name=\"twitter:label2\" content=\"Szacowany czas czytania\" \/>\n\t<meta name=\"twitter:data2\" content=\"3 minuty\" \/>\n<script type=\"application\/ld+json\" class=\"yoast-schema-graph\">{\"@context\":\"https:\\\/\\\/schema.org\",\"@graph\":[{\"@type\":\"Article\",\"@id\":\"https:\\\/\\\/presspad.pl\\\/blog\\\/facebook-inwestuje-dodatkowe-miliony-we-wsparcie-branzy-informacyjnej\\\/#article\",\"isPartOf\":{\"@id\":\"https:\\\/\\\/presspad.pl\\\/blog\\\/facebook-inwestuje-dodatkowe-miliony-we-wsparcie-branzy-informacyjnej\\\/\"},\"author\":{\"name\":\"Wojtek Szywalski\",\"@id\":\"https:\\\/\\\/presspad.pl\\\/blog\\\/#\\\/schema\\\/person\\\/ab0767f11ba6f5dc9411d77cbffeb16c\"},\"headline\":\"Facebook Inwestuje Dodatkowe Miliony We Wsparcie Bran\u017cy Informacyjnej\",\"datePublished\":\"2020-04-01T09:00:14+00:00\",\"dateModified\":\"2025-03-24T12:29:46+00:00\",\"mainEntityOfPage\":{\"@id\":\"https:\\\/\\\/presspad.pl\\\/blog\\\/facebook-inwestuje-dodatkowe-miliony-we-wsparcie-branzy-informacyjnej\\\/\"},\"wordCount\":524,\"commentCount\":0,\"publisher\":{\"@id\":\"https:\\\/\\\/presspad.pl\\\/blog\\\/#organization\"},\"image\":{\"@id\":\"https:\\\/\\\/presspad.pl\\\/blog\\\/facebook-inwestuje-dodatkowe-miliony-we-wsparcie-branzy-informacyjnej\\\/#primaryimage\"},\"thumbnailUrl\":\"https:\\\/\\\/i0.wp.com\\\/presspad.pl\\\/blog\\\/wp-content\\\/uploads\\\/coronavirus-update-news-industry-support.jpg?fit=1024%2C576&ssl=1\",\"keywords\":[\"aplikacje informacyjne\",\"covid19\",\"facebook\",\"magazyny cyfrowe\",\"publikowanie\",\"wydawcy wiadomo\u015bci\"],\"articleSection\":[\"Nowo\u015bci wydawnicze\",\"publikowanie magazyn\u00f3w cyfrowych\"],\"inLanguage\":\"pl-PL\",\"potentialAction\":[{\"@type\":\"CommentAction\",\"name\":\"Comment\",\"target\":[\"https:\\\/\\\/presspad.pl\\\/blog\\\/facebook-inwestuje-dodatkowe-miliony-we-wsparcie-branzy-informacyjnej\\\/#respond\"]}]},{\"@type\":\"WebPage\",\"@id\":\"https:\\\/\\\/presspad.pl\\\/blog\\\/facebook-inwestuje-dodatkowe-miliony-we-wsparcie-branzy-informacyjnej\\\/\",\"url\":\"https:\\\/\\\/presspad.pl\\\/blog\\\/facebook-inwestuje-dodatkowe-miliony-we-wsparcie-branzy-informacyjnej\\\/\",\"name\":\"Facebook Inwestuje Dodatkowe Miliony We Wsparcie Bran\u017cy Informacyjnej\",\"isPartOf\":{\"@id\":\"https:\\\/\\\/presspad.pl\\\/blog\\\/#website\"},\"primaryImageOfPage\":{\"@id\":\"https:\\\/\\\/presspad.pl\\\/blog\\\/facebook-inwestuje-dodatkowe-miliony-we-wsparcie-branzy-informacyjnej\\\/#primaryimage\"},\"image\":{\"@id\":\"https:\\\/\\\/presspad.pl\\\/blog\\\/facebook-inwestuje-dodatkowe-miliony-we-wsparcie-branzy-informacyjnej\\\/#primaryimage\"},\"thumbnailUrl\":\"https:\\\/\\\/i0.wp.com\\\/presspad.pl\\\/blog\\\/wp-content\\\/uploads\\\/coronavirus-update-news-industry-support.jpg?fit=1024%2C576&ssl=1\",\"datePublished\":\"2020-04-01T09:00:14+00:00\",\"dateModified\":\"2025-03-24T12:29:46+00:00\",\"breadcrumb\":{\"@id\":\"https:\\\/\\\/presspad.pl\\\/blog\\\/facebook-inwestuje-dodatkowe-miliony-we-wsparcie-branzy-informacyjnej\\\/#breadcrumb\"},\"inLanguage\":\"pl-PL\",\"potentialAction\":[{\"@type\":\"ReadAction\",\"target\":[\"https:\\\/\\\/presspad.pl\\\/blog\\\/facebook-inwestuje-dodatkowe-miliony-we-wsparcie-branzy-informacyjnej\\\/\"]}]},{\"@type\":\"ImageObject\",\"inLanguage\":\"pl-PL\",\"@id\":\"https:\\\/\\\/presspad.pl\\\/blog\\\/facebook-inwestuje-dodatkowe-miliony-we-wsparcie-branzy-informacyjnej\\\/#primaryimage\",\"url\":\"https:\\\/\\\/i0.wp.com\\\/presspad.pl\\\/blog\\\/wp-content\\\/uploads\\\/coronavirus-update-news-industry-support.jpg?fit=1024%2C576&ssl=1\",\"contentUrl\":\"https:\\\/\\\/i0.wp.com\\\/presspad.pl\\\/blog\\\/wp-content\\\/uploads\\\/coronavirus-update-news-industry-support.jpg?fit=1024%2C576&ssl=1\",\"width\":1024,\"height\":576},{\"@type\":\"BreadcrumbList\",\"@id\":\"https:\\\/\\\/presspad.pl\\\/blog\\\/facebook-inwestuje-dodatkowe-miliony-we-wsparcie-branzy-informacyjnej\\\/#breadcrumb\",\"itemListElement\":[{\"@type\":\"ListItem\",\"position\":1,\"name\":\"Strona g\u0142\u00f3wna\",\"item\":\"https:\\\/\\\/presspad.pl\\\/blog\\\/\"},{\"@type\":\"ListItem\",\"position\":2,\"name\":\"Nowo\u015bci wydawnicze\",\"item\":\"https:\\\/\\\/presspad.pl\\\/blog\\\/category\\\/nowosci-wydawnicze\\\/\"},{\"@type\":\"ListItem\",\"position\":3,\"name\":\"Facebook Inwestuje Dodatkowe Miliony We Wsparcie Bran\u017cy Informacyjnej\"}]},{\"@type\":\"WebSite\",\"@id\":\"https:\\\/\\\/presspad.pl\\\/blog\\\/#website\",\"url\":\"https:\\\/\\\/presspad.pl\\\/blog\\\/\",\"name\":\"Blog po\u015bwi\u0119cony publikacjom cyfrowym prowadzony przez PressPad\",\"description\":\"Blog o publikacjach cyfrowych; Aplikacje dla czasopism i porady marketingowe PressPad\",\"publisher\":{\"@id\":\"https:\\\/\\\/presspad.pl\\\/blog\\\/#organization\"},\"potentialAction\":[{\"@type\":\"SearchAction\",\"target\":{\"@type\":\"EntryPoint\",\"urlTemplate\":\"https:\\\/\\\/presspad.pl\\\/blog\\\/?s={search_term_string}\"},\"query-input\":{\"@type\":\"PropertyValueSpecification\",\"valueRequired\":true,\"valueName\":\"search_term_string\"}}],\"inLanguage\":\"pl-PL\"},{\"@type\":\"Organization\",\"@id\":\"https:\\\/\\\/presspad.pl\\\/blog\\\/#organization\",\"name\":\"PressPad\",\"url\":\"https:\\\/\\\/presspad.pl\\\/blog\\\/\",\"logo\":{\"@type\":\"ImageObject\",\"inLanguage\":\"pl-PL\",\"@id\":\"https:\\\/\\\/presspad.pl\\\/blog\\\/#\\\/schema\\\/logo\\\/image\\\/\",\"url\":\"https:\\\/\\\/i0.wp.com\\\/presspad.pl\\\/blog\\\/wp-content\\\/uploads\\\/2013\\\/10\\\/PressPad_LOGO_main_horizontal_gradient.png?fit=800%2C300&ssl=1\",\"contentUrl\":\"https:\\\/\\\/i0.wp.com\\\/presspad.pl\\\/blog\\\/wp-content\\\/uploads\\\/2013\\\/10\\\/PressPad_LOGO_main_horizontal_gradient.png?fit=800%2C300&ssl=1\",\"width\":800,\"height\":300,\"caption\":\"PressPad\"},\"image\":{\"@id\":\"https:\\\/\\\/presspad.pl\\\/blog\\\/#\\\/schema\\\/logo\\\/image\\\/\"},\"sameAs\":[\"https:\\\/\\\/www.facebook.com\\\/presspad\",\"https:\\\/\\\/x.com\\\/presspadapp\",\"https:\\\/\\\/www.instagram.com\\\/presspadapp\\\/\",\"https:\\\/\\\/www.linkedin.com\\\/company\\\/2033158\",\"https:\\\/\\\/www.pinterest.com\\\/presspad\\\/\",\"https:\\\/\\\/www.youtube.com\\\/user\\\/presspad\"]},{\"@type\":\"Person\",\"@id\":\"https:\\\/\\\/presspad.pl\\\/blog\\\/#\\\/schema\\\/person\\\/ab0767f11ba6f5dc9411d77cbffeb16c\",\"name\":\"Wojtek Szywalski\",\"image\":{\"@type\":\"ImageObject\",\"inLanguage\":\"pl-PL\",\"@id\":\"https:\\\/\\\/secure.gravatar.com\\\/avatar\\\/d346f526a50e57221d2e8dbf3557bfbac8be1bbb33f527b993a67772ded6d6a3?s=96&r=g\",\"url\":\"https:\\\/\\\/secure.gravatar.com\\\/avatar\\\/d346f526a50e57221d2e8dbf3557bfbac8be1bbb33f527b993a67772ded6d6a3?s=96&r=g\",\"contentUrl\":\"https:\\\/\\\/secure.gravatar.com\\\/avatar\\\/d346f526a50e57221d2e8dbf3557bfbac8be1bbb33f527b993a67772ded6d6a3?s=96&r=g\",\"caption\":\"Wojtek Szywalski\"},\"description\":\"Wojtek Szywalski is a Content Marketing Manager at PressPad and co-editor of Digital Publishing Guide Magazine. If you like his post please share it among circle of your friends and followers. You can follow him on Twitter @wojteksz as well.\",\"sameAs\":[\"http:\\\/\\\/www.presspadapp.com\",\"https:\\\/\\\/x.com\\\/wojteksz\"],\"url\":\"https:\\\/\\\/presspad.pl\\\/blog\\\/author\\\/wojtekpresspadapp-com\\\/\"}]}<\/script>\n<!-- \/ Yoast SEO plugin. -->","yoast_head_json":{"title":"Facebook Inwestuje Dodatkowe Miliony We Wsparcie Bran\u017cy Informacyjnej","robots":{"index":"index","follow":"follow","max-snippet":"max-snippet:-1","max-image-preview":"max-image-preview:large","max-video-preview":"max-video-preview:-1"},"canonical":"https:\/\/presspad.pl\/blog\/facebook-inwestuje-dodatkowe-miliony-we-wsparcie-branzy-informacyjnej\/","og_locale":"pl_PL","og_type":"article","og_title":"Facebook Inwestuje Dodatkowe Miliony We Wsparcie Bran\u017cy Informacyjnej","og_url":"https:\/\/presspad.pl\/blog\/facebook-inwestuje-dodatkowe-miliony-we-wsparcie-branzy-informacyjnej\/","og_site_name":"Blog po\u015bwi\u0119cony publikacjom cyfrowym prowadzony przez PressPad","article_publisher":"https:\/\/www.facebook.com\/presspad","article_published_time":"2020-04-01T09:00:14+00:00","article_modified_time":"2025-03-24T12:29:46+00:00","og_image":[{"width":1024,"height":576,"url":"https:\/\/i0.wp.com\/presspad.pl\/blog\/wp-content\/uploads\/coronavirus-update-news-industry-support.jpg?fit=1024%2C576&ssl=1","type":"image\/jpeg"}],"author":"Wojtek Szywalski","twitter_card":"summary_large_image","twitter_creator":"@wojteksz","twitter_site":"@presspadapp","twitter_misc":{"Napisane przez":"Wojtek Szywalski","Szacowany czas czytania":"3 minuty"},"schema":{"@context":"https:\/\/schema.org","@graph":[{"@type":"Article","@id":"https:\/\/presspad.pl\/blog\/facebook-inwestuje-dodatkowe-miliony-we-wsparcie-branzy-informacyjnej\/#article","isPartOf":{"@id":"https:\/\/presspad.pl\/blog\/facebook-inwestuje-dodatkowe-miliony-we-wsparcie-branzy-informacyjnej\/"},"author":{"name":"Wojtek Szywalski","@id":"https:\/\/presspad.pl\/blog\/#\/schema\/person\/ab0767f11ba6f5dc9411d77cbffeb16c"},"headline":"Facebook Inwestuje Dodatkowe Miliony We Wsparcie Bran\u017cy Informacyjnej","datePublished":"2020-04-01T09:00:14+00:00","dateModified":"2025-03-24T12:29:46+00:00","mainEntityOfPage":{"@id":"https:\/\/presspad.pl\/blog\/facebook-inwestuje-dodatkowe-miliony-we-wsparcie-branzy-informacyjnej\/"},"wordCount":524,"commentCount":0,"publisher":{"@id":"https:\/\/presspad.pl\/blog\/#organization"},"image":{"@id":"https:\/\/presspad.pl\/blog\/facebook-inwestuje-dodatkowe-miliony-we-wsparcie-branzy-informacyjnej\/#primaryimage"},"thumbnailUrl":"https:\/\/i0.wp.com\/presspad.pl\/blog\/wp-content\/uploads\/coronavirus-update-news-industry-support.jpg?fit=1024%2C576&ssl=1","keywords":["aplikacje informacyjne","covid19","facebook","magazyny cyfrowe","publikowanie","wydawcy wiadomo\u015bci"],"articleSection":["Nowo\u015bci wydawnicze","publikowanie magazyn\u00f3w cyfrowych"],"inLanguage":"pl-PL","potentialAction":[{"@type":"CommentAction","name":"Comment","target":["https:\/\/presspad.pl\/blog\/facebook-inwestuje-dodatkowe-miliony-we-wsparcie-branzy-informacyjnej\/#respond"]}]},{"@type":"WebPage","@id":"https:\/\/presspad.pl\/blog\/facebook-inwestuje-dodatkowe-miliony-we-wsparcie-branzy-informacyjnej\/","url":"https:\/\/presspad.pl\/blog\/facebook-inwestuje-dodatkowe-miliony-we-wsparcie-branzy-informacyjnej\/","name":"Facebook Inwestuje Dodatkowe Miliony We Wsparcie Bran\u017cy Informacyjnej","isPartOf":{"@id":"https:\/\/presspad.pl\/blog\/#website"},"primaryImageOfPage":{"@id":"https:\/\/presspad.pl\/blog\/facebook-inwestuje-dodatkowe-miliony-we-wsparcie-branzy-informacyjnej\/#primaryimage"},"image":{"@id":"https:\/\/presspad.pl\/blog\/facebook-inwestuje-dodatkowe-miliony-we-wsparcie-branzy-informacyjnej\/#primaryimage"},"thumbnailUrl":"https:\/\/i0.wp.com\/presspad.pl\/blog\/wp-content\/uploads\/coronavirus-update-news-industry-support.jpg?fit=1024%2C576&ssl=1","datePublished":"2020-04-01T09:00:14+00:00","dateModified":"2025-03-24T12:29:46+00:00","breadcrumb":{"@id":"https:\/\/presspad.pl\/blog\/facebook-inwestuje-dodatkowe-miliony-we-wsparcie-branzy-informacyjnej\/#breadcrumb"},"inLanguage":"pl-PL","potentialAction":[{"@type":"ReadAction","target":["https:\/\/presspad.pl\/blog\/facebook-inwestuje-dodatkowe-miliony-we-wsparcie-branzy-informacyjnej\/"]}]},{"@type":"ImageObject","inLanguage":"pl-PL","@id":"https:\/\/presspad.pl\/blog\/facebook-inwestuje-dodatkowe-miliony-we-wsparcie-branzy-informacyjnej\/#primaryimage","url":"https:\/\/i0.wp.com\/presspad.pl\/blog\/wp-content\/uploads\/coronavirus-update-news-industry-support.jpg?fit=1024%2C576&ssl=1","contentUrl":"https:\/\/i0.wp.com\/presspad.pl\/blog\/wp-content\/uploads\/coronavirus-update-news-industry-support.jpg?fit=1024%2C576&ssl=1","width":1024,"height":576},{"@type":"BreadcrumbList","@id":"https:\/\/presspad.pl\/blog\/facebook-inwestuje-dodatkowe-miliony-we-wsparcie-branzy-informacyjnej\/#breadcrumb","itemListElement":[{"@type":"ListItem","position":1,"name":"Strona g\u0142\u00f3wna","item":"https:\/\/presspad.pl\/blog\/"},{"@type":"ListItem","position":2,"name":"Nowo\u015bci wydawnicze","item":"https:\/\/presspad.pl\/blog\/category\/nowosci-wydawnicze\/"},{"@type":"ListItem","position":3,"name":"Facebook Inwestuje Dodatkowe Miliony We Wsparcie Bran\u017cy Informacyjnej"}]},{"@type":"WebSite","@id":"https:\/\/presspad.pl\/blog\/#website","url":"https:\/\/presspad.pl\/blog\/","name":"Blog po\u015bwi\u0119cony publikacjom cyfrowym prowadzony przez PressPad","description":"Blog o publikacjach cyfrowych; Aplikacje dla czasopism i porady marketingowe PressPad","publisher":{"@id":"https:\/\/presspad.pl\/blog\/#organization"},"potentialAction":[{"@type":"SearchAction","target":{"@type":"EntryPoint","urlTemplate":"https:\/\/presspad.pl\/blog\/?s={search_term_string}"},"query-input":{"@type":"PropertyValueSpecification","valueRequired":true,"valueName":"search_term_string"}}],"inLanguage":"pl-PL"},{"@type":"Organization","@id":"https:\/\/presspad.pl\/blog\/#organization","name":"PressPad","url":"https:\/\/presspad.pl\/blog\/","logo":{"@type":"ImageObject","inLanguage":"pl-PL","@id":"https:\/\/presspad.pl\/blog\/#\/schema\/logo\/image\/","url":"https:\/\/i0.wp.com\/presspad.pl\/blog\/wp-content\/uploads\/2013\/10\/PressPad_LOGO_main_horizontal_gradient.png?fit=800%2C300&ssl=1","contentUrl":"https:\/\/i0.wp.com\/presspad.pl\/blog\/wp-content\/uploads\/2013\/10\/PressPad_LOGO_main_horizontal_gradient.png?fit=800%2C300&ssl=1","width":800,"height":300,"caption":"PressPad"},"image":{"@id":"https:\/\/presspad.pl\/blog\/#\/schema\/logo\/image\/"},"sameAs":["https:\/\/www.facebook.com\/presspad","https:\/\/x.com\/presspadapp","https:\/\/www.instagram.com\/presspadapp\/","https:\/\/www.linkedin.com\/company\/2033158","https:\/\/www.pinterest.com\/presspad\/","https:\/\/www.youtube.com\/user\/presspad"]},{"@type":"Person","@id":"https:\/\/presspad.pl\/blog\/#\/schema\/person\/ab0767f11ba6f5dc9411d77cbffeb16c","name":"Wojtek Szywalski","image":{"@type":"ImageObject","inLanguage":"pl-PL","@id":"https:\/\/secure.gravatar.com\/avatar\/d346f526a50e57221d2e8dbf3557bfbac8be1bbb33f527b993a67772ded6d6a3?s=96&r=g","url":"https:\/\/secure.gravatar.com\/avatar\/d346f526a50e57221d2e8dbf3557bfbac8be1bbb33f527b993a67772ded6d6a3?s=96&r=g","contentUrl":"https:\/\/secure.gravatar.com\/avatar\/d346f526a50e57221d2e8dbf3557bfbac8be1bbb33f527b993a67772ded6d6a3?s=96&r=g","caption":"Wojtek Szywalski"},"description":"Wojtek Szywalski is a Content Marketing Manager at PressPad and co-editor of Digital Publishing Guide Magazine. If you like his post please share it among circle of your friends and followers. You can follow him on Twitter @wojteksz as well.","sameAs":["http:\/\/www.presspadapp.com","https:\/\/x.com\/wojteksz"],"url":"https:\/\/presspad.pl\/blog\/author\/wojtekpresspadapp-com\/"}]}},"jetpack_featured_media_url":"https:\/\/i0.wp.com\/presspad.pl\/blog\/wp-content\/uploads\/coronavirus-update-news-industry-support.jpg?fit=1024%2C576&ssl=1","jetpack_sharing_enabled":true,"jetpack_shortlink":"https:\/\/wp.me\/pbs6e8-2v8","jetpack-related-posts":[{"id":9616,"url":"https:\/\/presspad.pl\/blog\/magazyn-online-czy-aplikacja-informacyjna-prosta-odpowiedz-na-wielkie-pytanie\/","url_meta":{"origin":9618,"position":0},"title":"Magazyn Online Czy Aplikacja Informacyjna? Prosta Odpowied\u017a Na Wielkie Pytanie","author":"Paulina Kubala-Chuchnowska","date":"18 sierpnia, 2021","format":false,"excerpt":"Bran\u017ca wydawnicza koncentruje si\u0119 na cyfrowych kana\u0142ach dystrybucji, takich jak magazyny internetowe i aplikacje informacyjne, jak nigdy dot\u0105d. Wynika to z kilku czynnik\u00f3w: rozwoju technologii, spadku zainteresowania wydaniami drukowanymi, a tym samym obni\u017cenia przychod\u00f3w z reklam, nowego, bardziej obeznanego z technologi\u0105 pokolenia czytelnik\u00f3w czy pandemii Covid-19 komplikuj\u0105cej tradycyjn\u0105 dystrybucj\u0119. Cel\u2026","rel":"","context":"W &quot;Publikowanie czasopism online&quot;","block_context":{"text":"Publikowanie czasopism online","link":"https:\/\/presspad.pl\/blog\/category\/publikowanie-czasopism-online\/"},"img":{"alt_text":"","src":"https:\/\/i0.wp.com\/presspad.pl\/blog\/wp-content\/uploads\/digital-publishing-solutions-2.jpeg?fit=1200%2C675&ssl=1&resize=350%2C200","width":350,"height":200,"srcset":"https:\/\/i0.wp.com\/presspad.pl\/blog\/wp-content\/uploads\/digital-publishing-solutions-2.jpeg?fit=1200%2C675&ssl=1&resize=350%2C200 1x, https:\/\/i0.wp.com\/presspad.pl\/blog\/wp-content\/uploads\/digital-publishing-solutions-2.jpeg?fit=1200%2C675&ssl=1&resize=525%2C300 1.5x, https:\/\/i0.wp.com\/presspad.pl\/blog\/wp-content\/uploads\/digital-publishing-solutions-2.jpeg?fit=1200%2C675&ssl=1&resize=700%2C400 2x, https:\/\/i0.wp.com\/presspad.pl\/blog\/wp-content\/uploads\/digital-publishing-solutions-2.jpeg?fit=1200%2C675&ssl=1&resize=1050%2C600 3x"},"classes":[]},{"id":9476,"url":"https:\/\/presspad.pl\/blog\/cyfrowe-publikacje-trzy-edycja-w-gore-i-w-prawo\/","url_meta":{"origin":9618,"position":1},"title":"Cyfrowe Publikacje Trzy: Edycja W G\u00f3r\u0119 I W Prawo","author":"Paul Nowak","date":"2 sierpnia, 2013","format":false,"excerpt":"Co kilka dni publikujemy trzy wa\u017cne wiadomo\u015bci dla bran\u017cy wydawnictw mobilnych. W tym tygodniu trzy najwa\u017cniejsze z nich to: 1. New York Times ujawni\u0142 przychody swojego cyfrowego biznesu i wygl\u0105da to dobrze!Business Insider relacjonuj\u0105cy t\u0119 histori\u0119 wyci\u0105ga nawet optymistyczny wniosek, \u017ce \"(...) Nawet gdyby drukowana gazeta New York Times, kt\u00f3ra\u2026","rel":"","context":"W &quot;Marketing aplikacji&quot;","block_context":{"text":"Marketing aplikacji","link":"https:\/\/presspad.pl\/blog\/category\/marketing-aplikacji\/"},"img":{"alt_text":"","src":"https:\/\/i0.wp.com\/presspad.pl\/blog\/wp-content\/uploads\/2013\/08\/digital-publishing-three.png?fit=600%2C276&ssl=1&resize=350%2C200","width":350,"height":200,"srcset":"https:\/\/i0.wp.com\/presspad.pl\/blog\/wp-content\/uploads\/2013\/08\/digital-publishing-three.png?fit=600%2C276&ssl=1&resize=350%2C200 1x, https:\/\/i0.wp.com\/presspad.pl\/blog\/wp-content\/uploads\/2013\/08\/digital-publishing-three.png?fit=600%2C276&ssl=1&resize=525%2C300 1.5x"},"classes":[]},{"id":9574,"url":"https:\/\/presspad.pl\/blog\/elastyczny-paywall-w-presspad-news-apps-innowacja-czy-objawienie-dla-branzy-wydawniczej\/","url_meta":{"origin":9618,"position":2},"title":"Elastyczny Paywall W PressPad News Apps &#8211; Innowacja Czy Objawienie Dla Bran\u017cy Wydawniczej?","author":"Paulina Kubala-Chuchnowska","date":"1 pa\u017adziernika, 2018","format":false,"excerpt":"PressPad, firma zajmuj\u0105ca si\u0119 technologi\u0105 publikacji cyfrowych, wspiera wydawc\u00f3w czasopism od 2011 roku. Teraz s\u0105 na najlepszej drodze do wprowadzenia innowacji w modelach biznesowych w bran\u017cy wydawniczej dzi\u0119ki lepszej implementacji paywalla. \"Jak zarabia\u0107 na tre\u015bciach online?\" - To odwieczne pytanie mo\u017ce w ko\u0144cu uzyska\u0107 prawid\u0142ow\u0105 odpowied\u017a. Bran\u017ca wydawnicza jest obecnie\u2026","rel":"","context":"W &quot;Komunikaty prasowe&quot;","block_context":{"text":"Komunikaty prasowe","link":"https:\/\/presspad.pl\/blog\/category\/komunikaty-prasowe\/"},"img":{"alt_text":"","src":"https:\/\/i0.wp.com\/presspad.pl\/blog\/wp-content\/uploads\/PressPad-Paywall-for-news-publishers-1.jpg?fit=800%2C541&ssl=1&resize=350%2C200","width":350,"height":200,"srcset":"https:\/\/i0.wp.com\/presspad.pl\/blog\/wp-content\/uploads\/PressPad-Paywall-for-news-publishers-1.jpg?fit=800%2C541&ssl=1&resize=350%2C200 1x, https:\/\/i0.wp.com\/presspad.pl\/blog\/wp-content\/uploads\/PressPad-Paywall-for-news-publishers-1.jpg?fit=800%2C541&ssl=1&resize=525%2C300 1.5x, https:\/\/i0.wp.com\/presspad.pl\/blog\/wp-content\/uploads\/PressPad-Paywall-for-news-publishers-1.jpg?fit=800%2C541&ssl=1&resize=700%2C400 2x"},"classes":[]},{"id":9495,"url":"https:\/\/presspad.pl\/blog\/the-daily-konczy-dzialalnosc-nie-byloby-gdyby-zaczelo-sie-w-2012-r\/","url_meta":{"origin":9618,"position":3},"title":"The Daily Ko\u0144czy Dzia\u0142alno\u015b\u0107. Nie By\u0142oby, Gdyby Zacz\u0119\u0142o Si\u0119 W 2012 R.","author":"Paul","date":"3 grudnia, 2012","format":false,"excerpt":"Dzisiejszy dzie\u0144 jest kamieniem milowym w bran\u017cy wydawniczej. Newscorp's The Daily ko\u0144czy dzia\u0142alno\u015b\u0107. Nate Hoffelder z The Digital Reader: Daily wystartowa\u0142o na pocz\u0105tku 2011 roku po\u015br\u00f3d wielu fanfar, szumu i masowej kampanii reklamowej. Na pocz\u0105tku 2012 roku firma rozszerzy\u0142a swoj\u0105 dzia\u0142alno\u015b\u0107 poza iPada, wprowadzaj\u0105c nowe aplikacje na Androida, ale najwyra\u017aniej\u2026","rel":"","context":"W &quot;Nowo\u015bci wydawnicze&quot;","block_context":{"text":"Nowo\u015bci wydawnicze","link":"https:\/\/presspad.pl\/blog\/category\/nowosci-wydawnicze\/"},"img":{"alt_text":"","src":"","width":0,"height":0},"classes":[]},{"id":9599,"url":"https:\/\/presspad.pl\/blog\/porownanie-platformy-czasopism-cyfrowych-miedzy-aplikacjami-mobilnymi-a-flipbookami-e-kiosk\/","url_meta":{"origin":9618,"position":4},"title":"Por\u00f3wnanie Platformy Czasopism Cyfrowych Mi\u0119dzy Aplikacjami Mobilnymi a Flipbookami E-kiosk","author":"Paulina Kubala-Chuchnowska","date":"28 kwietnia, 2021","format":false,"excerpt":"Cyfrowe wydawanie czasopism to sztuka dostosowywania rodzaju tre\u015bci i platformy dystrybucji do zmieniaj\u0105cych si\u0119 wymaga\u0144 czytelnik\u00f3w i rozwoju technologicznego. Niezale\u017cnie od rodzaju i wielko\u015bci wydawnictwa, znalezienie odpowiednich kana\u0142\u00f3w dystrybucji jest integraln\u0105 cz\u0119\u015bci\u0105 strategii marketingu tre\u015bci. Dobrze dobrana platforma skupia specjalnych, sprofilowanych czytelnik\u00f3w, kt\u00f3rzy s\u0105 aktywnie zainteresowani Twoj\u0105 mark\u0105 i s\u0105\u2026","rel":"","context":"W &quot;publikowanie magazyn\u00f3w cyfrowych&quot;","block_context":{"text":"publikowanie magazyn\u00f3w cyfrowych","link":"https:\/\/presspad.pl\/blog\/category\/publikowanie-magazynow-cyfrowych\/"},"img":{"alt_text":"","src":"https:\/\/i0.wp.com\/presspad.pl\/blog\/wp-content\/uploads\/mobile-apps-vs-kiosks.jpeg?fit=1147%2C696&ssl=1&resize=350%2C200","width":350,"height":200,"srcset":"https:\/\/i0.wp.com\/presspad.pl\/blog\/wp-content\/uploads\/mobile-apps-vs-kiosks.jpeg?fit=1147%2C696&ssl=1&resize=350%2C200 1x, https:\/\/i0.wp.com\/presspad.pl\/blog\/wp-content\/uploads\/mobile-apps-vs-kiosks.jpeg?fit=1147%2C696&ssl=1&resize=525%2C300 1.5x, https:\/\/i0.wp.com\/presspad.pl\/blog\/wp-content\/uploads\/mobile-apps-vs-kiosks.jpeg?fit=1147%2C696&ssl=1&resize=700%2C400 2x, https:\/\/i0.wp.com\/presspad.pl\/blog\/wp-content\/uploads\/mobile-apps-vs-kiosks.jpeg?fit=1147%2C696&ssl=1&resize=1050%2C600 3x"},"classes":[]},{"id":9577,"url":"https:\/\/presspad.pl\/blog\/wydawcy-wiadomosci-przeciwko-facebookowi-i-google-sytuacja-bez-wygranej\/","url_meta":{"origin":9618,"position":5},"title":"Wydawcy Wiadomo\u015bci Przeciwko Facebookowi I Google. Sytuacja Bez Wygranej?","author":"Paulina Kubala-Chuchnowska","date":"2 stycznia, 2019","format":false,"excerpt":"Dziennikarstwo o wysokiej warto\u015bci jest dyskryminowane przez system, kt\u00f3ry faworyzuje masowe i komercyjne funkcje platform medi\u00f3w spo\u0142eczno\u015bciowych, np. funkcj\u0119 szybkiego i \u0142atwego udost\u0119pniania. W ci\u0105gu ostatnich lat bran\u017ca wydawnicza do\u015bwiadczy\u0142a trzech znacz\u0105cych zmian technologicznych: przej\u015bcia z technologii analogowej na cyfrow\u0105, rozwoju medi\u00f3w spo\u0142eczno\u015bciowych i wzrostu wykorzystania urz\u0105dze\u0144 mobilnych. Obecnie, gdy\u2026","rel":"","context":"W &quot;Mobile Publishing 101&quot;","block_context":{"text":"Mobile Publishing 101","link":"https:\/\/presspad.pl\/blog\/category\/mobile-publishing-101-pl-2\/"},"img":{"alt_text":"","src":"https:\/\/i0.wp.com\/presspad.pl\/blog\/wp-content\/uploads\/news-publishers-against-facebook-and-google.jpg?fit=1200%2C630&ssl=1&resize=350%2C200","width":350,"height":200,"srcset":"https:\/\/i0.wp.com\/presspad.pl\/blog\/wp-content\/uploads\/news-publishers-against-facebook-and-google.jpg?fit=1200%2C630&ssl=1&resize=350%2C200 1x, https:\/\/i0.wp.com\/presspad.pl\/blog\/wp-content\/uploads\/news-publishers-against-facebook-and-google.jpg?fit=1200%2C630&ssl=1&resize=525%2C300 1.5x, https:\/\/i0.wp.com\/presspad.pl\/blog\/wp-content\/uploads\/news-publishers-against-facebook-and-google.jpg?fit=1200%2C630&ssl=1&resize=700%2C400 2x, https:\/\/i0.wp.com\/presspad.pl\/blog\/wp-content\/uploads\/news-publishers-against-facebook-and-google.jpg?fit=1200%2C630&ssl=1&resize=1050%2C600 3x"},"classes":[]}],"amp_enabled":true,"_links":{"self":[{"href":"https:\/\/presspad.pl\/blog\/wp-json\/wp\/v2\/posts\/9618","targetHints":{"allow":["GET"]}}],"collection":[{"href":"https:\/\/presspad.pl\/blog\/wp-json\/wp\/v2\/posts"}],"about":[{"href":"https:\/\/presspad.pl\/blog\/wp-json\/wp\/v2\/types\/post"}],"author":[{"embeddable":true,"href":"https:\/\/presspad.pl\/blog\/wp-json\/wp\/v2\/users\/7"}],"replies":[{"embeddable":true,"href":"https:\/\/presspad.pl\/blog\/wp-json\/wp\/v2\/comments?post=9618"}],"version-history":[{"count":1,"href":"https:\/\/presspad.pl\/blog\/wp-json\/wp\/v2\/posts\/9618\/revisions"}],"predecessor-version":[{"id":9620,"href":"https:\/\/presspad.pl\/blog\/wp-json\/wp\/v2\/posts\/9618\/revisions\/9620"}],"wp:featuredmedia":[{"embeddable":true,"href":"https:\/\/presspad.pl\/blog\/wp-json\/wp\/v2\/media\/9173"}],"wp:attachment":[{"href":"https:\/\/presspad.pl\/blog\/wp-json\/wp\/v2\/media?parent=9618"}],"wp:term":[{"taxonomy":"category","embeddable":true,"href":"https:\/\/presspad.pl\/blog\/wp-json\/wp\/v2\/categories?post=9618"},{"taxonomy":"post_tag","embeddable":true,"href":"https:\/\/presspad.pl\/blog\/wp-json\/wp\/v2\/tags?post=9618"}],"curies":[{"name":"wp","href":"https:\/\/api.w.org\/{rel}","templated":true}]}}